{"id":155513,"date":"2025-10-03T21:21:08","date_gmt":"2025-10-03T21:21:08","guid":{"rendered":"https:\/\/www.europesays.com\/es\/155513\/"},"modified":"2025-10-03T21:21:08","modified_gmt":"2025-10-03T21:21:08","slug":"mi-pregon-durara-el-tiempo-justo-para-que-salgamos-con-ganas-de-ver-pasos","status":"publish","type":"post","link":"https:\/\/www.europesays.com\/es\/155513\/","title":{"rendered":"\u00abMi preg\u00f3n durar\u00e1 el tiempo justo para que salgamos con ganas de ver pasos\u00bb"},"content":{"rendered":"<p>03\/10\/2025<br \/>\n<br \/><strong><br \/>\nActualizado a las 21:09h.<br \/>\n<\/strong><\/p>\n<p class=\"voc-p\" style=\"\">Aunque llevaba a\u00f1os en la terna de candidatos para subir al atril del Teatro de la Maestranza, <strong>Jos\u00e9 Antonio Rodr\u00edguez<\/strong> llegaba a la sede del Consejo de Cofrad\u00edas visiblemente emocionado, nervioso y asegurando que cre\u00eda que nunca dar\u00eda el <a href=\"https:\/\/www.abc.es\/sevilla\/pasionensevilla\/noticias-semana-santa-sevilla\/jose-antonio-rodriguez-pregonero-semana-santa-sevilla-20251003132859-nts.html\" target=\"_self\" data-voc-vtm-id=\"in-text-traffic\" title=\"Preg\u00f3n de la Semana Santa de Sevilla\" data-mrf-link=\"www.abc.es\" rel=\"nofollow noopener\">Preg\u00f3n de la Semana Santa de Sevilla<\/a>. Lo hac\u00eda en compa\u00f1\u00eda de sus padres y sus hermanos, <strong>toda la familia arropando al pregonero de 2026<\/strong> apenas una hora despu\u00e9s de que se anunciase su nombramiento en la tarde de este viernes 4 de octubre de 2025.<\/p>\n<p class=\"voc-p\" style=\"\">\u00abHoy es un d\u00eda muy importante y emotivo. Jos\u00e9 Antonio es alguien que desde hace mucho tiempo merec\u00eda ocupar el atril de la Maestranza\u00bb, afirmaba convencido al inicio de la rueda de prensa el presidente del Consejo, <strong>Francisco V\u00e9lez<\/strong>, que tambi\u00e9n asegur\u00f3 que \u00abpara m\u00ed <strong>era una asignatura pendiente que diera el preg\u00f3n<\/strong>\u00bb. Una elecci\u00f3n que llega en el \u00faltimo a\u00f1o de V\u00e9lez al frente de la instituci\u00f3n: \u00abEstoy seguro de que me ir\u00e9 satisfecho\u00bb.<\/p>\n<p class=\"voc-p\" style=\"\">Jos\u00e9 Antonio Rodr\u00edguez agradeci\u00f3 al Consejo, donde se siente \u00abcomo en casa\u00bb, la confianza: \u00ab<strong>Esto me cambia la vida<\/strong>. El preg\u00f3n cambia a cualquiera. Es un encargo que jam\u00e1s pens\u00e9 que me podr\u00eda pasar a m\u00ed por muchos motivos y tengo una alegr\u00eda inmensa\u00bb. Tambi\u00e9n reflexion\u00f3 sobre la edad con la que le ha llegado el nombramiento, m\u00e1s joven que a otros pregoneros: \u00abNormalmente le llega a la gente en una \u00e9poca madura, de relajaci\u00f3n, de conocimiento, de bagaje. No es lo com\u00fan que alguien que tiene media vida para escribir lo d\u00e9. Yo voy a tener <strong>la suerte que no han tenido muchos pregoneros<\/strong>: que mis padres est\u00e9n, si Dios quiere, ese d\u00eda en primera fila en el Maestranza\u00bb.<\/p>\n<p class=\"voc-p\" style=\"\">La designaci\u00f3n del periodista y colaborador de ABC y Pasi\u00f3n en Sevilla como pregonero de la pr\u00f3xima Semana Santa ha coincidido con el d\u00eda del primer traslado de la <strong>Esperanza de Triana con motivo de su misi\u00f3n<\/strong>, en la v\u00edspera de su llegada al Pol\u00edgono Sur. Rodr\u00edguez, fuertemente vinculado a la corporaci\u00f3n trianera y costalero del Cristo de las Tres Ca\u00eddas, se refiri\u00f3 a ello como \u00ab<strong>un regalo de la Virgen<\/strong> no a la hermandad, sino a m\u00ed, y lo voy a aprovechar\u00bb. Se\u00f1al\u00f3 que \u00abuna de las primeras cosas en las que he ca\u00eddo es que el a\u00f1o de la coronaci\u00f3n, 1984, el preg\u00f3n lo dio Vicente Acosta, el vigente hermano mayor, y desde entonces no pasaba algo tan especial para la hermandad. Voy a tener los vellos de punta casi todo el tiempo, pero es algo que me ilusiona m\u00e1s de lo que me preocupa\u00bb.<\/p>\n<p class=\"voc-title\">\u00abEl tronco familiar de mi padre es muy macareno, y yo a la Macarena le debo muchas cosas\u00bb<\/p>\n<p class=\"voc-article-position__name\">Jos\u00e9 Antonio Rodr\u00edguez<\/p>\n<p class=\"voc-article-position__employ\">Pregonero de la Semana Santa de Sevilla de 2026<\/p>\n<p class=\"voc-p\" style=\"\">Pese a ello, el cofrade y hermano de la Esperanza, la Bofet\u00e1, la Estrella y la Pastora de Triana asegur\u00f3 que \u00abno me va a costar nada salir de Triana para dar el preg\u00f3n. Yo no soy localista de mi barrio, porque para empezar soy de pueblo, soy de Gines. Mi bisabuelo s\u00ed que era gitano de la Cava, pero el tronco familiar de mi padre es muy macareno\u00bb. En ese sentido, dijo rotundamente que \u00ab<strong>yo a la Macarena le debo muchas cosas<\/strong>, y saldr\u00e9 de Triana las veces que haga falta\u00bb. Por motivos de su trabajo en la comunicaci\u00f3n institucional, viaja mucho, hasta el punto de que \u00ab<strong>el preg\u00f3n lo voy a empezar a escribir en Almer\u00eda<\/strong>, y lo voy a ir escribiendo mientras viajo de un lado a otro. Va a ser muy regional\u00bb.<\/p>\n<p>\nM\u00fasica y duraci\u00f3n del preg\u00f3n\n<\/p>\n<p class=\"voc-p\" style=\"\">S\u00ed que barri\u00f3 para casa Jos\u00e9 Antonio en lo relativo al aspecto musical, orientando los pentragramas hacia el barrio de Triana: \u00ab<strong>La marcha creo que tirar\u00e1 para la Esperanza de Triana<\/strong>, porque es mi hermandad de cabecera, aunque tambi\u00e9n tengo en mente la marcha de Jos\u00e9 de la Vega dedicada a Santa Ana que se estren\u00f3 cuando di el Preg\u00f3n de las Glorias y que no ha vuelto a sonar desde entonces\u00bb. Sea como fuere, lo que tiene claro el pregonero es que no va a tratar de parecerse a nadie, sino ser fiel a su estilo, algo que afronta con humildad: \u00ab<strong>Me gusta mucho la poes\u00eda popular, pero yo no soy poeta<\/strong>. Y soy consciente de la calidad del verso que aqu\u00ed se escribe. Voy a mostrarme tal y como ustedes me conoc\u00e9is, no me voy a revestir de nada ni voy a intentar imitar a nadie, porque s\u00e9 que no voy a llegar\u00bb.<\/p>\n<p class=\"voc-p\" style=\"\">Respecto a otra de las grandes preguntas que siempre surgen en torno al preg\u00f3n, se\u00f1al\u00f3 que <strong>\u00abcomo periodista me he educado en los tiempos cortos\u00bb<\/strong>, es decir, que no pretende un preg\u00f3n maratoniano que se exceda m\u00e1s de lo necesario. \u00abDurar\u00e1 el tiempo justo, el necesario para que yo disfrute y disfrutemos todos, y para que salgamos del teatro con ganas de ver pasos\u00bb. Ya queda menos para que eso ocurra cuando el pregonero suba al atril en la ma\u00f1ana del domingo 22 de marzo, a tan s\u00f3lo una semana de que vuelva a ser Domingo de Ramos en Sevilla.<\/p>\n<p>Reportar un error<\/p>\n","protected":false},"excerpt":{"rendered":"03\/10\/2025 Actualizado a las 21:09h. Aunque llevaba a\u00f1os en la terna de candidatos para subir al atril del&hellip;\n","protected":false},"author":2,"featured_media":155514,"comment_status":"","ping_status":"","sticky":false,"template":"","format":"standard","meta":{"footnotes":""},"categories":[8],"tags":[1247,17,18,25,24,13,14,11,2467,19,20,9,10,15,16,416,23,12,21,22],"class_list":{"0":"post-155513","1":"post","2":"type-post","3":"status-publish","4":"format-standard","5":"has-post-thumbnail","7":"category-espana","8":"tag-antonio","9":"tag-breaking-news","10":"tag-breakingnews","11":"tag-es","12":"tag-espana","13":"tag-featured-news","14":"tag-featurednews","15":"tag-headlines","16":"tag-jose","17":"tag-latest-news","18":"tag-latestnews","19":"tag-news","20":"tag-noticias","21":"tag-noticias-destacadas","22":"tag-noticiasdestacadas","23":"tag-rodriguez","24":"tag-spain","25":"tag-titulares","26":"tag-ultimas-noticias","27":"tag-ultimasnoticias"},"share_on_mastodon":{"url":"","error":""},"_links":{"self":[{"href":"https:\/\/www.europesays.com\/es\/wp-json\/wp\/v2\/posts\/155513","targetHints":{"allow":["GET"]}}],"collection":[{"href":"https:\/\/www.europesays.com\/es\/wp-json\/wp\/v2\/posts"}],"about":[{"href":"https:\/\/www.europesays.com\/es\/wp-json\/wp\/v2\/types\/post"}],"author":[{"embeddable":true,"href":"https:\/\/www.europesays.com\/es\/wp-json\/wp\/v2\/users\/2"}],"replies":[{"embeddable":true,"href":"https:\/\/www.europesays.com\/es\/wp-json\/wp\/v2\/comments?post=155513"}],"version-history":[{"count":0,"href":"https:\/\/www.europesays.com\/es\/wp-json\/wp\/v2\/posts\/155513\/revisions"}],"wp:featuredmedia":[{"embeddable":true,"href":"https:\/\/www.europesays.com\/es\/wp-json\/wp\/v2\/media\/155514"}],"wp:attachment":[{"href":"https:\/\/www.europesays.com\/es\/wp-json\/wp\/v2\/media?parent=155513"}],"wp:term":[{"taxonomy":"category","embeddable":true,"href":"https:\/\/www.europesays.com\/es\/wp-json\/wp\/v2\/categories?post=155513"},{"taxonomy":"post_tag","embeddable":true,"href":"https:\/\/www.europesays.com\/es\/wp-json\/wp\/v2\/tags?post=155513"}],"curies":[{"name":"wp","href":"https:\/\/api.w.org\/{rel}","templated":true}]}}