{"id":155515,"date":"2025-10-03T21:22:08","date_gmt":"2025-10-03T21:22:08","guid":{"rendered":"https:\/\/www.europesays.com\/es\/155515\/"},"modified":"2025-10-03T21:22:08","modified_gmt":"2025-10-03T21:22:08","slug":"el-padre-guilherme-conversa-con-los-jovenes-sobre-su-particular-trayectoria-musical-en-el-auditorio-de-zaragoza-princesa-leonor","status":"publish","type":"post","link":"https:\/\/www.europesays.com\/es\/155515\/","title":{"rendered":"El Padre Guilherme conversa con los j\u00f3venes sobre su particular trayectoria musical en el Auditorio de Zaragoza Princesa Leonor"},"content":{"rendered":"<p>      Cuerpo de la noticia<\/p>\n<p>La condici\u00f3n de fen\u00f3meno musical entre la juventud, del padre Guilherme, sacerdote y Dj, mantiene una gran atracci\u00f3n del p\u00fablico aficionado a las sesiones electr\u00f3nicas. Antes del concierto que ofrece en la Plaza del Pilar este viernes, un recital \u00fanico, el Ayuntamiento de Zaragoza ha querido ofrecer al p\u00fablico un di\u00e1logo\u00a0para conocer m\u00e1s de cerca su historia contada en primera persona, un evento que ha cerrado con un agradecimiento de la alcaldesa Natalia Chueca. Un grupo de asistentes j\u00f3venes\u00a0han lanzado diferentes preguntas, centradas especialmente en el plano art\u00edstico y en la relaci\u00f3n entre modernidad y tradici\u00f3n.\u00a0<\/p>\n<p>Durante la clausura del acto,Natalia Chueca ha recordado que \u00abnos gusta apostar por la m\u00fasica de calidad, por la cultura que suma, por experiencias que, como la de hoy, nos ense\u00f1an que el ocio y los valores cat\u00f3licos no est\u00e1n re\u00f1idos.El Padre Guilherme nos demuestra que, desde cualquier \u00e1mbito \u2014ya sea un altar, un escenario o una mesa de\u00a0mezclas\u2014 cada uno tiene algo que aportar a los dem\u00e1s.\u00a0Que se puede ser sacerdote y DJ, militar y pacificador,\u00a0referente espiritual y referente musical.\u00a0Entender\u00e9is por qu\u00e9 desde el Ayuntamiento de Zaragoza\u00a0hemos apostado por comenzar las Fiestas del Pilar organizando esta sesi\u00f3n con el Padre Guilherme\u00bb.<\/p>\n<p>A trav\u00e9s de cuestiones como el origen de su gusto por la m\u00fasica, sus primeros pasos en la m\u00fasica electr\u00f3nica, su sesi\u00f3n ante 1,5 millones de personas en la Jornada Mundial de la Juventud de Lisboa en el 2023, los mensajes que se integran en sus espect\u00e1culos, su participaci\u00f3n en el Medusa Festival o el hecho de actuar en la Plaza del Pilar, ha ido desgranando historias que han descrito su punto de vista acerca de esta v\u00eda para acercar sus consejos a los j\u00f3venes.\u00a0<br \/>El v\u00ednculo del Padre Guilherme con la m\u00fasica surgi\u00f3 de manera natural en su juventud, cuando comenz\u00f3 a animar encuentros comunitarios y parroquiales. Al principio se dedic\u00f3 a ofrecer karaokes y peque\u00f1as fiestas ben\u00e9ficas para recaudar fondos, lo que consigui\u00f3 conectarlo con la gente a trav\u00e9s del ritmo y la energ\u00eda compartida. En esos primeros escenarios descubri\u00f3 la fuerza de la m\u00fasica como herramienta de uni\u00f3n y celebraci\u00f3n, un hallazgo que marc\u00f3 su camino posterior.<br \/>Su curiosidad lo llev\u00f3 a experimentar con distintos estilos, desde el rock hasta la electr\u00f3nica, y a interesarse por el mundo del DJ de forma m\u00e1s seria. El entretenimiento comunitario evolucion\u00f3 hacia una vocaci\u00f3n art\u00edstica que aprendi\u00f3 a compaginar con su labor sacerdotal. As\u00ed dio los primeros pasos en una trayectoria musical que, con autenticidad y constancia, le ha abierto las puertas de algunos de los escenarios m\u00e1s privilegiados del mundo.\u00a0<\/p>\n","protected":false},"excerpt":{"rendered":"Cuerpo de la noticia La condici\u00f3n de fen\u00f3meno musical entre la juventud, del padre Guilherme, sacerdote y Dj,&hellip;\n","protected":false},"author":2,"featured_media":155516,"comment_status":"","ping_status":"","sticky":false,"template":"","format":"standard","meta":{"footnotes":""},"categories":[5],"tags":[17,18,25,24,13,14,11,19,20,9,10,15,16,23,12,21,22],"class_list":{"0":"post-155515","1":"post","2":"type-post","3":"status-publish","4":"format-standard","5":"has-post-thumbnail","7":"category-titulares","8":"tag-breaking-news","9":"tag-breakingnews","10":"tag-es","11":"tag-espana","12":"tag-featured-news","13":"tag-featurednews","14":"tag-headlines","15":"tag-latest-news","16":"tag-latestnews","17":"tag-news","18":"tag-noticias","19":"tag-noticias-destacadas","20":"tag-noticiasdestacadas","21":"tag-spain","22":"tag-titulares","23":"tag-ultimas-noticias","24":"tag-ultimasnoticias"},"share_on_mastodon":{"url":"","error":""},"_links":{"self":[{"href":"https:\/\/www.europesays.com\/es\/wp-json\/wp\/v2\/posts\/155515","targetHints":{"allow":["GET"]}}],"collection":[{"href":"https:\/\/www.europesays.com\/es\/wp-json\/wp\/v2\/posts"}],"about":[{"href":"https:\/\/www.europesays.com\/es\/wp-json\/wp\/v2\/types\/post"}],"author":[{"embeddable":true,"href":"https:\/\/www.europesays.com\/es\/wp-json\/wp\/v2\/users\/2"}],"replies":[{"embeddable":true,"href":"https:\/\/www.europesays.com\/es\/wp-json\/wp\/v2\/comments?post=155515"}],"version-history":[{"count":0,"href":"https:\/\/www.europesays.com\/es\/wp-json\/wp\/v2\/posts\/155515\/revisions"}],"wp:featuredmedia":[{"embeddable":true,"href":"https:\/\/www.europesays.com\/es\/wp-json\/wp\/v2\/media\/155516"}],"wp:attachment":[{"href":"https:\/\/www.europesays.com\/es\/wp-json\/wp\/v2\/media?parent=155515"}],"wp:term":[{"taxonomy":"category","embeddable":true,"href":"https:\/\/www.europesays.com\/es\/wp-json\/wp\/v2\/categories?post=155515"},{"taxonomy":"post_tag","embeddable":true,"href":"https:\/\/www.europesays.com\/es\/wp-json\/wp\/v2\/tags?post=155515"}],"curies":[{"name":"wp","href":"https:\/\/api.w.org\/{rel}","templated":true}]}}