{"id":155517,"date":"2025-10-03T21:23:23","date_gmt":"2025-10-03T21:23:23","guid":{"rendered":"https:\/\/www.europesays.com\/es\/155517\/"},"modified":"2025-10-03T21:23:23","modified_gmt":"2025-10-03T21:23:23","slug":"doble-sesion-en-el-palau","status":"publish","type":"post","link":"https:\/\/www.europesays.com\/es\/155517\/","title":{"rendered":"doble sesi\u00f3n en el Palau"},"content":{"rendered":"<p>El Bar\u00e7a no tendr\u00e1 tiempo para resacas tras el Mundial. Los azulgranas vuelven este s\u00e1bado (17h, LaLiga+) a la Liga Nexus Asobal, menos de 48 horas despu\u00e9s de la victoria en Egipto, recibiendo al Frigor\u00edficos del Morrazo Cangas.<\/p>\n<p>Adem\u00e1s, el s\u00e1bado de Palau se rematar\u00e1 con la presentaci\u00f3n de la base y con el Bar\u00e7a Atl\u00e8tic-Agustinos (19.30h), de la Divisi\u00f3n de Honor Plata.<\/p>\n<p>El equipo de Carlos Ortega ofrecer\u00e1 el trofeo del Mundial de Clubes en la previa del partido, a\u00fan con las emociones a flor de piel. La entrada para el Bar\u00e7a-Cangas ser\u00e1 tambi\u00e9n v\u00e1lida para el duelo del Bar\u00e7a Atl\u00e8tic.<\/p>\n<p>El Frigor\u00edficos del Morrazo llegar\u00e1 al Palau con mucho m\u00e1s descanso y con confianza, tras conseguir el primer triunfo de la temporada el pasado s\u00e1bado, ante el Bada Huesca (32-27).<\/p>\n<p>El equipo gallego ha cambiado de entrenador este verano, con la incorporaci\u00f3n de Quique Dom\u00ednguez, y ha renovado bastante su plantilla. En el inicio de temporada han sobresalido los primera l\u00ednea Manuel P\u00e9rez y Santi L\u00f3pez, adem\u00e1s de los extremos Nicolo d&#8217;Antino y Arnau Fern\u00e1ndez, con pasado azulgrana.<\/p>\n<p>El Bar\u00e7a, por su parte, tratar\u00e1 de reanudar la Liga tal y como la dej\u00f3 hace dos semanas, con victoria. Los azulgranas est\u00e1n ahora mismo cuartos en la clasificaci\u00f3n, con un partido menos a causa del Mundial, y cuentan sus dos primeros compromisos por triunfos.<\/p>\n<p>Carlos Ortega har\u00e1 rotaciones en la convocatoria, para tratar de administrar minutos de unos jugadores cargados de partidos. El Bar\u00e7a ha jugado cinco en los \u00faltimos 8 d\u00edas y el calendario no dar\u00e1 descanso.<\/p>\n","protected":false},"excerpt":{"rendered":"El Bar\u00e7a no tendr\u00e1 tiempo para resacas tras el Mundial. Los azulgranas vuelven este s\u00e1bado (17h, LaLiga+) a&hellip;\n","protected":false},"author":2,"featured_media":155518,"comment_status":"","ping_status":"","sticky":false,"template":"","format":"standard","meta":{"footnotes":""},"categories":[278],"tags":[376,168,25,24,375,23,167,2288],"class_list":{"0":"post-155517","1":"post","2":"type-post","3":"status-publish","4":"format-standard","5":"has-post-thumbnail","7":"category-balonmano","8":"tag-balonmano","9":"tag-deportes","10":"tag-es","11":"tag-espana","12":"tag-handball","13":"tag-spain","14":"tag-sports","15":"tag-text"},"share_on_mastodon":{"url":"","error":""},"_links":{"self":[{"href":"https:\/\/www.europesays.com\/es\/wp-json\/wp\/v2\/posts\/155517","targetHints":{"allow":["GET"]}}],"collection":[{"href":"https:\/\/www.europesays.com\/es\/wp-json\/wp\/v2\/posts"}],"about":[{"href":"https:\/\/www.europesays.com\/es\/wp-json\/wp\/v2\/types\/post"}],"author":[{"embeddable":true,"href":"https:\/\/www.europesays.com\/es\/wp-json\/wp\/v2\/users\/2"}],"replies":[{"embeddable":true,"href":"https:\/\/www.europesays.com\/es\/wp-json\/wp\/v2\/comments?post=155517"}],"version-history":[{"count":0,"href":"https:\/\/www.europesays.com\/es\/wp-json\/wp\/v2\/posts\/155517\/revisions"}],"wp:featuredmedia":[{"embeddable":true,"href":"https:\/\/www.europesays.com\/es\/wp-json\/wp\/v2\/media\/155518"}],"wp:attachment":[{"href":"https:\/\/www.europesays.com\/es\/wp-json\/wp\/v2\/media?parent=155517"}],"wp:term":[{"taxonomy":"category","embeddable":true,"href":"https:\/\/www.europesays.com\/es\/wp-json\/wp\/v2\/categories?post=155517"},{"taxonomy":"post_tag","embeddable":true,"href":"https:\/\/www.europesays.com\/es\/wp-json\/wp\/v2\/tags?post=155517"}],"curies":[{"name":"wp","href":"https:\/\/api.w.org\/{rel}","templated":true}]}}