{"id":155519,"date":"2025-10-03T21:24:15","date_gmt":"2025-10-03T21:24:15","guid":{"rendered":"https:\/\/www.europesays.com\/es\/155519\/"},"modified":"2025-10-03T21:24:15","modified_gmt":"2025-10-03T21:24:15","slug":"el-congreso-debate-la-ilp-antitaurina-el-martes","status":"publish","type":"post","link":"https:\/\/www.europesays.com\/es\/155519\/","title":{"rendered":"El Congreso debate la ILP antitaurina el martes"},"content":{"rendered":"<p>El Pleno del <a title=\"Congreso de los Diputados\" href=\"https:\/\/www.larazon.es\/tags\/congreso-de-los-diputados\/\" target=\"_blank\" rel=\"nofollow noopener\">Congreso de los Diputados<\/a> debatir\u00e1 y votar\u00e1 el martes 7 de octubre la toma en consideraci\u00f3n de una <a title=\"Iniciativa Legislativa Popular (ILP)\" href=\"https:\/\/www.larazon.es\/cultura\/toros\/psoe-paso-tramite-ilp-antitaurina_2025092468d3ae6da499145961664cf9.html\" target=\"_blank\" rel=\"nofollow noopener\">Iniciativa Legislativa Popular (ILP)<\/a> que propone derogar la Ley 18\/2013, que declara la tauromaquia patrimonio cultural de Espa\u00f1a<b>. Impulsada por unas 200 asociaciones animalistas bajo el lema \u00abNo es mi cultura\u00bb, <\/b>la propuesta se registr\u00f3 en febrero tras reunir m\u00e1s de 700.000 firmas. La intenci\u00f3n de los promotores es retirar esa protecci\u00f3n y devolver a las comunidades aut\u00f3nomas la competencia exclusiva sobre los espect\u00e1culos taurinos, abriendo la puerta a su prohibici\u00f3n.<\/p>\n<p><b>El debate, que se celebrar\u00e1 en el <a title=\"Congreso\" href=\"https:\/\/www.larazon.es\/tags\/congreso-de-los-diputados\/\" target=\"_blank\" rel=\"nofollow noopener\">Congreso<\/a> a las 15:00 horas, <\/b>cuenta con una notable carga ideol\u00f3gica y una visible divisi\u00f3n pol\u00edtica. PP y Vox ya han expresado su rotunda oposici\u00f3n a la iniciativa, mientras que el PSOE mantiene una postura ambigua, abierta al di\u00e1logo y favorable a revisar el reparto competencial, aunque sin posicionarse todav\u00eda claramente. Por el contrario, formaciones como Sumar, Podemos, ERC, Junts, Bildu y otras fuerzas afines al Gobierno han mostrado su apoyo expreso a la <a title=\"ILP\" href=\"https:\/\/www.larazon.es\/cultura\/toros\/psoe-paso-tramite-ilp-antitaurina_2025092468d3ae6da499145961664cf9.html\" target=\"_blank\" rel=\"nofollow noopener\">ILP<\/a>, al tiempo que intentan asociar la tauromaquia a discursos de extrema derecha, desconociendo la realidad cultural y social que representa.<\/p>\n<p><b>La ley vigente obliga a todas las administraciones a garantizar la protecci\u00f3n del arte del toreo, considerado parte del patrimonio inmaterial de Espa\u00f1a. <\/b>Su derogaci\u00f3n implicar\u00eda un retroceso en los derechos culturales, adem\u00e1s de dejar en situaci\u00f3n de indefensi\u00f3n a un sector que genera empleo, cultura y es un importante motor econ\u00f3mico a todos los niveles.<\/p>\n<p>El sector taurino recuerda que la tauromaquia no solo es un espect\u00e1culo, sino una expresi\u00f3n cultural con siglos de historia, declarada patrimonio cultural por amplia mayor\u00eda parlamentaria. <b>Destaca su impacto econ\u00f3mico en zonas rurales, su valor ecol\u00f3gico para la cr\u00eda del toro bravo y su papel como se\u00f1a de identidad<\/b> compartida por millones de aficionados en toda Espa\u00f1a, m\u00e1s all\u00e1 de ideolog\u00edas.<\/p>\n","protected":false},"excerpt":{"rendered":"El Pleno del Congreso de los Diputados debatir\u00e1 y votar\u00e1 el martes 7 de octubre la toma en&hellip;\n","protected":false},"author":2,"featured_media":155520,"comment_status":"","ping_status":"","sticky":false,"template":"","format":"standard","meta":{"footnotes":""},"categories":[277],"tags":[373,168,25,24,23,167,374],"class_list":{"0":"post-155519","1":"post","2":"type-post","3":"status-publish","4":"format-standard","5":"has-post-thumbnail","7":"category-toreo","8":"tag-bullfighting","9":"tag-deportes","10":"tag-es","11":"tag-espana","12":"tag-spain","13":"tag-sports","14":"tag-toreo"},"share_on_mastodon":{"url":"","error":""},"_links":{"self":[{"href":"https:\/\/www.europesays.com\/es\/wp-json\/wp\/v2\/posts\/155519","targetHints":{"allow":["GET"]}}],"collection":[{"href":"https:\/\/www.europesays.com\/es\/wp-json\/wp\/v2\/posts"}],"about":[{"href":"https:\/\/www.europesays.com\/es\/wp-json\/wp\/v2\/types\/post"}],"author":[{"embeddable":true,"href":"https:\/\/www.europesays.com\/es\/wp-json\/wp\/v2\/users\/2"}],"replies":[{"embeddable":true,"href":"https:\/\/www.europesays.com\/es\/wp-json\/wp\/v2\/comments?post=155519"}],"version-history":[{"count":0,"href":"https:\/\/www.europesays.com\/es\/wp-json\/wp\/v2\/posts\/155519\/revisions"}],"wp:featuredmedia":[{"embeddable":true,"href":"https:\/\/www.europesays.com\/es\/wp-json\/wp\/v2\/media\/155520"}],"wp:attachment":[{"href":"https:\/\/www.europesays.com\/es\/wp-json\/wp\/v2\/media?parent=155519"}],"wp:term":[{"taxonomy":"category","embeddable":true,"href":"https:\/\/www.europesays.com\/es\/wp-json\/wp\/v2\/categories?post=155519"},{"taxonomy":"post_tag","embeddable":true,"href":"https:\/\/www.europesays.com\/es\/wp-json\/wp\/v2\/tags?post=155519"}],"curies":[{"name":"wp","href":"https:\/\/api.w.org\/{rel}","templated":true}]}}