{"id":155521,"date":"2025-10-03T21:29:07","date_gmt":"2025-10-03T21:29:07","guid":{"rendered":"https:\/\/www.europesays.com\/es\/155521\/"},"modified":"2025-10-03T21:29:07","modified_gmt":"2025-10-03T21:29:07","slug":"ifema-admite-un-riesgo-de-270-millones-en-sus-cuentas-por-la-organizacion-de-la-formula-1","status":"publish","type":"post","link":"https:\/\/www.europesays.com\/es\/155521\/","title":{"rendered":"Ifema admite un riesgo de 270 millones en sus cuentas por la organizaci\u00f3n de la F\u00f3rmula 1"},"content":{"rendered":"<p class=\"article-text\">\n        Ifema ha cuantificado en un informe los \u201criesgos\u201d que conlleva para la instituci\u00f3n montar el Gran Premio de Espa\u00f1a de F\u00f3rmula 1 a partir del a\u00f1o que viene. Seg\u00fan su balance de cuentas a 31 de diciembre de 2024, el consorcio calcula un posible impacto negativo a sus cuentas que se puede elevar hasta los 270.362.597 euros si se produjera alg\u00fan tipo de incumplimiento en el contrato firmado con la organizaci\u00f3n de las carreras.\n    <\/p>\n<p class=\"article-text\">\n        El informe, al que ha tenido acceso este medio, analiza el impacto que para su balance econ\u00f3mico podr\u00eda tener la acogida del evento automovil\u00edstico. El dato es el \u00fanico que se desprende del contrato firmado entre Ifema y las sociedades Formula One Marketing Limited y Formula One World Championship Limited, que no ha sido hecho p\u00fablico y que este consorcio p\u00fablico-privado tampoco ha mostrado ni a los medios de comunicaci\u00f3n ni a los partidos de la oposici\u00f3n. La entidad madrile\u00f1a solo indica que el acuerdo implica \u201cel cumplimiento de determinadas obligaciones\u201d, como la construcci\u00f3n del circuito.\n    <\/p>\n","protected":false},"excerpt":{"rendered":"Ifema ha cuantificado en un informe los \u201criesgos\u201d que conlleva para la instituci\u00f3n montar el Gran Premio de&hellip;\n","protected":false},"author":2,"featured_media":155522,"comment_status":"","ping_status":"","sticky":false,"template":"","format":"standard","meta":{"footnotes":""},"categories":[270],"tags":[3099,46620,6818,10305,168,25,24,306,3098,271,272,3100,4724,14035,1288,23,167],"class_list":{"0":"post-155521","1":"post","2":"type-post","3":"status-publish","4":"format-standard","5":"has-post-thumbnail","7":"category-formula-1","8":"tag-3099","9":"tag-46620","10":"tag-admite","11":"tag-cuentas","12":"tag-deportes","13":"tag-es","14":"tag-espana","15":"tag-f1","16":"tag-formula","17":"tag-formula-1","18":"tag-formula1","19":"tag-ifema","20":"tag-millones","21":"tag-organizacion","22":"tag-riesgo","23":"tag-spain","24":"tag-sports"},"share_on_mastodon":{"url":"","error":""},"_links":{"self":[{"href":"https:\/\/www.europesays.com\/es\/wp-json\/wp\/v2\/posts\/155521","targetHints":{"allow":["GET"]}}],"collection":[{"href":"https:\/\/www.europesays.com\/es\/wp-json\/wp\/v2\/posts"}],"about":[{"href":"https:\/\/www.europesays.com\/es\/wp-json\/wp\/v2\/types\/post"}],"author":[{"embeddable":true,"href":"https:\/\/www.europesays.com\/es\/wp-json\/wp\/v2\/users\/2"}],"replies":[{"embeddable":true,"href":"https:\/\/www.europesays.com\/es\/wp-json\/wp\/v2\/comments?post=155521"}],"version-history":[{"count":0,"href":"https:\/\/www.europesays.com\/es\/wp-json\/wp\/v2\/posts\/155521\/revisions"}],"wp:featuredmedia":[{"embeddable":true,"href":"https:\/\/www.europesays.com\/es\/wp-json\/wp\/v2\/media\/155522"}],"wp:attachment":[{"href":"https:\/\/www.europesays.com\/es\/wp-json\/wp\/v2\/media?parent=155521"}],"wp:term":[{"taxonomy":"category","embeddable":true,"href":"https:\/\/www.europesays.com\/es\/wp-json\/wp\/v2\/categories?post=155521"},{"taxonomy":"post_tag","embeddable":true,"href":"https:\/\/www.europesays.com\/es\/wp-json\/wp\/v2\/tags?post=155521"}],"curies":[{"name":"wp","href":"https:\/\/api.w.org\/{rel}","templated":true}]}}