{"id":155523,"date":"2025-10-03T21:30:20","date_gmt":"2025-10-03T21:30:20","guid":{"rendered":"https:\/\/www.europesays.com\/es\/155523\/"},"modified":"2025-10-03T21:30:20","modified_gmt":"2025-10-03T21:30:20","slug":"vitor-faverani-y-un-talento-que-escapa-de-la-sospecha","status":"publish","type":"post","link":"https:\/\/www.europesays.com\/es\/155523\/","title":{"rendered":"V\u00edtor Faverani y un talento que escapa de la sospecha"},"content":{"rendered":"<p><a class=\"v-mdl-ath__fig-a\" href=\"https:\/\/www.laverdad.es\/autor\/emilio-sanchez-bolea-4245.html\" title=\"Emilio S\u00e1nchez-Bolea\" rel=\"nofollow noopener\" target=\"_blank\"><br \/>\n<img decoding=\"async\" class=\"v-mdl-ath__img\" src=\"https:\/\/www.europesays.com\/es\/wp-content\/uploads\/2025\/08\/1756359733_994_autor-4245-foto-2.png\" alt=\"Emilio S\u00e1nchez-Bolea\"\/><br \/>\n<\/a><\/p>\n<p class=\"v-mdl-ath__p v-mdl-ath__p--6\">\nMartes, 30 de septiembre 2025, 00:05<\/p>\n<p class=\"v-p\">Inspirado estuvo ese d\u00eda aquel que fue el primero en decir eso de que el talento siempre est\u00e1 bajo sospecha. La carrera de <a href=\"https:\/\/www.laverdad.es\/deportes\/baloncesto\/pude-venir-aportare-ilusion-experiencia-caesa-cartagena-20250925211322-nt.html\" data-voc-vtm-id=\"in-text-traffic\" title=\"V\u00edtor Faverani\" data-mrf-link=\"www.laverdad.es\" rel=\"nofollow noopener\" target=\"_blank\">V\u00edtor Faverani<\/a> siempre se ha movido bajo ese recelo, pero ah\u00ed sigue este exNBA brasile\u00f1o, que con 37 a\u00f1os sigue gan\u00e1ndole la batalla a tant\u00edsimo negro sobre blanco escrito sobre \u00e9l, empezando por aquella psic\u00f3loga que le dio 20 a\u00f1os de vida cuando a\u00fan era un ni\u00f1o.<\/p>\n<p class=\"v-p\">En uno de los fichajes m\u00e1s sorprendentes de este verano, el Caesa Cartagena anunci\u00f3 su contrataci\u00f3n para liderar esta segunda temporada cartagenera en la Primera FEB. Era la <a href=\"https:\/\/www.laverdad.es\/deportes\/baloncesto\/caesa-cartagena-cierra-plantilla-nba-victor-faverani-20250903115710-nt.html\" data-voc-vtm-id=\"in-text-traffic\" title=\"vuelta de Faverani\" data-mrf-link=\"www.laverdad.es\" rel=\"nofollow noopener\" target=\"_blank\">vuelta de Faverani<\/a> a la categor\u00eda catorce a\u00f1os despu\u00e9s, seis desde que dej\u00f3 el baloncesto espa\u00f1ol, habiendo pasado las \u00faltimas cuatro temporadas en Brasil, donde volvi\u00f3 a jugar cuando tres cursos en blanco le ten\u00edan semiretirado, y a donde regresaba desde que en 2005 march\u00f3 como junior a la cantera del Unicaja.<\/p>\n<p>El que tuvo, retuvo<\/p>\n<p class=\"v-p\">Aliciente de una Primera FEB que domin\u00f3 a su antojo en la 2010-11 en que el CB Murcia bati\u00f3 el r\u00e9cord de victorias (30) con \u00e9l como jugador m\u00e1s valorado, su estreno en la trimilenaria contra el Palma amortiz\u00f3 el precio de toda entrada. Ambidiestro maestro del poste bajo, purista de un trabajo de pies de otra \u00e9poca, Faverani volvi\u00f3 a ganar a la sospecha.<\/p>\n<p class=\"v-p\">\u00abLos a\u00f1os pasan para todos, no tengo el f\u00edsico de antes, pero s\u00ed m\u00e1s experiencia\u00bb, dec\u00eda en su presentaci\u00f3n. 12 puntos, 12 rebotes, 17 de valoraci\u00f3n y &#8216;MVP&#8217; cartagenero en la primera victoria para los de F\u00e9lix Alonso.<\/p>\n<p class=\"v-p\">Despu\u00e9s de un verano de desintegraci\u00f3n del grupo del exitoso debut en la categor\u00eda y bastantes dudas acerca de la supervivencia del proyecto, en la ciudad portuaria se relamen de mantener sano y motivado a un Faverani de vuelta en la Regi\u00f3n, donde quiere ser padre. De sus rodillas respetarle, el talento es el mismo de aquel que jug\u00f3 en la NBA, por el que pagaron traspaso equipos de Euroliga y que fue estrella del primer UCAM de &#8216;playoff&#8217;. Ojo.<\/p>\n<p>Reporta un error<\/p>\n","protected":false},"excerpt":{"rendered":"Martes, 30 de septiembre 2025, 00:05 Inspirado estuvo ese d\u00eda aquel que fue el primero en decir eso&hellip;\n","protected":false},"author":2,"featured_media":155524,"comment_status":"","ping_status":"","sticky":false,"template":"","format":"standard","meta":{"footnotes":""},"categories":[269],"tags":[299,298,168,25,36802,24,46621,2931,23,167,16578,25741],"class_list":{"0":"post-155523","1":"post","2":"type-post","3":"status-publish","4":"format-standard","5":"has-post-thumbnail","7":"category-baloncesto","8":"tag-baloncesto","9":"tag-basketball","10":"tag-deportes","11":"tag-es","12":"tag-escapa","13":"tag-espana","14":"tag-faverani","15":"tag-sospecha","16":"tag-spain","17":"tag-sports","18":"tag-talento","19":"tag-vitor"},"share_on_mastodon":{"url":"","error":""},"_links":{"self":[{"href":"https:\/\/www.europesays.com\/es\/wp-json\/wp\/v2\/posts\/155523","targetHints":{"allow":["GET"]}}],"collection":[{"href":"https:\/\/www.europesays.com\/es\/wp-json\/wp\/v2\/posts"}],"about":[{"href":"https:\/\/www.europesays.com\/es\/wp-json\/wp\/v2\/types\/post"}],"author":[{"embeddable":true,"href":"https:\/\/www.europesays.com\/es\/wp-json\/wp\/v2\/users\/2"}],"replies":[{"embeddable":true,"href":"https:\/\/www.europesays.com\/es\/wp-json\/wp\/v2\/comments?post=155523"}],"version-history":[{"count":0,"href":"https:\/\/www.europesays.com\/es\/wp-json\/wp\/v2\/posts\/155523\/revisions"}],"wp:featuredmedia":[{"embeddable":true,"href":"https:\/\/www.europesays.com\/es\/wp-json\/wp\/v2\/media\/155524"}],"wp:attachment":[{"href":"https:\/\/www.europesays.com\/es\/wp-json\/wp\/v2\/media?parent=155523"}],"wp:term":[{"taxonomy":"category","embeddable":true,"href":"https:\/\/www.europesays.com\/es\/wp-json\/wp\/v2\/categories?post=155523"},{"taxonomy":"post_tag","embeddable":true,"href":"https:\/\/www.europesays.com\/es\/wp-json\/wp\/v2\/tags?post=155523"}],"curies":[{"name":"wp","href":"https:\/\/api.w.org\/{rel}","templated":true}]}}