{"id":155526,"date":"2025-10-03T21:34:07","date_gmt":"2025-10-03T21:34:07","guid":{"rendered":"https:\/\/www.europesays.com\/es\/155526\/"},"modified":"2025-10-03T21:34:07","modified_gmt":"2025-10-03T21:34:07","slug":"feria-del-libro-de-flores-para-romper-el-aislamiento-este-sabado-4-en-moron-y-artigas","status":"publish","type":"post","link":"https:\/\/www.europesays.com\/es\/155526\/","title":{"rendered":"Feria del Libro de Flores, para romper el aislamiento | Este s\u00e1bado 4, en Mor\u00f3n y Artigas"},"content":{"rendered":"<p><b> \u201cRompa el aislamiento\u201d.<\/b> Esta consigna de <b>Rodolfo Walsh, <\/b>resituada en la coyuntura argentina, es el lema de la<b> sexta Feria del Libro de Flores, <\/b>uno de los eventos autogestivos m\u00e1s importantes de la ciudad de Buenos Aires, que se realizar\u00e1 este <b>s\u00e1bado 4, de 15 a 21 en Mor\u00f3n y Artigas.<\/b> En la calle, y <b>gratis<\/b>, se reunir\u00e1n <b>m\u00e1s de 200 editoriales.<\/b> En las charlas p\u00fablicas participar\u00e1n la escritora Alejandra Kamiya, el fil\u00f3sofo h\u00fangaro Peter P\u00e1l Pelbart, Dani Zelko, Flavia Costa, Melisa Argento, Jorge Fondebrider, Ver\u00f3nica Gago, Luci Cavallero, Itai Hagman, Natal\u00ed \u201cLa Inca\u201d Incaminato y Lily Galeano. Adem\u00e1s, se montar\u00e1<b> la muestra \u00a1Gaza en la mira!, artistas contra el genocidio,<\/b> curada por Sergio Langer, con obras de Roberto Jacoby, Maitena, Isol y Marcia Schvartz, entre otros.<\/p>\n<p>La<b> m\u00fasica en vivo<\/b> llegar\u00e1 de la mano de <b>Proyecto Gomez Casa, Flopa y La Dinast\u00eda del Ritmo. <\/b>Por primera vez tambi\u00e9n funcionar\u00e1 la <b>pe\u00f1a folkl\u00f3rica La Tempranera del Centro Cultural Roberto Arlt, <\/b>en la esquina de Mor\u00f3n y Bolivia. Por segundo a\u00f1o consecutivo, el espacio cultural <b>Cazona de Flores<\/b> abrir\u00e1 sus puertas para una serie de charlas sobre el mundo de la edici\u00f3n. Adem\u00e1s de los stands de libros, en la calle estar\u00e1n presentes los <b>emprendedores <\/b>de la Feria de Artigas, el Mercado Compa de la Asamblea de Flores y el <b>proyecto agroecol\u00f3gico de Mujeres Trabajadoras de la Tierra.<\/b> La Feria del Libro de Flores est\u00e1 organizada por la editorial Tinta Lim\u00f3n, el Centro de Formaci\u00f3n Profesional 24, La Perif\u00e9rica Distribuidora, Distrito Comix, Divagario y Feria de Artigas.<\/p>\n<p>Diego Picotto, del colectivo editorial Tinta Lim\u00f3n, explica el sentido del lema de esta edici\u00f3n. \u201cRodolfo Walsh utilizaba esa expresi\u00f3n para dar cuenta del aislamiento que impon\u00eda el <b>terrorismo de Estado <\/b>en 1976. Nosotros la retomamos para se\u00f1alar el aislamiento que produce <b>el capitalismo depresivo y autoritario que enfrentamos hoy\u201d,<\/b> compara el editor y docente. \u201cEl escenario actual es parad\u00f3jico: la incomunicaci\u00f3n se agudiza mientras se multiplican los dispositivos de comunicaci\u00f3n, generando <b>saturaci\u00f3n hasta la par\u00e1lisis. <\/b>Las palabras se vac\u00edan de sentido en medio de este hiperconsumo informativo. Si aquel individuo al que interpelaba Walsh quedaba aislado por el terror, el actual queda atrapado por el ruido blanco de las pantallas, las finanzas y las deudas, sometido a <b>un \u2018s\u00e1lvese quien pueda\u2019 que no salva a nadie. <\/b>En un contexto donde la plata escasea y los trabajos se precarizan y hay que trabajar mucho para sobrevivir, romper el aislamiento implica <b>recuperar tiempo y energ\u00eda para organizarse<\/b> e imaginar mundos menos asfixiantes que el presente\u201d.  <\/p>\n<p>Picotto precisa que <b>Gaza <\/b>tambi\u00e9n est\u00e1 aislada y a su poblaci\u00f3n <b>\u201cse la est\u00e1 masacrando ante la vista de todo el mundo desde hace ya largo tiempo\u201d.<\/b> Adem\u00e1s de la muestra \u00a1Gaza en la mira!, habr\u00e1 una intervenci\u00f3n coreogr\u00e1fica que se est\u00e1 realizando en simult\u00e1neo en muchos puntos del planeta. \u201cRomper el aislamiento y el <b>exterminio <\/b>al que est\u00e1 sometida la poblaci\u00f3n de Palestina es romper tambi\u00e9n nuestro propio aislamiento, nuestra propia <b>insensibilizaci\u00f3n ante el genocidio\u201d.<\/b><\/p>\n<p>\u00bfC\u00f3mo <b>revertir el extractivismo capitalista<\/b> desde la autogesti\u00f3n editorial? \u00bfC\u00f3mo ser\u00eda \u201ceditar sin patr\u00f3n\u201d? Andr\u00e9s Bracony, tambi\u00e9n integrante de Tinta Lim\u00f3n, observa que la mayor\u00eda de las editoriales son proyectos individuales o de dos personas.  \u201cLa figura del \u2018patr\u00f3n\u2019 la encarna el dinero, detr\u00e1s del cual hay que correr y nunca alcanza. La diferencia est\u00e1 en c\u00f3mo se aborda esta situaci\u00f3n, que es extensiva a todos los sectores ya que cada vez m\u00e1s predomina la <b>precariedad laboral\u201d,<\/b> advierte el editor. \u201cLa autogesti\u00f3n, la organizaci\u00f3n cooperativa, est\u00e1 en el coraz\u00f3n de la producci\u00f3n y la organizaci\u00f3n a secas, porque siempre el trabajo, la capacidad de crear colectivamente, hizo girar el mundo. El problema es que <b>la tiran\u00eda del dinero oculta esta verdad <\/b>tan sencilla, y en lugar de dotar de formas democr\u00e1ticas a la riqueza que producimos, cargamos sobre nuestras espaldas, sobre la espalda de cada persona, la frustraci\u00f3n de no conseguir el reconocimiento sea en dinero, o en prestigio, o en los cuidados que necesitamos para vivir\u201d.<\/p>\n<p>La Feria del Libro de Flores tiene poco m\u00e1s de 200 expositores en<b> 170 stands<\/b> que se distribuyen a lo largo de cuatro cuadras. <b>\u201cEl libro es un artefacto que moviliza en torno suyo las m\u00e1s variadas expresiones culturales. <\/b>En este caso, en un barrio y con una escuela p\u00fablica en el centro\u201d, agrega Javier Bendersky, de la distribuidora La Perif\u00e9rica, una de las organizadoras de la Feria. Peter P\u00e1l Pelbart y Dani Zelko participar\u00e1n a las 18.15 de una de las actividades que mayor inter\u00e9s previo genera. Se trata de<b> \u201cSer jud\u00edxs ante el genocidio de Israel sobre Gaza\u201d,<\/b> a partir de los libros Contra el etnocentrismo jud\u00edo, de Pelbart, recientemente publicado por Tinta Lim\u00f3n; y Oreja madre, de Zelko, editado por Caja Negra.<\/p>\n<p> \u00bfSe podr\u00eda decir, reescribiendo la famosa frase de Juan Domingo Per\u00f3n, que <b>la autogesti\u00f3n vence al tiempo?<\/b> \u201cCuando no se la considera una f\u00f3rmula fija, la autogesti\u00f3n se revela como un desaf\u00edo com\u00fan para quienes organizamos esta feria, que tiene mucho de autogestivo porque surge de la cooperaci\u00f3n de varios grupos y personas, no<b> est\u00e1 financiada por empresas, no tiene af\u00e1n de lucro\u201d, <\/b>comenta Sergio Lesbegueris, director del Centro de Formaci\u00f3n Profesional 24. \u201cEn nuestro caso, como escuela p\u00fablica de oficios, la entendemos como una b\u00fasqueda permanente, un verdadero laboratorio de lo posible. As\u00ed, la autogesti\u00f3n -ese arte de construir desde abajo- inevitablemente tensiona las pr\u00e1cticas m\u00e1s burocr\u00e1ticas y desvitalizantes de la gesti\u00f3n estatal\u201d.\u00a0<\/p>\n<p>\u00a0Lesbegueris dice que justamente en ese choque, en esa exploraci\u00f3n entre lo que \u201cdebe ser\u201d y lo que \u201ca\u00fan no sabemos qu\u00e9 puede ser\u201d, es donde se forja una comunidad real. \u201cDesde la organizaci\u00f3n m\u00e1s b\u00e1sica -el aporte de cada estudiante, el compromiso de cada docente, el apoyo de la cooperadora- hasta los eventos que convocan a toda la comunidad -como la Milonga de Artigas, la Feria de Artigas, el Mural de la esquina y esta Feria del Libro-, es esta<b> red viva<\/b> la que garantiza los insumos, las herramientas y los entornos formativos que hacen posible una escuela p\u00fablica como la nuestra\u201d.<\/p>\n","protected":false},"excerpt":{"rendered":"\u201cRompa el aislamiento\u201d. Esta consigna de Rodolfo Walsh, resituada en la coyuntura argentina, es el lema de la&hellip;\n","protected":false},"author":2,"featured_media":155527,"comment_status":"","ping_status":"","sticky":false,"template":"","format":"standard","meta":{"footnotes":""},"categories":[172],"tags":[224,146,147,25,24,46622,225,671,23],"class_list":{"0":"post-155526","1":"post","2":"type-post","3":"status-publish","4":"format-standard","5":"has-post-thumbnail","7":"category-libros","8":"tag-books","9":"tag-entertainment","10":"tag-entretenimiento","11":"tag-es","12":"tag-espana","13":"tag-feria-del-libro-de-flores","14":"tag-libros","15":"tag-literatura","16":"tag-spain"},"share_on_mastodon":{"url":"","error":""},"_links":{"self":[{"href":"https:\/\/www.europesays.com\/es\/wp-json\/wp\/v2\/posts\/155526","targetHints":{"allow":["GET"]}}],"collection":[{"href":"https:\/\/www.europesays.com\/es\/wp-json\/wp\/v2\/posts"}],"about":[{"href":"https:\/\/www.europesays.com\/es\/wp-json\/wp\/v2\/types\/post"}],"author":[{"embeddable":true,"href":"https:\/\/www.europesays.com\/es\/wp-json\/wp\/v2\/users\/2"}],"replies":[{"embeddable":true,"href":"https:\/\/www.europesays.com\/es\/wp-json\/wp\/v2\/comments?post=155526"}],"version-history":[{"count":0,"href":"https:\/\/www.europesays.com\/es\/wp-json\/wp\/v2\/posts\/155526\/revisions"}],"wp:featuredmedia":[{"embeddable":true,"href":"https:\/\/www.europesays.com\/es\/wp-json\/wp\/v2\/media\/155527"}],"wp:attachment":[{"href":"https:\/\/www.europesays.com\/es\/wp-json\/wp\/v2\/media?parent=155526"}],"wp:term":[{"taxonomy":"category","embeddable":true,"href":"https:\/\/www.europesays.com\/es\/wp-json\/wp\/v2\/categories?post=155526"},{"taxonomy":"post_tag","embeddable":true,"href":"https:\/\/www.europesays.com\/es\/wp-json\/wp\/v2\/tags?post=155526"}],"curies":[{"name":"wp","href":"https:\/\/api.w.org\/{rel}","templated":true}]}}