{"id":15553,"date":"2025-07-31T05:08:22","date_gmt":"2025-07-31T05:08:22","guid":{"rendered":"https:\/\/www.europesays.com\/es\/15553\/"},"modified":"2025-07-31T05:08:22","modified_gmt":"2025-07-31T05:08:22","slug":"el-tribunal-de-cuentas-vuelve-a-sancionar-a-vox-por-financiacion-irregular","status":"publish","type":"post","link":"https:\/\/www.europesays.com\/es\/15553\/","title":{"rendered":"El Tribunal de Cuentas vuelve a sancionar a Vox por financiaci\u00f3n irregular"},"content":{"rendered":"<p>Nuevo varapalo para el partido de <b>Santiago Abascal<\/b>. El <b>Tribunal de Cuentas<\/b> ha vuelto a <b>sancionar Vox por financiaci\u00f3n irregular<\/b>, tal y como ha adelantado\u00a0<a href=\"https:\/\/elpais.com\/espana\/2025-07-30\/el-tribunal-de-cuentas-sanciona-por-tercera-vez-a-vox-por-financiacion-irregular-con-50000-euros.html\" target=\"_blank\" rel=\"nofollow noopener\">&#8216;El Pa\u00eds&#8217;. <\/a>Se trata de la tercera vez que el organismo multa a la formaci\u00f3n. Esta vez con<b> 50.000 euros<\/b>.<\/p>\n<p>La propia instituci\u00f3n <a href=\"https:\/\/www.tcu.es\/es\/sala-de-prensa\/noticias\/El-Pleno-del-Tribunal-de-Cuentas-sanciona-a-cuatro-formaciones-politicas\/\" target=\"_blank\" rel=\"nofollow noopener\">ha anunciado<\/a> el acuerdo de sancionar a Vox \u00abpor <b>infracci\u00f3n muy grave prevista en el <a href=\"https:\/\/www.boe.es\/buscar\/act.php?id=BOE-A-2007-13022\" target=\"_blank\" rel=\"nofollow noopener\">art\u00edculo 17. Dos a) de la Ley Org\u00e1nica sobre Financiaci\u00f3n de los Partidos Pol\u00edticos<\/a><\/b>, consistente en hacer recibido o aceptado donaciones finalistas en la fiscalizaci\u00f3n de las cuentas anuales del ejercicio 2020&#8243;.<\/p>\n<p>En <b>abril <\/b>de este a\u00f1o, el Tribunal de Cuentas impuso a Vox una <b><a href=\"https:\/\/www.huffingtonpost.es\/politica\/el-tribunal-cuentas-multa-vox-mas-860000-euros-donaciones-irregulares-2018-2020br.html\" target=\"_blank\" rel=\"nofollow noopener\">multa de 862.000 euros<\/a> por haber recibido donaciones en efectivo no identificadas durante los a\u00f1os 2018, 2019 y 2020<\/b>. Estos ingresos se realizaron a trav\u00e9s de <b>dep\u00f3sitos en cajeros autom\u00e1ticos en las cuentas del partido<\/b>. Vox manifest\u00f3 su intenci\u00f3n de recurrir esta decisi\u00f3n ante el Tribunal Supremo, argumentando que la sanci\u00f3n era injusta y contraria a la legalidad.<\/p>\n<p>Y, en <b>julio <\/b>del a\u00f1o pasado, el mismo tribunal le impuso otra sanci\u00f3n, en esa ocasi\u00f3n por un <b>importe de 233.324 euros<\/b>, debido a la recepci\u00f3n de donaciones irregulares con fines espec\u00edficos durante los ejercicios de 2018 y 2019.<\/p>\n<p>Sanciones a otras tres instituciones<\/p>\n<p>Adem\u00e1s de Vox, el Tribunal tambi\u00e9n ha sancionado a otras tres formaciones pol\u00edticas \u2014<b>Babord, Comprom\u00eds Municipal y Elkarrekin<\/b>\u2014 por haber <b>superado los l\u00edmites m\u00e1ximos de gasto durante las elecciones municipales celebradas el 28 de mayo de 2023<\/b>. En estos casos, las infracciones se enmarcan en el incumplimiento del art\u00edculo 193.2 de la Ley Org\u00e1nica del R\u00e9gimen Electoral General (LOREG).<\/p>\n<p>En el caso particular de <b>Comprom\u00eds Municipal<\/b>, el Tribunal se\u00f1ala que no solo excedi\u00f3 el techo de gasto establecido para la campa\u00f1a, sino que tambi\u00e9n <b>vulner\u00f3 el l\u00edmite legal en materia de publicidad electoral<\/b>, regulado en el art\u00edculo 55.3 de la misma Ley Org\u00e1nica.<\/p>\n<p>Las resoluciones adoptadas por el Pleno del Tribunal de Cuentas <b>no son firmes y podr\u00e1n ser recurridas<\/b>. Tal como recuerda la instituci\u00f3n, \u00ablas resoluciones adoptadas [&#8230;] son susceptibles de recurso contencioso-administrativo ante el Tribunal Supremo\u00bb, en virtud del art\u00edculo 18.9 de la Ley Org\u00e1nica sobre Financiaci\u00f3n de los Partidos Pol\u00edticos.<\/p>\n","protected":false},"excerpt":{"rendered":"Nuevo varapalo para el partido de Santiago Abascal. El Tribunal de Cuentas ha vuelto a sancionar Vox por&hellip;\n","protected":false},"author":2,"featured_media":15554,"comment_status":"","ping_status":"","sticky":false,"template":"","format":"standard","meta":{"footnotes":""},"categories":[5],"tags":[17,18,10305,25,24,13,14,11,19,20,9,10,15,16,8872,23,12,9596,21,22,624,739],"class_list":{"0":"post-15553","1":"post","2":"type-post","3":"status-publish","4":"format-standard","5":"has-post-thumbnail","7":"category-titulares","8":"tag-breaking-news","9":"tag-breakingnews","10":"tag-cuentas","11":"tag-es","12":"tag-espana","13":"tag-featured-news","14":"tag-featurednews","15":"tag-headlines","16":"tag-latest-news","17":"tag-latestnews","18":"tag-news","19":"tag-noticias","20":"tag-noticias-destacadas","21":"tag-noticiasdestacadas","22":"tag-sancionar","23":"tag-spain","24":"tag-titulares","25":"tag-tribunal","26":"tag-ultimas-noticias","27":"tag-ultimasnoticias","28":"tag-vox","29":"tag-vuelve"},"share_on_mastodon":{"url":"","error":""},"_links":{"self":[{"href":"https:\/\/www.europesays.com\/es\/wp-json\/wp\/v2\/posts\/15553","targetHints":{"allow":["GET"]}}],"collection":[{"href":"https:\/\/www.europesays.com\/es\/wp-json\/wp\/v2\/posts"}],"about":[{"href":"https:\/\/www.europesays.com\/es\/wp-json\/wp\/v2\/types\/post"}],"author":[{"embeddable":true,"href":"https:\/\/www.europesays.com\/es\/wp-json\/wp\/v2\/users\/2"}],"replies":[{"embeddable":true,"href":"https:\/\/www.europesays.com\/es\/wp-json\/wp\/v2\/comments?post=15553"}],"version-history":[{"count":0,"href":"https:\/\/www.europesays.com\/es\/wp-json\/wp\/v2\/posts\/15553\/revisions"}],"wp:featuredmedia":[{"embeddable":true,"href":"https:\/\/www.europesays.com\/es\/wp-json\/wp\/v2\/media\/15554"}],"wp:attachment":[{"href":"https:\/\/www.europesays.com\/es\/wp-json\/wp\/v2\/media?parent=15553"}],"wp:term":[{"taxonomy":"category","embeddable":true,"href":"https:\/\/www.europesays.com\/es\/wp-json\/wp\/v2\/categories?post=15553"},{"taxonomy":"post_tag","embeddable":true,"href":"https:\/\/www.europesays.com\/es\/wp-json\/wp\/v2\/tags?post=15553"}],"curies":[{"name":"wp","href":"https:\/\/api.w.org\/{rel}","templated":true}]}}