{"id":155534,"date":"2025-10-03T21:39:10","date_gmt":"2025-10-03T21:39:10","guid":{"rendered":"https:\/\/www.europesays.com\/es\/155534\/"},"modified":"2025-10-03T21:39:10","modified_gmt":"2025-10-03T21:39:10","slug":"el-sintoma-de-la-nueva-variante-de-covid-stratus-que-se-diferencia-de-una-gripe-comun","status":"publish","type":"post","link":"https:\/\/www.europesays.com\/es\/155534\/","title":{"rendered":"El s\u00edntoma de la nueva variante de covid &#8216;Stratus&#8217; que se diferencia de una gripe com\u00fan"},"content":{"rendered":"<p class=\"paragraph\">Con la llegada del oto\u00f1o, vuelven los virus y enfermedades respiratorias que cada a\u00f1o afectan a miles de espa\u00f1oles. Entre ellos, el coronavirus sigue presente en nuestra sociedad, y actualmente la <b><a href=\"https:\/\/www.heraldo.es\/noticias\/salud\/2025\/07\/15\/nuevos-sintomas-variante-covid-stratus-dolores-musculares-problemas-estomacales-1839625.html\" title=\"Los nuevos s\u00edntomas de la variante de covid Stratus: dolores musculares y problemas estomacales\" target=\"_blank\" rel=\"nofollow noopener\">cepa dominante es &#8216;Stratus&#8217;, que incluye las subvariantes XFG y XFG<\/a><\/b>. Esta variante, que se ha mantenido como la m\u00e1s com\u00fan desde el verano, no presenta mayor gravedad que sus predecesoras, <b>pero los expertos se\u00f1alan que podr\u00eda tener una capacidad de contagio superior.<\/b><\/p>\n<p class=\"paragraph\">Distinguir la Covid-19 de otras afecciones respiratorias como la gripe puede resultar complicado, ya que comparten s\u00edntomas como fiebre, tos, estornudos o secreci\u00f3n nasal. Sin embargo, existe un rasgo distintivo que puede ayudarnos a identificar si estamos ante un caso de &#8216;Stratus&#8217;: <b>la ronquera en la voz es el signo inicial m\u00e1s caracter\u00edstico de esta nueva variante<\/b>. La intensidad de los s\u00edntomas var\u00eda considerablemente seg\u00fan cada persona, lo que facilita la confusi\u00f3n con un simple resfriado.<\/p>\n<p>S\u00edntomas caracter\u00edsticos de la variante &#8216;Stratus&#8217;<\/p>\n<p class=\"paragraph\">Adem\u00e1s de la ronquera, los profesionales sanitarios han identificado otros s\u00edntomas asociados a esta cepa del coronavirus. Entre ellos destacan la <b>congesti\u00f3n nasal, dolor de garganta, problemas digestivos y una sensaci\u00f3n de agotamiento<\/b> generalizado, seg\u00fan recoge el diario brit\u00e1nico Mirror.<\/p>\n<p class=\"paragraph\">El doctor Gareth Nye, profesor de Ciencias Biom\u00e9dicas en la Universidad de Salford (Reino Unido), explica que \u00aben muchos aspectos, es casi id\u00e9ntico. Sin embargo, las personas con esta variante<b> tienden a sufrir fuertes dolores de garganta y voz ronca<\/b>, en comparaci\u00f3n con otros s\u00edntomas m\u00e1s generales como tos, fiebre y dolores\u00bb.<\/p>\n<p>Recomendaciones para protegerse frente a &#8216;Stratus&#8217;<\/p>\n<p class=\"paragraph\">Ante la persistencia del coronavirus y la expansi\u00f3n de la variante &#8216;Stratus&#8217;, los m\u00e9dicos insisten en la <a href=\"https:\/\/www.heraldo.es\/noticias\/aragon\/teruel\/2025\/10\/02\/comienza-en-teruel-la-vacunacion-de-casi-2-000-mayores-en-residencias-con-esto-no-cojo-fiebre-1858689.html\" title=\"Comienza la vacunaci\u00f3n de m\u00e1s de 1.200 mayores en residencias de Teruel: &quot;As\u00ed no cojo fiebre&quot;\" target=\"_blank\" rel=\"nofollow noopener\">importancia de la vacunaci\u00f3n<\/a>, <b>especialmente para aquellas personas que padecen enfermedades cr\u00f3nicas<\/b>. Esta medida preventiva sigue siendo la principal estrategia para reducir la gravedad de los s\u00edntomas en caso de contagio.<\/p>\n<p>Informaci\u00f3n generada con ayuda de Inteligencia Artificial<\/p>\n<p> <a class=\"enlace-texto-ia\" href=\"https:\/\/www.heraldo.es\/noticias\/comunicacion\/2023\/11\/23\/compromiso-heraldo-innovacion-precision-informativa-1691520.html\" rel=\"nofollow noopener\" target=\"_blank\">Saber m\u00e1s<\/a><\/p>\n","protected":false},"excerpt":{"rendered":"Con la llegada del oto\u00f1o, vuelven los virus y enfermedades respiratorias que cada a\u00f1o afectan a miles de&hellip;\n","protected":false},"author":2,"featured_media":155535,"comment_status":"","ping_status":"","sticky":false,"template":"","format":"standard","meta":{"footnotes":""},"categories":[92],"tags":[7642,2270,25,24,165,223,166,7750,23,43911,1454,2271],"class_list":{"0":"post-155534","1":"post","2":"type-post","3":"status-publish","4":"format-standard","5":"has-post-thumbnail","7":"category-salud","8":"tag-coronavirus","9":"tag-covid","10":"tag-es","11":"tag-espana","12":"tag-health","13":"tag-hub-ia","14":"tag-salud","15":"tag-sintoma","16":"tag-spain","17":"tag-stratus","18":"tag-vacunas","19":"tag-variante"},"share_on_mastodon":{"url":"","error":""},"_links":{"self":[{"href":"https:\/\/www.europesays.com\/es\/wp-json\/wp\/v2\/posts\/155534","targetHints":{"allow":["GET"]}}],"collection":[{"href":"https:\/\/www.europesays.com\/es\/wp-json\/wp\/v2\/posts"}],"about":[{"href":"https:\/\/www.europesays.com\/es\/wp-json\/wp\/v2\/types\/post"}],"author":[{"embeddable":true,"href":"https:\/\/www.europesays.com\/es\/wp-json\/wp\/v2\/users\/2"}],"replies":[{"embeddable":true,"href":"https:\/\/www.europesays.com\/es\/wp-json\/wp\/v2\/comments?post=155534"}],"version-history":[{"count":0,"href":"https:\/\/www.europesays.com\/es\/wp-json\/wp\/v2\/posts\/155534\/revisions"}],"wp:featuredmedia":[{"embeddable":true,"href":"https:\/\/www.europesays.com\/es\/wp-json\/wp\/v2\/media\/155535"}],"wp:attachment":[{"href":"https:\/\/www.europesays.com\/es\/wp-json\/wp\/v2\/media?parent=155534"}],"wp:term":[{"taxonomy":"category","embeddable":true,"href":"https:\/\/www.europesays.com\/es\/wp-json\/wp\/v2\/categories?post=155534"},{"taxonomy":"post_tag","embeddable":true,"href":"https:\/\/www.europesays.com\/es\/wp-json\/wp\/v2\/tags?post=155534"}],"curies":[{"name":"wp","href":"https:\/\/api.w.org\/{rel}","templated":true}]}}