{"id":155536,"date":"2025-10-03T21:40:12","date_gmt":"2025-10-03T21:40:12","guid":{"rendered":"https:\/\/www.europesays.com\/es\/155536\/"},"modified":"2025-10-03T21:40:12","modified_gmt":"2025-10-03T21:40:12","slug":"isabel-diaz-ayuso-impacta-con-transparencias-en-las-ventas","status":"publish","type":"post","link":"https:\/\/www.europesays.com\/es\/155536\/","title":{"rendered":"Isabel D\u00edaz Ayuso impacta con transparencias en Las Ventas"},"content":{"rendered":"<p id=\"isabel-d\" data-journey-content=\"true\" data-node-id=\"2\" class=\"body-text css-6wxqfj emevuu60\"><strong data-node-id=\"2.0\"><a href=\"https:\/\/www.elle.com\/es\/star-style\/el-estilo-de\/a65999583\/isabel-diaz-ayuso-vuelve-rutina-pantalon-blanco-ancho-tacon-sensato-look-vuelta-de-vacaciones\/\" data-vars-ga-outbound-link=\"https:\/\/www.elle.com\/es\/star-style\/el-estilo-de\/a65999583\/isabel-diaz-ayuso-vuelve-rutina-pantalon-blanco-ancho-tacon-sensato-look-vuelta-de-vacaciones\/\" data-vars-ga-ux-element=\"Hyperlink\" data-vars-ga-call-to-action=\"Isabel D\u00edaz Ayuso\" data-node-id=\"2.0.0\" class=\"body-link css-103hk4r emevuu60\" rel=\"nofollow noopener\" target=\"_blank\">Isabel D\u00edaz Ayuso<\/a> <\/strong>nunca defrauda con sus apuestas estil\u00edsticas, pero esta vez se ha pasado el juego. La presidenta de la Comunidad de Madrid ha vuelto a asistir a una corrida de toros en<strong data-node-id=\"2.2\"> Las Ventas <\/strong>como ya nos tiene m\u00e1s que acostumbrados, pero eso s\u00ed, esta vez con un look protagonizado por una de las tendencias m\u00e1s pol\u00e9micas de todos los tiempos:<strong data-node-id=\"2.4\"> <a href=\"https:\/\/www.elle.com\/es\/moda\/tendencias\/a62984305\/moda-gucci-looks-otono\/\" data-vars-ga-outbound-link=\"https:\/\/www.elle.com\/es\/moda\/tendencias\/a62984305\/moda-gucci-looks-otono\/\" data-vars-ga-ux-element=\"Hyperlink\" data-vars-ga-call-to-action=\"las transparencias\" data-node-id=\"2.4.1\" class=\"body-link css-103hk4r emevuu60\" rel=\"nofollow noopener\" target=\"_blank\">las transparencias<\/a>.<\/strong><\/p>\n<p id=\"isabel-d\" data-journey-content=\"true\" data-node-id=\"3\" class=\"css-6wxqfj emevuu60\">\u00bfTransparencias pasados los 40 a\u00f1os? La pol\u00edtica, a sus <strong data-node-id=\"3.1\"><a href=\"https:\/\/www.elle.com\/es\/moda\/tendencias\/a62497129\/expertas-tendencias-mayores-cuarenta-otono-capitales-europeas\/\" data-vars-ga-outbound-link=\"https:\/\/www.elle.com\/es\/moda\/tendencias\/a62497129\/expertas-tendencias-mayores-cuarenta-otono-capitales-europeas\/\" data-vars-ga-ux-element=\"Hyperlink\" data-vars-ga-call-to-action=\"46 a\u00f1os\" data-node-id=\"3.1.0\" class=\"body-link css-103hk4r emevuu60\" rel=\"nofollow noopener\" target=\"_blank\">46 a\u00f1os<\/a><\/strong>, ha dicho que s\u00ed, y el resultado es bastante m\u00e1s inspirador de lo que muchos imaginan. Aunque eso s\u00ed, estamos seguras de que esta vez recoger\u00e1 tantos halagos como cr\u00edticas. Porque no, no se trata de un look apto para todos los gustos.<\/p>\n<p>Isabel D\u00edaz Ayuso o c\u00f3mo llevar con elegancia las transparencias m\u00e1s all\u00e1 de los 40 a\u00f1os<\/p>\n<p data-journey-content=\"true\" data-node-id=\"5\" class=\"css-6wxqfj emevuu60\">La reina Letizia, Pen\u00e9lope Cruz, Kate Middleton&#8230; Muchas han sido las figuras que nos han demostrado en varias ocasiones que s\u00ed se puede llevar transparencias con elegancia. Aunque la apuesta de Isabel D\u00edaz Ayuso ha sido, sin duda, una de las m\u00e1s inesperadas.<\/p>\n<p><img draggable=\"true\" alt=\"isabel daz ayuso transparencias\" title=\"isabel daz ayuso transparencias\" loading=\"lazy\" width=\"1280\" height=\"1920\" decoding=\"async\" data-nimg=\"1\" style=\"color:transparent;width:100%;height:auto;\"   src=\"https:\/\/www.europesays.com\/es\/wp-content\/uploads\/2025\/10\/isabel-diaz-ayuso-las-ventas-transparencias-elle-1-68e0099aa9700.jpg\" class=\"css-0 e1g79fud0\"\/><\/p>\n<p>Gtres<\/p>\n<p><img draggable=\"true\" alt=\"isabel daz ayuso transparencias\" title=\"isabel daz ayuso transparencias\" loading=\"lazy\" width=\"1280\" height=\"1920\" decoding=\"async\" data-nimg=\"1\" style=\"color:transparent;width:100%;height:auto;\"   src=\"https:\/\/www.europesays.com\/es\/wp-content\/uploads\/2025\/10\/isabel-diaz-ayuso-las-ventas-transparencias-elle-4-68e0099aa209c.jpg\" class=\"css-0 e1g79fud0\"\/><a target=\"_blank\" rel=\"noopener nofollow\" data-theme-key=\"base-link\" href=\"https:\/\/pinterest.com\/pin\/create\/button\/?url=https:\/\/www.elle.com\/es\/star-style\/noticias-famosos\/a68814503\/isabel-diaz-ayuso-transparencias-las-ventas-madrid\/&amp;description=- ElleSpain&amp;media=https:\/\/hips.hearstapps.com\/hmg-prod\/images\/isabel-diaz-ayuso-las-ventas-transparencias-elle-4-68e0099aa209c.jpg?resize=1600:*\" class=\"pinterest css-on9hn5 e1c1bym14\"><img decoding=\"async\" data-dynamic-svg=\"true\" src=\"https:\/\/www.elle.com\/_assets\/design-tokens\/fre\/static\/icons\/social\/pinterest.e8cf655.svg?primary=%2523ffffff\" loading=\"lazy\" data-testid=\"dynamic-svg-base\" height=\"auto\" width=\"auto\" alt=\"pinterest\" class=\"css-4lml0h e1mlxuuw1\"\/><\/a><\/p>\n<p>Gtres<\/p>\n<p data-journey-content=\"true\" data-node-id=\"9\" class=\"css-6wxqfj emevuu60\">La presidenta del Partido Popular de la Comunidad de Madrid luci\u00f3 esta viral moda con un <strong data-node-id=\"9.1\">top negro completamente transparente <\/strong>que contaba con un dise\u00f1o estrat\u00e9gico que ocultaba la zona del pecho de la forma m\u00e1s elegante posible. Eso s\u00ed, el escote y la espalda quedaban completamente a la vista, dej\u00e1ndonos un look de lo m\u00e1s rompedor.<\/p>\n<p data-journey-content=\"true\" data-node-id=\"10\" class=\"css-6wxqfj emevuu60\">\u00bfC\u00f3mo lo combin\u00f3? Con una elegante<strong data-node-id=\"10.1\"> falda midi de invitada<\/strong> en color morado que destacaba por su cintura de estilo faj\u00edn y su detalle de drapeado en la cadera. Una pieza que, sin duda, se encarg\u00f3 de darle ese toque m\u00e1s sofisticado a la propuesta sin esfuerzo.<\/p>\n<p data-journey-content=\"true\" data-node-id=\"11\" class=\"css-6wxqfj emevuu60\">Adem\u00e1s, Ayuso complet\u00f3 el &#8216;outfit&#8217; con unos<strong data-node-id=\"11.1\"> salones negros de tac\u00f3n.<\/strong> Su cl\u00e1sico estrella. El resultado fue, sin duda, uno de los estilismos m\u00e1s impactantes que nos ha dejado la pol\u00edtica en los \u00faltimos a\u00f1os.<\/p>\n<p><img src=\"https:\/\/www.europesays.com\/es\/wp-content\/uploads\/2025\/10\/5d174fc2-88a3-4418-a5b3-be884db3ec5f_1678984174.file\" alt=\"Headshot of Laura Soria\" title=\"Headshot of Laura Soria\" width=\"100%\" height=\"100%\" decoding=\"async\" loading=\"lazy\" class=\"css-o0wq4v ev8dhu53\"\/><\/p>\n<p>Laura Soria Onieva es experta en moda, tendencias, alfombras rojas y &#8216;celebrities&#8217;. Como apasionada del periodismo y la comunicaci\u00f3n, siempre est\u00e1 atenta a las \u00faltimas novedades del sector. Entiende la moda como una v\u00eda de expresi\u00f3n y siempre busca entender la filosof\u00eda que transmiten los estilismos de las famosas.<\/p>\n<p>La b\u00fasqueda constante de inspiraci\u00f3n la convierte en una prescriptora de futuras tendencias de temporada. As\u00ed, no hay prenda o estilo que se le escape en Instagram y TikTok. Experta en recrear los mejores looks de las famosas e influencers con prendas de las firmas &#8216;low cost&#8217; m\u00e1s exitosas como Zara, Mango, Stradivarius&#8230; As\u00ed como de las firmas espa\u00f1olas que debes tener s\u00ed o s\u00ed en tu radar para que puedas vestir a la \u00faltima. Para ella no hay tendencia imposible: transparencias, aberturas complicadas, brillos, lentejuelas&#8230; Buscar\u00e1 todos los trucos de la mano de las expertas para ense\u00f1ar c\u00f3mo lucirlas sin caer en el error.<\/p>\n<p>Laura Soria se gradu\u00f3 en el doble grado de Periodismo y Comunicaci\u00f3n Audiovisual en la Universidad Rey Juan Carlos y, desde el inicio, ha conseguido experiencia en distintos sectores: radio, televisi\u00f3n, peri\u00f3dico digital&#8230; Actualmente se dedica a la que es su verdadera pasi\u00f3n, el periodismo de moda, como colaboradora de moda y actualidad en la revista ELLE.<\/p>\n<p>Sus constantes ganas de aprender, y su alma inquieta, la han empujado a especializarse a\u00fan m\u00e1s en el mundillo con distintos cursos, destacando el de Marketing Digital y Comunicaci\u00f3n de Moda y Lujo. \u00a0\u00a0<\/p>\n","protected":false},"excerpt":{"rendered":"Isabel D\u00edaz Ayuso nunca defrauda con sus apuestas estil\u00edsticas, pero esta vez se ha pasado el juego. La&hellip;\n","protected":false},"author":2,"featured_media":155537,"comment_status":"","ping_status":"","sticky":false,"template":"","format":"standard","meta":{"footnotes":""},"categories":[91],"tags":[253,146,147,25,24,23],"class_list":{"0":"post-155536","1":"post","2":"type-post","3":"status-publish","4":"format-standard","5":"has-post-thumbnail","7":"category-entretenimiento","8":"tag-discover","9":"tag-entertainment","10":"tag-entretenimiento","11":"tag-es","12":"tag-espana","13":"tag-spain"},"share_on_mastodon":{"url":"","error":""},"_links":{"self":[{"href":"https:\/\/www.europesays.com\/es\/wp-json\/wp\/v2\/posts\/155536","targetHints":{"allow":["GET"]}}],"collection":[{"href":"https:\/\/www.europesays.com\/es\/wp-json\/wp\/v2\/posts"}],"about":[{"href":"https:\/\/www.europesays.com\/es\/wp-json\/wp\/v2\/types\/post"}],"author":[{"embeddable":true,"href":"https:\/\/www.europesays.com\/es\/wp-json\/wp\/v2\/users\/2"}],"replies":[{"embeddable":true,"href":"https:\/\/www.europesays.com\/es\/wp-json\/wp\/v2\/comments?post=155536"}],"version-history":[{"count":0,"href":"https:\/\/www.europesays.com\/es\/wp-json\/wp\/v2\/posts\/155536\/revisions"}],"wp:featuredmedia":[{"embeddable":true,"href":"https:\/\/www.europesays.com\/es\/wp-json\/wp\/v2\/media\/155537"}],"wp:attachment":[{"href":"https:\/\/www.europesays.com\/es\/wp-json\/wp\/v2\/media?parent=155536"}],"wp:term":[{"taxonomy":"category","embeddable":true,"href":"https:\/\/www.europesays.com\/es\/wp-json\/wp\/v2\/categories?post=155536"},{"taxonomy":"post_tag","embeddable":true,"href":"https:\/\/www.europesays.com\/es\/wp-json\/wp\/v2\/tags?post=155536"}],"curies":[{"name":"wp","href":"https:\/\/api.w.org\/{rel}","templated":true}]}}