{"id":155540,"date":"2025-10-03T21:43:07","date_gmt":"2025-10-03T21:43:07","guid":{"rendered":"https:\/\/www.europesays.com\/es\/155540\/"},"modified":"2025-10-03T21:43:07","modified_gmt":"2025-10-03T21:43:07","slug":"disidente-cubano-jose-daniel-ferrer-acepta-partir-al-exilio-dw-03-10-2025","status":"publish","type":"post","link":"https:\/\/www.europesays.com\/es\/155540\/","title":{"rendered":"Disidente cubano Jos\u00e9 Daniel Ferrer acepta partir al exilio \u2013 DW \u2013 03\/10\/2025"},"content":{"rendered":"<p>El hist\u00f3rico disidente cubano Jos\u00e9 Daniel Ferrer, preso por intentar participar en las manifestaciones del 11 de julio de 2021, anunci\u00f3 este viernes (03.10.2025) que est\u00e1 dispuesto a salir de Cuba ante las presiones que sufren \u00e9l y su familia. Sin embargo, se neg\u00f3 a negociar con el r\u00e9gimen. \u00abDe <a class=\"internal-link\" href=\"https:\/\/www.dw.com\/es\/cuba\/t-17411744\" rel=\"nofollow noopener\" target=\"_blank\">Cuba<\/a> solo salgo con mi dignidad y honor en alto\u00bb, dijo en el escrito que logr\u00f3 mandar a su familia a trav\u00e9s de un mensajero.<\/p>\n<p>\u00abAnte las constantes manifestaciones de la polic\u00eda pol\u00edtica para que nos fu\u00e9ramos de Cuba, termin\u00e9 aceptando la salida del exilio\u00bb, indic\u00f3 Ferrer, de 55 a\u00f1os, en una misiva fechada el 10 de septiembre en la prisi\u00f3n de Santiago de Cuba, donde est\u00e1 recluido. Seg\u00fan su esposa, quien ley\u00f3 la carta a los medios, su partida hacia un destino no especificado podr\u00eda tener lugar el lunes, pero las autoridades a\u00fan retienen su pasaporte.<\/p>\n<p>La hermana de Ferrer, Ana Belkis, public\u00f3 en redes sociales la misma carta, en la que adem\u00e1s el opositor asegura que las autoridades cubanas quieren que \u00abhaga declaraciones o que pida a la embajada de EE. UU. y a la Iglesia cat\u00f3lica que inicien un di\u00e1logo\u00bb. \u00abJos\u00e9 Daniel acept\u00f3 el destierro, pero a\u00fan no sabemos si se va a concretar porque la dictadura quiere obtener beneficios y Jos\u00e9 Daniel no va a acceder a ninguna negociaci\u00f3n\u00bb, explic\u00f3 a EFE la hermana del opositor.<\/p>\n<p>Teme por su familia<\/p>\n<p>Ferrer, fundador del movimiento Uni\u00f3n Patri\u00f3tica de Cuba (Unpacu), es un defensor de la lucha pac\u00edfica por un cambio democr\u00e1tico en la isla y es considerado preso de conciencia por Amnist\u00eda Internacional. Fue puesto en libertad en enero en el marco de un acuerdo negociado con el Vaticano bajo el mandato del expresidente estadounidense Joe Biden, y vuelto a encarcelar en abril.<\/p>\n<p>En la carta, Ferrer sostiene que en los \u00faltimos cuatro meses \u00abel ensa\u00f1amiento de la dictadura en mi contra ha sobrepasado todo el l\u00edmite: golpizas, torturas, humillaciones, amenazas y condiciones extremas\u00bb, se\u00f1al\u00f3. Una de las razones que lo llevaron a tomar la decisi\u00f3n de salir del pa\u00eds, dijo, han sido las amenazas de encarcelamiento contra su esposa y la posibilidad de que su peque\u00f1o hijo sea enviado a una instituci\u00f3n p\u00fablica para menores.<\/p>\n<p>Ferrer fue encarcelado el 11 de julio de 2021, fecha en la que intent\u00f3 unirse a las manifestaciones antigubernamentales que sacudieron al pa\u00eds, las mayores registradas desde el triunfo de la revoluci\u00f3n en 1959. Desde su liberaci\u00f3n, en enero, desafi\u00f3 repetidamente a las autoridades con cr\u00edticas al gobierno en las redes sociales. Tambi\u00e9n instal\u00f3 un comedor en su casa para acoger a personas necesitadas, financiado por cubanos residentes en el extranjero.<\/p>\n<p>Antes, estuvo preso entre 2003 y 2011 por participar en la Primavera Negra de Cuba. Luego estuvo detenido, sin cargos, en diversos per\u00edodos.<\/p>\n<p>DZC (EFE, AFP)<\/p>\n","protected":false},"excerpt":{"rendered":"El hist\u00f3rico disidente cubano Jos\u00e9 Daniel Ferrer, preso por intentar participar en las manifestaciones del 11 de julio&hellip;\n","protected":false},"author":2,"featured_media":155541,"comment_status":"","ping_status":"","sticky":false,"template":"","format":"standard","meta":{"footnotes":""},"categories":[42],"tags":[17,18,13,14,11,61,62,63,64,19,20,9,10,15,16,12,21,22,65,66,67],"class_list":{"0":"post-155540","1":"post","2":"type-post","3":"status-publish","4":"format-standard","5":"has-post-thumbnail","7":"category-internacional","8":"tag-breaking-news","9":"tag-breakingnews","10":"tag-featured-news","11":"tag-featurednews","12":"tag-headlines","13":"tag-internacional","14":"tag-international","15":"tag-international-news","16":"tag-internationalnews","17":"tag-latest-news","18":"tag-latestnews","19":"tag-news","20":"tag-noticias","21":"tag-noticias-destacadas","22":"tag-noticiasdestacadas","23":"tag-titulares","24":"tag-ultimas-noticias","25":"tag-ultimasnoticias","26":"tag-world","27":"tag-world-news","28":"tag-worldnews"},"share_on_mastodon":{"url":"","error":""},"_links":{"self":[{"href":"https:\/\/www.europesays.com\/es\/wp-json\/wp\/v2\/posts\/155540","targetHints":{"allow":["GET"]}}],"collection":[{"href":"https:\/\/www.europesays.com\/es\/wp-json\/wp\/v2\/posts"}],"about":[{"href":"https:\/\/www.europesays.com\/es\/wp-json\/wp\/v2\/types\/post"}],"author":[{"embeddable":true,"href":"https:\/\/www.europesays.com\/es\/wp-json\/wp\/v2\/users\/2"}],"replies":[{"embeddable":true,"href":"https:\/\/www.europesays.com\/es\/wp-json\/wp\/v2\/comments?post=155540"}],"version-history":[{"count":0,"href":"https:\/\/www.europesays.com\/es\/wp-json\/wp\/v2\/posts\/155540\/revisions"}],"wp:featuredmedia":[{"embeddable":true,"href":"https:\/\/www.europesays.com\/es\/wp-json\/wp\/v2\/media\/155541"}],"wp:attachment":[{"href":"https:\/\/www.europesays.com\/es\/wp-json\/wp\/v2\/media?parent=155540"}],"wp:term":[{"taxonomy":"category","embeddable":true,"href":"https:\/\/www.europesays.com\/es\/wp-json\/wp\/v2\/categories?post=155540"},{"taxonomy":"post_tag","embeddable":true,"href":"https:\/\/www.europesays.com\/es\/wp-json\/wp\/v2\/tags?post=155540"}],"curies":[{"name":"wp","href":"https:\/\/api.w.org\/{rel}","templated":true}]}}