{"id":155542,"date":"2025-10-03T21:44:07","date_gmt":"2025-10-03T21:44:07","guid":{"rendered":"https:\/\/www.europesays.com\/es\/155542\/"},"modified":"2025-10-03T21:44:07","modified_gmt":"2025-10-03T21:44:07","slug":"la-esperanza-inicia-la-mision-al-poligono-sur-con-el-traslado-a-santa-ana","status":"publish","type":"post","link":"https:\/\/www.europesays.com\/es\/155542\/","title":{"rendered":"La Esperanza inicia la misi\u00f3n al Pol\u00edgono Sur con el traslado a Santa Ana"},"content":{"rendered":"<p>03\/10\/2025<br \/>\n<br \/><strong><br \/>\nActualizado a las 23:19h.<br \/>\n<\/strong><\/p>\n<p class=\"voc-p\" style=\"\"><strong>La Esperanza ha iniciado su misi\u00f3n hacia uno de los rincones de mayor pobreza de Espa\u00f1a<\/strong> con un traslado multitudinario desde la capilla de los Marineros hasta la conocida como Catedral de Triana, la parroquia de Santa Ana, donde pasar\u00e1 la noche antes de partir, a primera hora de la ma\u00f1ana, hacia el Pol\u00edgono Sur, en una de las salidas m\u00e1s importantes del mundo de las cofrad\u00edas en los \u00faltimos a\u00f1os.<\/p>\n<p class=\"voc-p\" style=\"\"><strong>Ca\u00eda la tarde y en la calle Pureza no cab\u00eda un alma m\u00e1s<\/strong>. Apenas quedaba espacio para moverse. Todo estaba adornado con flores de papel, anclas, banderolas, mantones, cuadros de la Virgen e incluso iluminaci\u00f3n artificial, porque la ocasi\u00f3n lo merec\u00eda. Mientras tanto, en la capilla de los Marineros, eran bendecidos los nuevos faldones de las andas. Todo estaba preparado para iniciar la misi\u00f3n.<\/p>\n<p class=\"voc-p\" style=\"\">Las andas eran levantadas, <strong>miembros de la banda de las Cigarreras comenzaban a tocar, la Esperanza estaba radiante<\/strong>, se postr\u00f3 ante el Cristo de las Tres Ca\u00eddas para despedirse hasta dentro de unos d\u00edas, se rezaba el Padre Nuestro Ca\u00eddo, dando paso a la marcha &#8216;Siempre la Esperanza&#8217; e iniciar el traslado que llevar\u00eda a la Esperanza hasta Santa Ana.<\/p>\n<p class=\"voc-p\" style=\"\">Se detuvo en la puerta.<strong> Un profundo silencio llen\u00f3 el ambiente durante unos segundos,<\/strong> hasta que cruz\u00f3 el dintel de la capilla de los Marineros. Entonces, la m\u00fasica volvi\u00f3 a sonar, y desde los hogares de Triana comenzaron a lanzarse fuegos artificiales.<\/p>\n<p class=\"voc-p\" style=\"\">La bulla era de aut\u00e9ntico Viernes Santo,<strong> una multitud emocionada en la que todos se volv\u00edan para contemplar el inicio de esta misi\u00f3n que se extender\u00e1 durante casi un mes,<\/strong> hasta el 1 de noviembre. Incluso los ac\u00f3litos, contagiados por el fervor, se dejaban llevar por el momento. Desde lo m\u00e1s alto \u2014es decir, desde los balcones\u2014 el bullicio era impresionante: la calle Pureza estaba completamente abarrotada de gente.<\/p>\n<p class=\"voc-p\" style=\"\">A pesar de ello, <strong>se cumpli\u00f3 estrictamente el horario previsto<\/strong>. Minutos antes de las nueve de la noche, se adentraba el p\u00e1rroco, don Eugenio, por una calle tambi\u00e9n atestada de personas y repleta de adornos. Nadie quer\u00eda perderse el paso de la Esperanza por las calles que unen la capilla con la parroquia, verdadero epicentro del barrio.<\/p>\n<p class=\"voc-p\" style=\"\">Emotivo era ver a esos ni\u00f1os, cogidos en brazos de sus padres, contemplar a la Virgen desde sus casas; o a los mayores, con sus colgaduras, <strong>sacando lo mejor de sus hogares porque iba a pasar la Esperanza. As\u00ed se vive la fe en Triana.<\/strong><\/p>\n<p class=\"voc-p\" style=\"\">Durante el trayecto sonaron marchas como<strong> &#8216;Sole\u00e1 dame la mano&#8217; o &#8216;Ione&#8217;,<\/strong> de un corte distinto al habitual, lo que convert\u00eda el momento en algo verdaderamente extraordinario. Entr\u00f3 la Virgen a las 21.11 minutos de la noche, a los sones de &#8216;Jes\u00fas de las Penas&#8217;. Se rez\u00f3 una oraci\u00f3n al lado del columbario, con las hermandades de la parroquia. De ah\u00ed, ante un templo abarrotado, se interpret\u00f3<strong> &#8216;Virgen del Valle&#8217; y &#8216;Amarguras&#8217;,<\/strong> para poner los cuatro zancos en el suelo por unas horas. <\/p>\n<p class=\"voc-p\" style=\"\"><strong>Manuel Soria,<\/strong> el p\u00e1rroco de Santa Ana, dio por concluido el traslado, <strong>felicit\u00f3 p\u00fablicamente a Jos\u00e9 Antonio Rodr\u00edguez,<\/strong> que ven\u00eda del Consejo de Cofrad\u00edas tras ser designado como pregonero de la Semana Santa de Sevilla y se elev\u00f3 la salve de la Esperanza. Tan solo unas horas habr\u00e1 descanso porque ya llega la Esperanza al Pol\u00edgono Sur.<\/p>\n<p>Reportar un error<\/p>\n","protected":false},"excerpt":{"rendered":"03\/10\/2025 Actualizado a las 23:19h. La Esperanza ha iniciado su misi\u00f3n hacia uno de los rincones de mayor&hellip;\n","protected":false},"author":2,"featured_media":155543,"comment_status":"","ping_status":"","sticky":false,"template":"","format":"standard","meta":{"footnotes":""},"categories":[8],"tags":[683,17,18,25,24,9572,13,14,11,6683,19,20,10008,9,10,15,16,5503,4065,23,14132,12,2753,21,22],"class_list":{"0":"post-155542","1":"post","2":"type-post","3":"status-publish","4":"format-standard","5":"has-post-thumbnail","7":"category-espana","8":"tag-ana","9":"tag-breaking-news","10":"tag-breakingnews","11":"tag-es","12":"tag-espana","13":"tag-esperanza","14":"tag-featured-news","15":"tag-featurednews","16":"tag-headlines","17":"tag-inicia","18":"tag-latest-news","19":"tag-latestnews","20":"tag-mision","21":"tag-news","22":"tag-noticias","23":"tag-noticias-destacadas","24":"tag-noticiasdestacadas","25":"tag-poligono","26":"tag-santa","27":"tag-spain","28":"tag-sur","29":"tag-titulares","30":"tag-traslado","31":"tag-ultimas-noticias","32":"tag-ultimasnoticias"},"share_on_mastodon":{"url":"","error":""},"_links":{"self":[{"href":"https:\/\/www.europesays.com\/es\/wp-json\/wp\/v2\/posts\/155542","targetHints":{"allow":["GET"]}}],"collection":[{"href":"https:\/\/www.europesays.com\/es\/wp-json\/wp\/v2\/posts"}],"about":[{"href":"https:\/\/www.europesays.com\/es\/wp-json\/wp\/v2\/types\/post"}],"author":[{"embeddable":true,"href":"https:\/\/www.europesays.com\/es\/wp-json\/wp\/v2\/users\/2"}],"replies":[{"embeddable":true,"href":"https:\/\/www.europesays.com\/es\/wp-json\/wp\/v2\/comments?post=155542"}],"version-history":[{"count":0,"href":"https:\/\/www.europesays.com\/es\/wp-json\/wp\/v2\/posts\/155542\/revisions"}],"wp:featuredmedia":[{"embeddable":true,"href":"https:\/\/www.europesays.com\/es\/wp-json\/wp\/v2\/media\/155543"}],"wp:attachment":[{"href":"https:\/\/www.europesays.com\/es\/wp-json\/wp\/v2\/media?parent=155542"}],"wp:term":[{"taxonomy":"category","embeddable":true,"href":"https:\/\/www.europesays.com\/es\/wp-json\/wp\/v2\/categories?post=155542"},{"taxonomy":"post_tag","embeddable":true,"href":"https:\/\/www.europesays.com\/es\/wp-json\/wp\/v2\/tags?post=155542"}],"curies":[{"name":"wp","href":"https:\/\/api.w.org\/{rel}","templated":true}]}}