{"id":155544,"date":"2025-10-03T21:45:15","date_gmt":"2025-10-03T21:45:15","guid":{"rendered":"https:\/\/www.europesays.com\/es\/155544\/"},"modified":"2025-10-03T21:45:15","modified_gmt":"2025-10-03T21:45:15","slug":"fc-barcelona-lo-que-se-perdera-lamine-objetivo-el-clasico-del-26-de-octubre","status":"publish","type":"post","link":"https:\/\/www.europesays.com\/es\/155544\/","title":{"rendered":"FC Barcelona | Lo que se perder\u00e1 Lamine: objetivo, el Cl\u00e1sico del 26 de octubre"},"content":{"rendered":"<p data-gtm-element-container=\"modulo-texto-link\" class=\"paragraph\"><strong>Lamine Yamal <\/strong>(18 a\u00f1os) vuelve a estar de baja porque ha reca\u00eddo de sus problemas en el pubis. Tras acabar con dolor en esa zona el partido contra el PSG, el delantero azulgrana estar\u00e1 entre dos y tres semanas de baja y se perder\u00e1 varios partidos con el Bar\u00e7a y la selecci\u00f3n espa\u00f1ola. El objetivo, eso s\u00ed, es que pueda acabar definitivamente con las molestias y est\u00e9 al 100 por cien en el Cl\u00e1sico contra el Real Madrid del pr\u00f3ximo 26 de octubre.<\/p>\n<p data-gtm-element-container=\"modulo-texto-link\" class=\"paragraph\">De entrada, <strong><a href=\"https:\/\/www.mundodeportivo.com\/futbol\/fc-barcelona\/20251003\/1002544327\/rfef-confirma-baja-lamine-desconvocado.html\" title=\"lamine yamal\" target=\"_blank\" rel=\"nofollow noopener\">Lamine<\/a> <\/strong>no ir\u00e1 a la concentraci\u00f3n para disputar los encuentros clasificatorios para el Mundial contra Georgia en Elche del pr\u00f3ximo d\u00eda 11 de octubre, ni el de Valladolid frente a Bulgaria del d\u00eda 14.<\/p>\n<p data-gtm-element-container=\"modulo-texto-link\" class=\"paragraph\">Con el club azulgrana es baja contra el <strong>Sevilla <\/strong>para el partido de este domingo (16.15h\/Movistar LaLiga) y est\u00e1 casi descartado contra el <strong>Girona<\/strong>. El duelo contra los de M\u00edchel se jugar\u00e1 el 18, cumpli\u00e9ndose quince d\u00edas justos.\u00a0<\/p>\n<p>    Lee tambi\u00e9n<\/p>\n<p data-gtm-element-container=\"modulo-texto-link\" class=\"paragraph\">Su reaparici\u00f3n podr\u00eda ser ante <strong>Olympiacos <\/strong>en Champions League, el d\u00eda 21, el \u00faltimo partido antes del Cl\u00e1sico contra el Real Madrid. A pesar de ello, a d\u00eda de hoy es duda para ese choque y seg\u00fan su evoluci\u00f3n se ver\u00e1 si puede tener algunos minutos contra los griegos.<\/p>\n","protected":false},"excerpt":{"rendered":"Lamine Yamal (18 a\u00f1os) vuelve a estar de baja porque ha reca\u00eddo de sus problemas en el pubis.&hellip;\n","protected":false},"author":2,"featured_media":155545,"comment_status":"","ping_status":"","sticky":false,"template":"","format":"standard","meta":{"footnotes":""},"categories":[5],"tags":[17,18,25,24,13,14,11,19,20,9,10,15,16,23,12,21,22],"class_list":{"0":"post-155544","1":"post","2":"type-post","3":"status-publish","4":"format-standard","5":"has-post-thumbnail","7":"category-titulares","8":"tag-breaking-news","9":"tag-breakingnews","10":"tag-es","11":"tag-espana","12":"tag-featured-news","13":"tag-featurednews","14":"tag-headlines","15":"tag-latest-news","16":"tag-latestnews","17":"tag-news","18":"tag-noticias","19":"tag-noticias-destacadas","20":"tag-noticiasdestacadas","21":"tag-spain","22":"tag-titulares","23":"tag-ultimas-noticias","24":"tag-ultimasnoticias"},"share_on_mastodon":{"url":"","error":""},"_links":{"self":[{"href":"https:\/\/www.europesays.com\/es\/wp-json\/wp\/v2\/posts\/155544","targetHints":{"allow":["GET"]}}],"collection":[{"href":"https:\/\/www.europesays.com\/es\/wp-json\/wp\/v2\/posts"}],"about":[{"href":"https:\/\/www.europesays.com\/es\/wp-json\/wp\/v2\/types\/post"}],"author":[{"embeddable":true,"href":"https:\/\/www.europesays.com\/es\/wp-json\/wp\/v2\/users\/2"}],"replies":[{"embeddable":true,"href":"https:\/\/www.europesays.com\/es\/wp-json\/wp\/v2\/comments?post=155544"}],"version-history":[{"count":0,"href":"https:\/\/www.europesays.com\/es\/wp-json\/wp\/v2\/posts\/155544\/revisions"}],"wp:featuredmedia":[{"embeddable":true,"href":"https:\/\/www.europesays.com\/es\/wp-json\/wp\/v2\/media\/155545"}],"wp:attachment":[{"href":"https:\/\/www.europesays.com\/es\/wp-json\/wp\/v2\/media?parent=155544"}],"wp:term":[{"taxonomy":"category","embeddable":true,"href":"https:\/\/www.europesays.com\/es\/wp-json\/wp\/v2\/categories?post=155544"},{"taxonomy":"post_tag","embeddable":true,"href":"https:\/\/www.europesays.com\/es\/wp-json\/wp\/v2\/tags?post=155544"}],"curies":[{"name":"wp","href":"https:\/\/api.w.org\/{rel}","templated":true}]}}