{"id":155556,"date":"2025-10-03T21:57:34","date_gmt":"2025-10-03T21:57:34","guid":{"rendered":"https:\/\/www.europesays.com\/es\/155556\/"},"modified":"2025-10-03T21:57:34","modified_gmt":"2025-10-03T21:57:34","slug":"la-homosexualidad-de-mi-padre-fue-su-gran-sufrimiento","status":"publish","type":"post","link":"https:\/\/www.europesays.com\/es\/155556\/","title":{"rendered":"La homosexualidad de mi padre fue su gran sufrimiento"},"content":{"rendered":"<p class=\"paragraph\" id=\"paragraph_1\">Tras El consentimiento, Vanessa Springora <strong>regresa con El nombre del padre<\/strong>, un libro \u00edntimo que explora los secretos familiares que marcaron su vida.<\/p>\n<p class=\"paragraph\" id=\"paragraph_2\">Tras la muerte de su padre, se enfrenta a hallazgos sorprendentes: fotograf\u00edas que revelan <strong>la implicaci\u00f3n nazi de su abuelo<\/strong>, objetos que delatan la homosexualidad reprimida de su padre y testimonios que reconstruyen una historia de silencios, contradicciones y ausencias.<\/p>\n<p class=\"paragraph\" id=\"paragraph_3\">La obra transforma heridas en reflexi\u00f3n y vac\u00edos en palabra, ofreciendo un di\u00e1logo universal sobre memoria, identidad y los lazos que nos definen.<\/p>\n<p><img decoding=\"async\" alt=\"Vanessa Springora vendi\u00f3 cientos de miles de ejemplares de 'El consentimiento', su libro anterior.\" data-imgm=\"true\" height=\"240\" loading=\"lazy\"  src=\"https:\/\/www.europesays.com\/es\/wp-content\/uploads\/2025\/10\/1003743949077_259096215_854x640.jpg\"  width=\"320\"\/><\/p>\n<p>                                                            Vanessa Springora vendi\u00f3 cientos de miles de ejemplares de &#8216;El consentimiento&#8217;, su libro anterior.<\/p>\n<p>                    Esteban Palazuelos<\/p>\n<p class=\"paragraph\" id=\"paragraph_4\"><strong>D\u00edas despu\u00e9s de publicar El consentimiento muri\u00f3 tu padre, y en el libro relatas una experiencia dur\u00edsima. \u00bfC\u00f3mo llegaste a transformarlo en escritura?<\/strong><\/p>\n<p class=\"paragraph\" id=\"paragraph_5\">Cuando sucedi\u00f3, yo estaba muy lejos de imaginar que escribir\u00eda sobre ello. El momento de entrar en su apartamento y tener que identificar su cad\u00e1ver fue tan brutal que resultaba imposible pensarlo, mucho menos narrarlo. Pero con el tiempo esa escena se impuso: necesitaba volver a ella, explorarla, darle palabras.<\/p>\n<p class=\"paragraph\" id=\"paragraph_6\"><strong>\u00bfC\u00f3mo reaccion\u00f3 tu entorno m\u00e1s cercano ante la posibilidad de que contaras esta historia tan personal?<\/strong><\/p>\n<p class=\"paragraph\" id=\"paragraph_7\">Al principio me cost\u00f3 hablarlo con mi t\u00edo, cuya colaboraci\u00f3n fue esencial. Con el tiempo confi\u00f3 en m\u00ed y su apoyo fue clave durante toda la investigaci\u00f3n. Tambi\u00e9n cont\u00e9 con el respaldo de mi pareja y de mi hijo, cuya reacci\u00f3n, especialmente importante por su edad cuando se public\u00f3 El consentimiento, fue un regalo.<\/p>\n<p class=\"paragraph\" id=\"paragraph_8\">\u00c9l se mostr\u00f3 orgulloso y entusiasmado, lo que me permiti\u00f3 avanzar con seguridad en un relato m\u00e1s maduro y sensible que el primero.<\/p>\n<p class=\"paragraph\" id=\"paragraph_9\"><strong>\u00bfEn qu\u00e9 medida la historia del abuelo condiciona la identidad del padre y la tuya propia?<\/strong><\/p>\n<p class=\"paragraph\" id=\"paragraph_10\">Lo hizo profundamente. El cambio de apellido muestra esa idea psicoanal\u00edtica de que llevar el nombre del padre determina qui\u00e9n eres. Lo descubr\u00ed al ver una foto de mi abuelo: prueba de que nuestro apellido era un seud\u00f3nimo inventado. El verdadero era Springer, con una ra\u00edz com\u00fan, pero distinto.<\/p>\n<p class=\"paragraph\" id=\"paragraph_11\">Esa invenci\u00f3n abri\u00f3 una fisura en la identidad: \u00bfqui\u00e9n soy si llevo un apellido que no es real, sino creado? Mi abuelo lo hizo para reconstruir su vida, borrar el pasado y dar a sus hijos la oportunidad de no cargar con una verg\u00fcenza heredada.<\/p>\n<p class=\"paragraph\" id=\"paragraph_12\">Como escritora, busco darle otro sentido. Mi tarea es transformar esa herencia y resignificar un nombre falso para que, en lugar de ocultar, pueda crear un nuevo valor y una nueva vida.<\/p>\n<p class=\"paragraph\" id=\"paragraph_13\"><strong>\u00bfC\u00f3mo abordas la historia familiar en este libro?<\/strong><\/p>\n<p class=\"paragraph\" id=\"paragraph_14\">Muestra a un abuelo que escap\u00f3 del nazismo y del estalinismo y trabaj\u00f3 para los americanos en la liberaci\u00f3n, una narrativa muy positiva. Sin embargo, la vida de mi padre revela una faceta mucho m\u00e1s sombr\u00eda. Este libro busca desmitificar esa versi\u00f3n idealizada y poner palabras a una realidad que hasta ahora hab\u00eda permanecido oculta.<\/p>\n<p class=\"paragraph\" id=\"paragraph_15\"><strong>El padre es un personaje central y ausente. \u00bfC\u00f3mo has trabajado sus recuerdos, silencios y huellas para traerlo al presente?<\/strong><\/p>\n<p class=\"paragraph\" id=\"paragraph_16\">Esta evoluci\u00f3n se percibe claramente en la estructura del libro: empieza con una carta dirigida a \u00e9l y termina con otra dirigida a mi profesor, como si mi padre las hubiera escrito antes de morir. Al principio, cuando descubro su apartamento y todo lo que contiene, me siento cargada de c\u00f3lera, ira e incomprensi\u00f3n.<\/p>\n<p class=\"paragraph\" id=\"paragraph_17\">No entiendo su abandono, su fracaso, el aislamiento moral, social e incluso f\u00edsico en el que termin\u00f3. Esa impotencia y rabia dominan mis primeras reflexiones. Pero al final del libro, esa carga se transforma y mi mirada hacia \u00e9l cambia. Siento m\u00e1s empat\u00eda y compasi\u00f3n por todo lo que vivi\u00f3 y por el peso de los secretos familiares que tuvo que guardar durante toda su vida.<\/p>\n<p class=\"paragraph\" id=\"paragraph_18\"><strong>\u00bfC\u00f3mo ha cambiado tu perspectiva tras descubrir estas verdades?<\/strong><\/p>\n<p class=\"paragraph\" id=\"paragraph_19\">Fue muy importante en mi infancia. Mi abuelo actuaba casi como un padre sustituto: encantador, elegante, profundamente enamorado de mi abuela\u2026 el hombre perfecto en muchos sentidos. Pero no pod\u00eda imaginar que en su juventud se hab\u00eda implicado en circunstancias y convicciones terribles.<\/p>\n<p class=\"paragraph\" id=\"paragraph_20\">Eso me ense\u00f1\u00f3 que las trayectorias nunca son lineales. Todos tenemos zonas grises, en cada familia, y hay que aprender a aceptarlas, no justificarlas, pero s\u00ed intentar entenderlas.<\/p>\n<p class=\"paragraph\" id=\"paragraph_21\">Descubrir estas verdades fue tambi\u00e9n un alivio enorme. La verdad, por dolorosa que sea, es m\u00e1s f\u00e1cil de gestionar que las mentiras y los secretos. Ver esa foto y confrontar la historia familiar me permiti\u00f3 responder preguntas que me hac\u00eda desde ni\u00f1a, hacer las paces con mi pasado y, finalmente, contar la historia de qui\u00e9n soy sin sentirme responsable.<\/p>\n<p class=\"paragraph\" id=\"paragraph_22\"><strong>\u00bfSe puede decir que has sabido gestionar la tensi\u00f3n entre el silencio y la palabra escrita?<\/strong><\/p>\n<p class=\"paragraph\" id=\"paragraph_23\">S\u00ed, y esto me ha generado muchos problemas cuando descubr\u00ed el apellido de mi abuelo, Springer. Al investigar su ra\u00edz y etimolog\u00eda, descubr\u00ed que es germ\u00e1nica y est\u00e1 relacionada con la palabra, con el acto de hablar. Eso me intrig\u00f3 mucho.<\/p>\n<p class=\"paragraph\" id=\"paragraph_24\">Dentro de este proceso, decid\u00ed tomar la palabra, usarla como forma de liberaci\u00f3n. De alguna manera, me permiti\u00f3 nombrar realidades complejas que hasta entonces no hab\u00edan sido verbalizadas. Es una manera de dar nombre a esos fantasmas que nos visitan y, al mismo tiempo, mantenerlos un poco a distancia.<\/p>\n<p class=\"paragraph\" id=\"paragraph_25\"><strong>\u00bfCrees que tu abuela conoc\u00eda la verdadera vida de tu abuelo?<\/strong><\/p>\n<p class=\"paragraph\" id=\"paragraph_26\">S\u00ed, tengo casi la certeza. Cuando era m\u00e1s joven intent\u00e9 hacerle preguntas para entender su pasado, porque nadie me contaba nada: ni mi madre, ni mi padre. Siempre me topaba con un muro. Mi abuela, que era muy locuaz y contaba muchas historias, guardaba silencio absoluto sobre \u00e9l.<\/p>\n<p class=\"paragraph\" id=\"paragraph_27\">Creo que si no hubiera sabido de su pasado nazi, probablemente habr\u00eda sido m\u00e1s abierta al hablar. La adoraci\u00f3n que ella sent\u00eda por mi abuelo estaba por encima del tema moral de sus acciones. Ellos se enamoraron muy j\u00f3venes: ella ten\u00eda 19 y \u00e9l m\u00e1s de 30.<\/p>\n<p class=\"paragraph\" id=\"paragraph_28\">Fue el hombre de su vida hasta que muri\u00f3 y siempre habl\u00f3 de \u00e9l con una nostalgia extraordinaria. Ella le perdon\u00f3 y decidi\u00f3 proteger su secreto hasta el final, aunque eso fuera en detrimento de sus hijos. En eso no estoy de acuerdo. El silencio, a veces, puede ser tambi\u00e9n complicidad.<\/p>\n<p><img decoding=\"async\" alt=\"La escritora descubri\u00f3 que su apellido era inventado y lo cuenta en su novela.\" data-imgm=\"true\" height=\"240\" loading=\"lazy\"  src=\"https:\/\/www.europesays.com\/es\/wp-content\/uploads\/2025\/10\/1003743949105_259096523_854x640.jpg\"  width=\"320\"\/><\/p>\n<p>                                                            La escritora descubri\u00f3 que su apellido era inventado y lo cuenta en su novela.<\/p>\n<p>                    Esteban Palazuelos<\/p>\n<p class=\"paragraph\" id=\"paragraph_29\"><strong>Tu libro mezcla lo \u00edntimo y lo colectivo. \u00bfBuscabas tambi\u00e9n llamar la atenci\u00f3n de la sociedad?<\/strong><\/p>\n<p class=\"paragraph\" id=\"paragraph_30\">S\u00ed, porque habla de la memoria familiar y de c\u00f3mo las experiencias personales se entrelazan con la historia de los dem\u00e1s. Descubr\u00ed, por ejemplo, la homosexualidad reprimida de mi padre, un sufrimiento que atraves\u00f3 toda su vida sin poder mostrarse tal como era.<\/p>\n<p class=\"paragraph\" id=\"paragraph_31\">A\u00fan hoy nos enfrenta a prejuicios y estigmas, como los que vemos en discursos pol\u00edticos de l\u00edderes como Putin o Trump. Temas profundamente personales se vuelven colectivos: reflejan c\u00f3mo las decisiones, secretos y silencios de una familia tienen ecos en la sociedad.<\/p>\n<p class=\"paragraph\" id=\"paragraph_32\">Tambi\u00e9n est\u00e1 la historia de mi abuelo, que en su juventud se vio atra\u00eddo por facciones fascistas y fue arrastrado por la propaganda del Estado. Esto plantea preguntas universales sobre c\u00f3mo enfrentarse al miedo, a la presi\u00f3n social y a los secretos que cargamos.<\/p>\n<p class=\"paragraph\" id=\"paragraph_33\">Y, al final, todo converge en la verg\u00fcenza: la de mi padre, la que yo misma siento al desenterrar estas historias. Reconocerla es doloroso, pero tambi\u00e9n imprescindible para comprender qui\u00e9nes somos y c\u00f3mo lidiar con las sombras que heredamos.<\/p>\n<p class=\"paragraph\" id=\"paragraph_34\"><strong>Has hablado de la verg\u00fcenza y de sentirte observada. Al contar tu historia, \u00bfc\u00f3mo gestionas esa sensaci\u00f3n?<\/strong><\/p>\n<p class=\"paragraph\" id=\"paragraph_35\">La verg\u00fcenza de mi padre, que \u00e9l arrastraba desde joven, me ha acompa\u00f1ado como herencia familiar. La comprend\u00ed mejor cuando descubr\u00ed una fotograf\u00eda de \u00e9l cuando era ni\u00f1o, que confirmaba lo que me contaba un testigo sobre su infancia y la relaci\u00f3n de mi abuelo con el nazismo.<\/p>\n<p class=\"paragraph\" id=\"paragraph_36\">Crecer en un pa\u00eds liberado por los aliados mientras tu padre estuvo del otro lado marc\u00f3 profundamente su sentido de culpa y verg\u00fcenza. Esta carga se mezclaba con secretos sobre su sexualidad y su historia familiar; ser parte de esa familia implicaba recibir esa herencia.<\/p>\n<p class=\"paragraph\" id=\"paragraph_37\">Mi abuelo y bisabuelo eran figuras complejas. En un mismo linaje aparecen v\u00edctimas y verdugos, y entender esa ambig\u00fcedad es clave para enfrentar los secretos familiares sin justificar, pero tambi\u00e9n sin ignorar, la sombra que arrastramos.<\/p>\n<p class=\"paragraph\" id=\"paragraph_38\"><strong>Durante tu investigaci\u00f3n, \u00bfhubo alg\u00fan hallazgo que te conmovi\u00f3 especialmente?<\/strong><\/p>\n<p class=\"paragraph\" id=\"paragraph_39\">Mi padre fue lo que m\u00e1s me conmovi\u00f3. Empec\u00e9 a comprender mejor ciertas actitudes suyas que de ni\u00f1a me parec\u00edan extra\u00f1as, como te\u00f1irse el pelo o gestos m\u00e1s \u201cafeminados\u201d, y tambi\u00e9n sus tres matrimonios, intentos de seguir un modelo heteropatriarcal que nunca funcion\u00f3. Todo esto, aunque parezca un fracaso, tiene hoy sentido para m\u00ed.<\/p>\n<p class=\"paragraph\" id=\"paragraph_40\">Adem\u00e1s, descubr\u00ed el s\u00edndrome de Di\u00f3genes, que se manifestaba en su apartamento. Era un reflejo de su miedo a la p\u00e9rdida y de duelos no resueltos, especialmente tras la muerte de mi abuela, con quien vivi\u00f3 los \u00faltimos a\u00f1os. Se sent\u00eda como un ni\u00f1o perdido, incapaz de ordenar su entorno, mostrando una falta de afecto enorme y heridas profundas.<\/p>\n<p class=\"paragraph\" id=\"paragraph_41\">Tambi\u00e9n me impresion\u00f3 c\u00f3mo conserv\u00f3 intacta la habitaci\u00f3n de su madre, como una especie de c\u00e1mara cerrada, respetando su memoria. Fue tan impactante que tuve que hacer fotos para documentarlo, porque si no, nadie me hubiera cre\u00eddo. Todo esto fue muy emotivo y revelador para entenderlo y procesarlo.<\/p>\n<p class=\"paragraph\" id=\"paragraph_42\"><strong>\u00bfQu\u00e9 papel tuvo la ausencia de tu madre en tu vida?<\/strong><\/p>\n<p class=\"paragraph\" id=\"paragraph_43\">Mis padres se separaron cuando yo ten\u00eda seis a\u00f1os, as\u00ed que mi infancia estuvo marcada por esa distancia. Mi padre volvi\u00f3 a casarse con otra mujer, pero esa relaci\u00f3n tampoco funcion\u00f3. Creo que ella tambi\u00e9n vivi\u00f3 en un constante interrogante sobre qui\u00e9n era \u00e9l realmente.<\/p>\n<p class=\"paragraph\" id=\"paragraph_44\">Al contarle lo que iba descubriendo, sent\u00ed que pod\u00eda darle algunas respuestas, porque ella tambi\u00e9n hab\u00eda vivido con un desconocido en cierto sentido.<\/p>\n<p class=\"paragraph\" id=\"paragraph_45\"><strong>Tus libros giran en torno a la ausencia y al consentimiento. \u00bfHacia d\u00f3nde quieres llevar estos temas?<\/strong><\/p>\n<p class=\"paragraph\" id=\"paragraph_46\">No lo s\u00e9 exactamente. Cuando publiqu\u00e9 El consentimiento, no sab\u00eda cu\u00e1l ser\u00eda el siguiente libro. El nombre del padre fue dif\u00edcil de escribir y me sumerg\u00ed completamente en ello. Ahora espero tener un momento de pausa para explorar otros temas, aunque me interesa mucho c\u00f3mo los ecos de este libro resuenan en la actualidad.<\/p>\n<p class=\"paragraph\" id=\"paragraph_47\"><strong>\u00bfEs como si el pasado regresara al presente?<\/strong><\/p>\n<p class=\"paragraph\" id=\"paragraph_48\">En cierto modo, s\u00ed. Por ahora no quiero desvincularme de esta narrativa autobiogr\u00e1fica. Me gusta contar historias \u00edntimas que, aunque personales, puedan tener un alcance universal.<\/p>\n<p class=\"paragraph\" id=\"paragraph_49\">Siento que la literatura me permite ese di\u00e1logo y continuar\u00e9 escribiendo seg\u00fan mi m\u00e9todo, sin sentirme obligada a producir libros por necesidad.<\/p>\n<p class=\"paragraph\" id=\"paragraph_50\"><strong>\u00bfC\u00f3mo definir\u00edas El nombre del padre?<\/strong><\/p>\n<p class=\"paragraph\" id=\"paragraph_51\">No ha sido f\u00e1cil definirlo\u2026<\/p>\n<p>Escucha Autoras de palabra con Rosa en tu plataforma favorita:<\/p>\n<p data-mrf-recirculation=\"links-parrafos\"><a cmp-ltrk=\"links-parrafos\" cmp-ltrk-idx=\"1\" data-mrf-link=\"https:\/\/open.spotify.com\/show\/1C8QSknE8v55VnWsFb1XOQ\" data-mrf-recirculation-id=\"links-parrafos_1\" href=\"https:\/\/open.spotify.com\/show\/1C8QSknE8v55VnWsFb1XOQ\" mrfobservableid=\"8d7eb267-116d-4fd7-8841-c0c79c018ba8\" rel=\"nofollow noopener\" target=\"_blank\">Spotify<\/a> |<a cmp-ltrk=\"links-parrafos\" cmp-ltrk-idx=\"2\" data-mrf-link=\"https:\/\/www.ivoox.com\/podcast-autoras-palabra-rosa_sq_f11801388_1.html\" data-mrf-recirculation-id=\"links-parrafos_2\" href=\"https:\/\/www.ivoox.com\/podcast-autoras-palabra-rosa_sq_f11801388_1.html\" mrfobservableid=\"13d2bf02-aa42-49a1-adb8-cb088b567366\" rel=\"nofollow noopener\" target=\"_blank\"> Ivoox <\/a>| <a cmp-ltrk=\"links-parrafos\" cmp-ltrk-idx=\"3\" data-mrf-link=\"https:\/\/podcasts.apple.com\/es\/podcast\/autoras-de-palabra-con-rosa\/id1662349476\" data-mrf-recirculation-id=\"links-parrafos_3\" href=\"https:\/\/podcasts.apple.com\/es\/podcast\/autoras-de-palabra-con-rosa\/id1662349476\" mrfobservableid=\"3aed1662-2270-499b-b867-78ed73935050\" rel=\"nofollow noopener\" target=\"_blank\">Apple<\/a> |<a cmp-ltrk=\"links-parrafos\" cmp-ltrk-idx=\"4\" data-mrf-link=\"https:\/\/podcasts.google.com\/feed\/aHR0cHM6Ly93d3cuc3ByZWFrZXIuY29tL3Nob3cvNTc2MTU5MS9lcGlzb2Rlcy9mZWVk?hl=es\" data-mrf-recirculation-id=\"links-parrafos_4\" href=\"https:\/\/podcasts.google.com\/feed\/aHR0cHM6Ly93d3cuc3ByZWFrZXIuY29tL3Nob3cvNTc2MTU5MS9lcGlzb2Rlcy9mZWVk?hl=es\" mrfobservableid=\"d5c6b714-1d7a-487e-bf4b-fd92c1d2e494\" rel=\"nofollow noopener\" target=\"_blank\"> Google<\/a><a cmp-ltrk=\"links-parrafos\" cmp-ltrk-idx=\"4\" data-mrf-link=\"https:\/\/podcasts.google.com\/feed\/aHR0cHM6Ly93d3cuc3ByZWFrZXIuY29tL3Nob3cvNTc2MTU5MS9lcGlzb2Rlcy9mZWVk?hl=es\" data-mrf-recirculation-id=\"links-parrafos_4\" href=\"https:\/\/podcasts.google.com\/feed\/aHR0cHM6Ly93d3cuc3ByZWFrZXIuY29tL3Nob3cvNTc2MTU5MS9lcGlzb2Rlcy9mZWVk?hl=es\" mrfobservableid=\"541e27d8-ddd5-40d2-a20c-ae26754f148d\" rel=\"nofollow noopener\" target=\"_blank\"> <\/a>| <a cmp-ltrk=\"links-parrafos\" cmp-ltrk-idx=\"5\" data-mrf-link=\"https:\/\/www.spreaker.com\/episode\/54140998\" data-mrf-recirculation-id=\"links-parrafos_5\" href=\"https:\/\/www.spreaker.com\/episode\/54140998\" mrfobservableid=\"b4375139-f4f0-4755-949b-c80a50add20a\" rel=\"nofollow noopener\" target=\"_blank\">Speaker<\/a> |<\/p>\n","protected":false},"excerpt":{"rendered":"Tras El consentimiento, Vanessa Springora regresa con El nombre del padre, un libro \u00edntimo que explora los secretos&hellip;\n","protected":false},"author":2,"featured_media":155557,"comment_status":"","ping_status":"","sticky":false,"template":"","format":"standard","meta":{"footnotes":""},"categories":[172],"tags":[224,146,147,2958,25,24,225,671,6874,23],"class_list":{"0":"post-155556","1":"post","2":"type-post","3":"status-publish","4":"format-standard","5":"has-post-thumbnail","7":"category-libros","8":"tag-books","9":"tag-entertainment","10":"tag-entretenimiento","11":"tag-entrevistas","12":"tag-es","13":"tag-espana","14":"tag-libros","15":"tag-literatura","16":"tag-protagonistas","17":"tag-spain"},"share_on_mastodon":{"url":"","error":""},"_links":{"self":[{"href":"https:\/\/www.europesays.com\/es\/wp-json\/wp\/v2\/posts\/155556","targetHints":{"allow":["GET"]}}],"collection":[{"href":"https:\/\/www.europesays.com\/es\/wp-json\/wp\/v2\/posts"}],"about":[{"href":"https:\/\/www.europesays.com\/es\/wp-json\/wp\/v2\/types\/post"}],"author":[{"embeddable":true,"href":"https:\/\/www.europesays.com\/es\/wp-json\/wp\/v2\/users\/2"}],"replies":[{"embeddable":true,"href":"https:\/\/www.europesays.com\/es\/wp-json\/wp\/v2\/comments?post=155556"}],"version-history":[{"count":0,"href":"https:\/\/www.europesays.com\/es\/wp-json\/wp\/v2\/posts\/155556\/revisions"}],"wp:featuredmedia":[{"embeddable":true,"href":"https:\/\/www.europesays.com\/es\/wp-json\/wp\/v2\/media\/155557"}],"wp:attachment":[{"href":"https:\/\/www.europesays.com\/es\/wp-json\/wp\/v2\/media?parent=155556"}],"wp:term":[{"taxonomy":"category","embeddable":true,"href":"https:\/\/www.europesays.com\/es\/wp-json\/wp\/v2\/categories?post=155556"},{"taxonomy":"post_tag","embeddable":true,"href":"https:\/\/www.europesays.com\/es\/wp-json\/wp\/v2\/tags?post=155556"}],"curies":[{"name":"wp","href":"https:\/\/api.w.org\/{rel}","templated":true}]}}