{"id":155558,"date":"2025-10-03T21:58:13","date_gmt":"2025-10-03T21:58:13","guid":{"rendered":"https:\/\/www.europesays.com\/es\/155558\/"},"modified":"2025-10-03T21:58:13","modified_gmt":"2025-10-03T21:58:13","slug":"las-frases-de-ayuso-con-ana-rosa-que-preferimos-olvidar-migracion-vox-e-israel","status":"publish","type":"post","link":"https:\/\/www.europesays.com\/es\/155558\/","title":{"rendered":"Las frases de Ayuso con Ana Rosa que preferimos olvidar: migraci\u00f3n, Vox e Israel"},"content":{"rendered":"<p>Se esperaba una de esas entrevistas en la que no deja t\u00edtere con cabeza y, en cierto modo, no defraud\u00f3. <a href=\"https:\/\/www.huffingtonpost.es\/virales\/ayuso-reacciona-asi-juez-castro-mando-someterse-tratamiento-psiquiatrico.html\" rel=\"nofollow noopener\" target=\"_blank\">Isabel D\u00edaz Ayuso<\/a> ha elegido este lunes el plat\u00f3 de <a href=\"https:\/\/www.telecinco.es\/elprogramadeanarosa\/510015\/\" target=\"_blank\" rel=\"nofollow noopener\">&#8216;El programa de Ana Rosa&#8217;<\/a> para arrancar una semana que viene marcada por el giro anunciado del Partido Popular en materia de migraci\u00f3n, cuesti\u00f3n que empiezan a concretar en G\u00e9nova 13 en un contexto de acorralamiento en las encuestas por parte de Vox. Lo ha hecho con una bater\u00eda de frases y afirmaciones que amenazan con hacerse un hueco en su hemeroteca de &#8216;perlas&#8217;.<\/p>\n<p>La presidenta de la Comunidad de Madrid ha confirmado a Ana Rosa que ella no tiene tapujos en decir lo que en parte del PP se ha configurado como un arma de doble filo. La de presentar propuestas duras -y abiertamente racistas- contra los migrantes para atajar esa fuga de potenciales votantes a la ultraderecha de los de Abascal, corriendo el riesgo de perder otros votos por el centro. En la conversaci\u00f3n entre ambas tambi\u00e9n han surgido otras cuestiones de actualidad, como su opini\u00f3n y postura sobre el genocidio israel\u00ed cometido en la Franja de Gaza, donde varios barones se han distanciado ya de la l\u00ednea de Feij\u00f3o, como Alfonso <a href=\"https:\/\/www.huffingtonpost.es\/politica\/en-pp-empiezan-hablar-genocidio-feijoo-ayusoan-barroso.html\" rel=\"nofollow noopener\" target=\"_blank\">Rueda o Juan Manuel Moreno Bonilla<\/a> (spoiler: ella no).\u00a0<\/p>\n<p>Por otra parte, y en lo referente al gran debate sobre la migraci\u00f3n en el PP, Ayuso ha sido preguntada hoy por cu\u00e1l fue la postura que dej\u00f3 en las reuniones de su partido y esta ha sido cautelosa, pero s\u00ed ha dejado una carta de presentaci\u00f3n reveladora: \u00abYo no puedo decir lo que hemos hablado en una <a href=\"https:\/\/www.huffingtonpost.es\/politica\/nos-seminario-feijoo-recluye-barones-murcia-busca-unidad.html\" rel=\"nofollow noopener\" target=\"_blank\">reuni\u00f3n cerrada con los compa\u00f1eros<\/a>, pero mi frase final fue: &#8216;Vamos a hacer lo correcto, vamos a dejarnos de cursiladas'\u00bb. Bien, pues estas son todas las \u00abcursiladas\u00bb que Ayuso considera que ya no tienen cabida en el partido que lidera la oposici\u00f3n en Espa\u00f1a.<\/p>\n<p>C\u00f3mo diferenciar al migrante &#8216;bueno&#8217; para Espa\u00f1a y al que no, seg\u00fan Ayuso\u00a0<\/p>\n<p>Los primeros compases y, en realidad buena parte, de la entrevista han estado marcados por la virada -endurecimiento- que han dado en el PP respecto a sus posiciones sobre migraci\u00f3n y cuando peligra en gran medida la regularizaci\u00f3n de medio mill\u00f3n de migrantes que hab\u00edan pactado en el pasado los grandes partidos -para responder a una Iniciativa Legislativa Popular (ILP)-. Ayuso ha insistido en una idea que lleva tiempo extendiendo en Madrid y que parece que ha prendido bien en la nueva estrategia popular, la de que hay un tipo de migrantes que es m\u00e1s positivo para Espa\u00f1a que otro, aludiendo a una mayor adaptabilidad por cuestiones de idioma, religi\u00f3n o costumbres.<\/p>\n<p>\u00abIr a Am\u00e9rica es ser un americano m\u00e1s\u00bb<\/p>\n<p>Isabel D\u00edaz Ayuso, sobre EEUU<\/p>\n<p>En este sentido, Ayuso ha querido dejar claro que hay un reflejo donde ver c\u00f3mo ha funcionado la inmigraci\u00f3n. El espejo estadounidense, \u00abun pa\u00eds muy rico en contrastes\u00bb, del que recuerda que ella se declara partidaria de las pol\u00edticas del expresidente -y adalid del neoliberalismo m\u00e1s voraz- Ronald Reagan. \u00abIr a Am\u00e9rica es ser un americano m\u00e1s\u00bb, ha concretado, indicando que eso significa que todos son iguales para cuestiones como compartir el dolor por un atentado, donar sangre, alistarse al Ej\u00e9rcito o \u00abcelebrar sus tradiciones y costumbres\u00bb. A esto \u00faltimo ha especificado que \u00abpero en libertad\u00bb.<\/p>\n<p>Ayuso he subrayado que ella cree que inmigrante \u00abno solo es una aportaci\u00f3n econ\u00f3mica\u00bb, sino que \u00abda vida a sus hijos, da investigaciones, da arte&#8230;\u00bb. No obstante, a rengl\u00f3n seguido, ha indicado donde cree ella que est\u00e1 el \u00abproblema\u00bb. \u00abEl problema viene cuando no hay Estado de Derecho, cuando no hay control de fronteras, cuando hay un descontrol absoluto de un Gobierno [s\u00ed, se refiere al de Pedro S\u00e1nchez]\u00bb, ha enfatizado, pero matizando que no es por la migraci\u00f3n en s\u00ed, sino por \u00abuna cuesti\u00f3n de n\u00fameros\u00bb.<\/p>\n<p>Ayuso le ha relatado a Ana Rosa que \u00abes imposible atender a todo el mundo en el servicio p\u00fablico\u00bb y que a Espa\u00f1a \u00abviene gente que no cotiza, que no trabaja\u00bb y que recibe subvenciones sin que realmente quieran buscar un empleo: \u00abNo estar en la b\u00fasqueda activa de empleo pervierte el sistema\u00bb. No se ha quedado ah\u00ed en su relato sobre la migraci\u00f3n, con personas que \u00abdeambulan por las calles de Espa\u00f1a, sin oficio ni beneficio\u00bb o j\u00f3venes que \u00ablos vas viendo en manadas\u00bb. En ese momento, la presentadora le ha preguntado qu\u00e9 hay que hacer, \u00ab\u00bfdevolverlos?\u00bb, teniendo en cuenta la dificultad que existe para ello, por ejemplo, en el caso de los menores no acompa\u00f1ados.<\/p>\n<p>\u00abUn argentino, un venezolano en Madrid no es inmigrante(&#8230;). [Si lo es] ser\u00e1 una cuesti\u00f3n de papeles\u00bb<\/p>\n<p>Isabel D\u00edaz Ayuso<\/p>\n<p>Ayuso no ha contestado que hay que hacer, se ha limitado a repetir que \u00abes que tenemos un problema de fronteras, insisto\u00bb y dejar una falsedad hist\u00f3rica f\u00e1cilmente contrastable. \u00abEs que Espa\u00f1a no mandar\u00eda a sus menores dando vueltas sin control por todo el globo\u00bb, ha asegurado, obviando el impacto que tuvo la <a href=\"https:\/\/es.wikipedia.org\/wiki\/Emigraci%C3%B3n_espa%C3%B1ola\" target=\"_blank\" rel=\"nofollow noopener\">emigraci\u00f3n espa\u00f1ola<\/a> en pa\u00edses de Sudam\u00e9rica y posteriormente de Europa. Eso sin contar los que tuvieron que hacerlo <a href=\"https:\/\/losninosquenuncavolvieron.es\/\" target=\"_blank\" rel=\"nofollow noopener\">durante la Guerra Civil<\/a> espa\u00f1ola. \u00abYo no tengo competencias en materia de Inmigraci\u00f3n, Fronteras, ni si quiera de Seguridad\u00bb, ha advertido Ayuso.<\/p>\n<p>Entonces, Ana Rosa le ha repreguntado sobre un tipo de nacionalidad concreta, la de los migrantes que vienen de Sudam\u00e9rica y Centroam\u00e9rica. \u00abYo parto de que la inmigraci\u00f3n hispana no es inmigraci\u00f3n\u00bb, ha defendido Ayuso, asegurando que\u00a0 \u00abun argentino, un venezolano en Madrid no es inmigrante\u00bb y que si as\u00ed lo es -lo es-, es porque \u00abser\u00e1 una cuesti\u00f3n de papeles\u00bb. Al parecer, el mismo documento que le separa de estar en regla como le afectar\u00eda a un magreb\u00ed.\u00a0<\/p>\n<p>Ayuso recuerda que su posici\u00f3n es \u00abque todo el mundo venga con un permiso laboral\u00bb, pero recordando que \u00aba m\u00ed lo de trabajar solo no me vale, tiene que ser uno m\u00e1s\u00bb. Y ha explicado que no es solo por ella, sino por los otros migrantes que ya llevan a\u00f1os aqu\u00ed.\u00a0 \u00abCuando vengan mal dadas en este pa\u00eds, el migrante es el primero que se va a ir\u00bb, ha vaticinado la mandataria madrile\u00f1a, dibujando el retrato de un trabajador migrante que lleva m\u00e1s de una d\u00e9cada pagando impuestos en Espa\u00f1a.\u00a0<\/p>\n<p>Ana Rosa, directa: \u00ab\u00bfSe lleva mejor con Vox que con su partido?\u00bb. Ayuso: \u00abYo no vivo pensando si me dicen &#8216;qu\u00e9&#8217; o parece &#8216;cu\u00e1l'\u00bb<\/p>\n<p>En este sentido, Ana Rosa ha vuelto a insistir con la nueva subida de Vox a costa del Partido Popular, plante\u00e1ndole a Ayuso que \u00abhay qui\u00e9n dice\u00bb que si est\u00e1n \u00abacerc\u00e1ndose m\u00e1s\u00bb a los de Abascal. La m\u00e1xima responsable de lo populares madrile\u00f1os ha planteado que\u00a0\u00abbueno, yo soy&#8230; bueno, es que yo no vivo pensando&#8230; y adem\u00e1s as\u00ed lo dije el otro d\u00eda en la \u00faltima intervenci\u00f3n del s\u00e1bado&#8230; no se puede vivir a ver si me dicen &#8216;qu\u00e9&#8217;, a ver si parece &#8216;cu\u00e1l'\u00bb, ha respondido la presidenta de la Comunidad de Madrid, pasando a mencionar que \u00abel PP ha sido el partido m\u00e1s importante, desde luego lo es en n\u00famero de esca\u00f1os y votos\u00bb.<\/p>\n<p>\u00abEl PP es un partido que como su nombre indica es popular\u00bb. \u00bfQu\u00e9 significa eso? \u00abQue tiene que trabajar para el pueblo, para todos, para todas las edades, para todas las generaciones, para todos los problemas&#8230;\u00bb, ha comenzado a enumerar Ayuso, se\u00f1alando que el PP \u00abtiene que gestionar con rigor y haciendo propuestas siempre basadas en el Estado de Derecho, basadas en el cumplimiento de la ley, en la organizaci\u00f3n, en el orden, en el respeto, en la convivencia, en los buenos servicios p\u00fablicos, en la propiedad&#8230;\u00bb.<\/p>\n<p>\u00abA partir de ah\u00ed los apellidos que nos quieran poner\u2026 pues nos tienen que importar lo menos\u00bb<\/p>\n<p>Isabel D\u00edaz Ayuso<\/p>\n<p>Entonces, Ana Rosa ha cambiado el planteamiento de la pregunta. \u00ab\u00bfSe lleva mejor con Vox que con su partido?\u00bb, la he espetado a Ayuso.\u00a0 \u00abYo lo que s\u00e9 es que gobierno para todos, gobierno para todo el mundo\u00bb, ha asegurado, recordando que viene de reunirse con todos los grupos de la Asamblea -en una reuni\u00f3n que tiene periodicidad anual-. \u00abYo lo que s\u00e9 es que gobierno con mayor\u00eda absoluta para todos los madrile\u00f1os con un programa claro\u00bb, ha insistido sin responder a la pregunta inicial. Tambi\u00e9n ha dejado caer que \u00aby a partir de ah\u00ed los apellidos que nos quieran poner\u2026 pues nos tienen que importar lo menos\u00bb, pero tampoco ha concretado a qu\u00e9 se refiere exactamente con el t\u00e9rmino \u00abapellidos\u00bb y si m\u00e1s bien se refer\u00eda a adjetivos.<\/p>\n<p>Ayuso no ve genocidio en Gaza pero lamenta la postura del Gobierno respecto al S\u00e1hara<\/p>\n<p>\u00abCreo que ha llegado el momento de decir las cosas como son y de ser honestos con las situaciones\u00bb, hab\u00eda apostado Ayuso, en una de esas afirmaciones susceptibles de guardar un mensaje entre l\u00edneas a la direcci\u00f3n nacional de N\u00fa\u00f1ez Feij\u00f3o. \u00ab\u00bfQu\u00e9 est\u00e1 fallando, d\u00f3nde tenemos que tomar las decisiones, qu\u00e9 se espera del PP?\u00bb, ha dicho Ayuso, apostando mejor por otra receta. \u00abDefiende esto y olv\u00eddate de lo dem\u00e1s, t\u00fa no puedes sufrir en pol\u00edtica por el que dir\u00e1n porque ah\u00ed es cuando comienzas a cometer todo tipo de errores\u00bb, dijo. Y entonces Ana Rosa pregunt\u00f3 por Israel.\u00a0<\/p>\n<p>Concretamente, la presentadora inquiri\u00f3 a Ayuso por si cree que es vista como el gran apoyo a Israel en Espa\u00f1a, pero la cuesti\u00f3n del genocidio -seg\u00fan una agencia independiente de la ONU- que Israel perpetra en Gaza tambi\u00e9n sali\u00f3 a relucir en la entrevista, con Ayuso neg\u00e1ndolo en una l\u00ednea similar a la posici\u00f3n oficial del PP -aunque barones como Alfonso Rueda o Moreno Bonilla ya se hayan desmarcado-. \u00abGenocidio es un concepto que tienen que definir los tribunales\u00bb, asever\u00f3 Ayuso, para -sin esperar a esos tribunales- establecer que el del nazismo sobre los jud\u00edos s\u00ed fue un \u00abverdadero genocidio\u00bb.<\/p>\n<p>\u00abQue digas genocidio al pueblo jud\u00edo cuando el pueblo jud\u00edo fue sometido a un verdadero genocidio\u00bb, ha dicho Ayuso, asegurando que \u00abgenocidio fue Ruanda, Bosnia&#8230;\u00bb. Cabe recordar que ella, en un cierre de filas con el equipo Israel Premier Tech, lleg\u00f3 a comparar a la acci\u00f3n de los manifestantes en la final de La Vuelta ciclista con <a href=\"https:\/\/www.huffingtonpost.es\/virales\/ayuso-dice-madrid-parecia-un-sarajevo-guerra-perezreverte-le-recuerda-par-cosas.html\" rel=\"nofollow noopener\" target=\"_blank\">\u00abun Sarajevo en guerra\u00bb<\/a>. Y en ese momento ha dejado una suerte de comparaci\u00f3n que est\u00e1 levantando <a href=\"https:\/\/www.huffingtonpost.es\/virales\/ana-rosa-quintana-le-pregunta-ayuso-gaza-empieza-hablar-fernando-alonso.html\" rel=\"nofollow noopener\" target=\"_blank\">mucha pol\u00e9mica<\/a>. La de que ahora todo el mundo parece que sabe sobre el conflicto \u00e1rabe-israel\u00ed como cuando comenzaba la &#8216;Alonsoman\u00eda&#8217; y aparecieron tantos que sab\u00edan de F\u00f3rmula 1.<\/p>\n<p>\u00abUn conflicto tan ajeno, tan dif\u00edcil, cuando hay tantos en el mundo iguales y muchos peores&#8230; demuestra a lo que estamos\u00bb<\/p>\n<p>Isabel D\u00edaz Ayuso, sobre el genocidio israel\u00ed sobre Palestina<\/p>\n<p>Entonces, Ayuso ha mencionado que este, el de Israel y Palestina, \u00abes un conflicto que viene de siglos, que es complej\u00edsimo y para el que se nos obliga a tomar posici\u00f3n, postura, al rey [Felipe VI], a las comunidades aut\u00f3nomas, a los ayuntamientos&#8230;\u00bb. Ni de lejos se ha quedado ah\u00ed ni ha escatimado en otro tipo de adjetivos y consideraciones. \u00abEsa utilizaci\u00f3n de un conflicto tan ajeno, tan dif\u00edcil, cuando hay tantos en el mundo iguales y muchos peores&#8230; demuestra a lo que estamos\u00bb, ha dejado caer Ayuso refiri\u00e9ndose a la campa\u00f1a militar de Israel que, a d\u00eda de hoy, las cifras oficiales del Ministerio de salud gazat\u00ed apuntan a m\u00e1s 68.000 v\u00edctimas mortales. Seg\u00fan las cifras de estudios de investigadores de fuera de Gaza, la cifra real de esta barbarie es exponencialmente mayor y supera los <a href=\"https:\/\/www.huffingtonpost.es\/global\/680000-palestinos-muertos-380000-menores-cinconos-vuelta-pudo-terminar-luego-eurovision.html\" rel=\"nofollow noopener\" target=\"_blank\">680.000 palestinos muertos<\/a>, con entre ellos 380.000 menores de cinco a\u00f1os.<\/p>\n<p>Ayuso tambi\u00e9n ha expuesto que este conflicto se alargar\u00e1 y acabar\u00e1 pas\u00e1ndonos factura en Occidente \u00abmucho tiempo\u00bb, ante cuestiones como la dependencia de la tecnolog\u00eda israel\u00ed. Mientras le dec\u00eda a Ana Rosa que se fijara en \u00abla c\u00e1mara que lleva tu m\u00f3vil\u00bb hablando de \u00abla inmensa mayor\u00eda de la tecnolog\u00eda [israel\u00ed] que funciona en el mundo\u00bb, la presentadora le ha preguntado si entonces ella, como hizo el Gobierno de coalici\u00f3n progresista, tambi\u00e9n decretar\u00eda un embargo de armamento a Tel Aviv. Ha respondido que \u00abyo desde luego lo que no har\u00eda es algo como lo que hace el presidente del Gobierno que es utilizar infraestructuras y recursos espa\u00f1oles sin tener ni siquiera el pundonor de ir al Congreso\u00bb -no, no ha terminado despejando si ella embargar\u00eda armas al mismo pa\u00eds del que se re\u00fane peri\u00f3dicamente con su encargada de negocios-.\u00a0<\/p>\n<p>\u00abYo no abandonar\u00eda al S\u00e1hara a su suerte, al pueblo saharaui que no quer\u00eda ser marroqu\u00ed, que quiere ser espa\u00f1ol\u00bb<\/p>\n<p>Isabel D\u00edaz Ayuso, tras ser preguntada sobre un embargo de armas a Israel<\/p>\n<p>\u00abYo no abandonar\u00eda al S\u00e1hara a su suerte, al pueblo saharaui que no quer\u00eda ser marroqu\u00ed, que quiere ser espa\u00f1ol y siempre ha sido as\u00ed, abandonado\u00bb, ha asegurado Ayuso en una de esas frases que autom\u00e1ticamente pasan a la hemeroteca y que, inevitablemente, dejan flotando una duda en la habitaci\u00f3n sobre todo lo dicho minutos antes sobre los distintos grados de adaptabilidad de las personas extranjeras a esos valores occidentales. Quiz\u00e1s s\u00ed haya alguna de estas frases que merezca la pena recordar, de cara al futuro de quien volvi\u00f3 a asegurar que existe una \u00abguerra psicol\u00f3gica\u00bb contra ella por parte del Gobierno central.<\/p>\n","protected":false},"excerpt":{"rendered":"Se esperaba una de esas entrevistas en la que no deja t\u00edtere con cabeza y, en cierto modo,&hellip;\n","protected":false},"author":2,"featured_media":146420,"comment_status":"","ping_status":"","sticky":false,"template":"","format":"standard","meta":{"footnotes":""},"categories":[171],"tags":[880,1467,12495,20212,146,147,25,24,582,3515,890,6066,23,214,624],"class_list":{"0":"post-155558","1":"post","2":"type-post","3":"status-publish","4":"format-standard","5":"has-post-thumbnail","7":"category-tv","8":"tag-ana-rosa-quintana","9":"tag-comunidad-de-madrid","10":"tag-conflicto-israel-palestina","11":"tag-el-programa-de-ana-rosa","12":"tag-entertainment","13":"tag-entretenimiento","14":"tag-es","15":"tag-espana","16":"tag-gobierno","17":"tag-isabel-diaz-ayuso","18":"tag-migrantes","19":"tag-partido-popular-pp","20":"tag-spain","21":"tag-tv","22":"tag-vox"},"share_on_mastodon":{"url":"","error":""},"_links":{"self":[{"href":"https:\/\/www.europesays.com\/es\/wp-json\/wp\/v2\/posts\/155558","targetHints":{"allow":["GET"]}}],"collection":[{"href":"https:\/\/www.europesays.com\/es\/wp-json\/wp\/v2\/posts"}],"about":[{"href":"https:\/\/www.europesays.com\/es\/wp-json\/wp\/v2\/types\/post"}],"author":[{"embeddable":true,"href":"https:\/\/www.europesays.com\/es\/wp-json\/wp\/v2\/users\/2"}],"replies":[{"embeddable":true,"href":"https:\/\/www.europesays.com\/es\/wp-json\/wp\/v2\/comments?post=155558"}],"version-history":[{"count":0,"href":"https:\/\/www.europesays.com\/es\/wp-json\/wp\/v2\/posts\/155558\/revisions"}],"wp:featuredmedia":[{"embeddable":true,"href":"https:\/\/www.europesays.com\/es\/wp-json\/wp\/v2\/media\/146420"}],"wp:attachment":[{"href":"https:\/\/www.europesays.com\/es\/wp-json\/wp\/v2\/media?parent=155558"}],"wp:term":[{"taxonomy":"category","embeddable":true,"href":"https:\/\/www.europesays.com\/es\/wp-json\/wp\/v2\/categories?post=155558"},{"taxonomy":"post_tag","embeddable":true,"href":"https:\/\/www.europesays.com\/es\/wp-json\/wp\/v2\/tags?post=155558"}],"curies":[{"name":"wp","href":"https:\/\/api.w.org\/{rel}","templated":true}]}}