{"id":155565,"date":"2025-10-03T22:03:11","date_gmt":"2025-10-03T22:03:11","guid":{"rendered":"https:\/\/www.europesays.com\/es\/155565\/"},"modified":"2025-10-03T22:03:11","modified_gmt":"2025-10-03T22:03:11","slug":"san-diego-comic-con-malaga-responde-a-los-fans-lo-que-no-salio-bien-no-volvera-a-suceder","status":"publish","type":"post","link":"https:\/\/www.europesays.com\/es\/155565\/","title":{"rendered":"San Diego Comic-Con M\u00e1laga responde a los fans: \u00abLo que no sali\u00f3 bien no volver\u00e1 a suceder\u00bb"},"content":{"rendered":"<p>Va por delante un &#8216;gracias&#8217;. Con un \u00absincero agradecimiento\u00bb comienza el comunicado que ha preparado <a href=\"https:\/\/www.diariosur.es\/culturas\/comic-con\/\" title=\"www.diariosur.es\" data-voc-vtm-id=\"in-text-traffic\" data-mrf-link=\"www.diariosur.es\" rel=\"nofollow noopener\" target=\"_blank\">San Diego C\u00f3mic-Con M\u00e1laga (SDCCM)<\/a> al que ha podido  &#8230; tener acceso este medio. Un mensaje que no va dirigido ni a la prensa ni a las instituciones, sino a los asistentes que han acudido a la primera edici\u00f3n de este evento internacional. \u00abHa sido un proyecto hecho con mucho amor, que ha llevado varios a\u00f1os de preparaci\u00f3n. Nos sentimos honrados por la gran cantidad de fans que acudieron y su incre\u00edble pasi\u00f3n\u00bb, indica la organizaci\u00f3n en una carta que se har\u00e1 p\u00fablica este mismo fin de semana.<\/p>\n<p class=\"v-p\">El pasado fin de semana, SDCCM 2025 cerraba cuatro d\u00edas de encuentro (del 25 al 28 de septiembre) que desbordaron todas las expectativas. Unas 120.000 personas, llegadas desde hasta 20 pa\u00edses diferentes, se dieron cita en el Palacio de Ferias y Congresos de M\u00e1laga (Fycma). El \u00e9xito de p\u00fablico fue incuestionable, aunque con luces y sombras marcadas por los tiempos de espera. \u00abQueremos daros las gracias por compartir vuestras opiniones sinceras sobre qu\u00e9 debemos hacer para mejorar\u00bb, dice textualmente el comunicado. Como publicaba este medio hace pocos d\u00edas, la organizaci\u00f3n de la convenci\u00f3n ha abierto una periodo de reflexi\u00f3n con vistas a 2026.<\/p>\n<p><a href=\"https:\/\/www.diariosur.es\/culturas\/comic-con\/#vtm_modulosEngag=mod-rel:culturas:noticia:1:cmp:1-not\" class=\"v-a-link\" aria-label=\"Imagen\" rel=\"nofollow noopener\" target=\"_blank\"><\/p>\n<p><img decoding=\"async\" loading=\"lazy\" src=\"https:\/\/www.europesays.com\/es\/wp-content\/uploads\/2025\/10\/comic-U23047351577bF-U2303265005891BBE-258x180@Diario Sur.jpeg\" class=\"v-a-img\" width=\"258\" height=\"180\" alt=\"\" data-voc-vtm-id=\"in-text-traffic\"\/><\/p>\n<p><\/a><\/p>\n<p class=\"v-p\">\u00abNo solo hemos escuchado vuestras frustraciones, sino que nos las hemos tomado muy en serio\u00bb. La escucha activa se ha convertido en el objetivo fundamental de los responsables de SDCCM: \u00abNos comprometemos a esforzarnos por mejorar constantemente\u00bb, a\u00f1aden. \u00abEstamos trabajando activamente y con diligencia para asegurarnos de que las cosas que no salieron bien no vuelvan a suceder\u00bb, manifiestan sin tapujos. La elevada afluencia de p\u00fablico se tradujo en una sucesi\u00f3n de colas para entrar en el recinto, las sala de exposiciones y los auditorios. \u00abCuando nos propusimos traer el esp\u00edritu original de la Comic-Con San Diego a M\u00e1laga, quer\u00edamos asegurarnos de que fuera un motivo de orgullo local\u00bb.<\/p>\n<p>\n\u00abNo solo hemos escuchado vuestras frustraciones, sino que nos las hemos tomado muy en serio\u00bb\n<\/p>\n<p class=\"v-p\">La distribuci\u00f3n de los espacios y el dise\u00f1o del recorrido ser\u00e1n, con toda seguridad, dos de los principales asuntos de estudio por parte de la organizaci\u00f3n, con el reto de agilizar el tr\u00e1nsito de los asistentes cara a San Diego Comic-Con M\u00e1laga de 2026. \u00abEsperamos seguir trabajando juntos para hacer de la San Diego Comic-Con M\u00e1laga una experiencia incre\u00edble para los fans de toda Espa\u00f1a y m\u00e1s all\u00e1\u00bb, expresa esta carta abierta a los aficionados a la cultura pop que asistieron a Fycma, pero tambi\u00e9n a la ciudad de M\u00e1laga.<\/p>\n<p class=\"v-p\">\u00abGracias desde lo m\u00e1s profundo de nuestro coraz\u00f3n a vosotros, los fans, por vuestra pasi\u00f3n, paciencia y amabilidad\u00bb, concluye el escrito que firma San Diego Comic-Con M\u00e1laga. A la espera de conocer los siguientes pasos de la organizaci\u00f3n, queda este agradecimiento: \u00abOs pedimos que nos deis la oportunidad de mejorar y ofreceros una experiencia mejor, porque al igual que ocurre con la Comic-Con de San Diego, vosotros sois la raz\u00f3n por la que hacemos lo que hacemos\u00bb.<\/p>\n","protected":false},"excerpt":{"rendered":"Va por delante un &#8216;gracias&#8217;. Con un \u00absincero agradecimiento\u00bb comienza el comunicado que ha preparado San Diego C\u00f3mic-Con&hellip;\n","protected":false},"author":2,"featured_media":155566,"comment_status":"","ping_status":"","sticky":false,"template":"","format":"standard","meta":{"footnotes":""},"categories":[91],"tags":[14649,35951,15477,146,147,25,24,7136,3855,1259,18528,2228,23,46629,7705],"class_list":{"0":"post-155565","1":"post","2":"type-post","3":"status-publish","4":"format-standard","5":"has-post-thumbnail","7":"category-entretenimiento","8":"tag-bien","9":"tag-comiccon","10":"tag-diego","11":"tag-entertainment","12":"tag-entretenimiento","13":"tag-es","14":"tag-espana","15":"tag-fans","16":"tag-malaga","17":"tag-responde","18":"tag-salio","19":"tag-san","20":"tag-spain","21":"tag-suceder","22":"tag-volvera"},"share_on_mastodon":{"url":"","error":""},"_links":{"self":[{"href":"https:\/\/www.europesays.com\/es\/wp-json\/wp\/v2\/posts\/155565","targetHints":{"allow":["GET"]}}],"collection":[{"href":"https:\/\/www.europesays.com\/es\/wp-json\/wp\/v2\/posts"}],"about":[{"href":"https:\/\/www.europesays.com\/es\/wp-json\/wp\/v2\/types\/post"}],"author":[{"embeddable":true,"href":"https:\/\/www.europesays.com\/es\/wp-json\/wp\/v2\/users\/2"}],"replies":[{"embeddable":true,"href":"https:\/\/www.europesays.com\/es\/wp-json\/wp\/v2\/comments?post=155565"}],"version-history":[{"count":0,"href":"https:\/\/www.europesays.com\/es\/wp-json\/wp\/v2\/posts\/155565\/revisions"}],"wp:featuredmedia":[{"embeddable":true,"href":"https:\/\/www.europesays.com\/es\/wp-json\/wp\/v2\/media\/155566"}],"wp:attachment":[{"href":"https:\/\/www.europesays.com\/es\/wp-json\/wp\/v2\/media?parent=155565"}],"wp:term":[{"taxonomy":"category","embeddable":true,"href":"https:\/\/www.europesays.com\/es\/wp-json\/wp\/v2\/categories?post=155565"},{"taxonomy":"post_tag","embeddable":true,"href":"https:\/\/www.europesays.com\/es\/wp-json\/wp\/v2\/tags?post=155565"}],"curies":[{"name":"wp","href":"https:\/\/api.w.org\/{rel}","templated":true}]}}