{"id":155568,"date":"2025-10-03T22:06:10","date_gmt":"2025-10-03T22:06:10","guid":{"rendered":"https:\/\/www.europesays.com\/es\/155568\/"},"modified":"2025-10-03T22:06:10","modified_gmt":"2025-10-03T22:06:10","slug":"luxemburgo-celebra-a-su-nuevo-gran-duque-asi-ha-sido-la-abdicacion-de-enrique-y-el-ascenso-al-trono-de-guillermo","status":"publish","type":"post","link":"https:\/\/www.europesays.com\/es\/155568\/","title":{"rendered":"Luxemburgo celebra a su nuevo gran duque: as\u00ed ha sido la abdicaci\u00f3n de Enrique y el ascenso al trono de Guillermo"},"content":{"rendered":"<p><img alt=\"El acto de abdicaci\u00f3n del\" class=\"global-image\" decoding=\"async\" fetchpriority=\"high\" height=\"2192\" loading=\"eager\" src=\"https:\/\/www.europesays.com\/es\/wp-content\/uploads\/2025\/10\/Y5GRILYMQNFX5NDWKQ6K6Y7WY4.JPG\" width=\"3280\"\/>El acto de abdicaci\u00f3n del gran duque de Luxemburgo. (REUTERS\/Kai Pfaffenbach)<\/p>\n<p class=\"paragraph\">Este viernes 3 octubre, Luxemburgo ha vivido un d\u00eda hist\u00f3rico. Tras 25 a\u00f1os en el trono, <b>el gran duque Guillermo ha abdicado<\/b> en favor de su hijo, el <a href=\"https:\/\/www.infobae.com\/espana\/2025\/10\/02\/quienes-son-los-nuevos-duques-de-luxemburgo-el-disciplinado-principe-guillermo-y-la-condesa-stephanie-suben-al-trono\/\" target=\"_blank\" rel=\"noreferrer nofollow noopener\" title=\"https:\/\/www.infobae.com\/espana\/2025\/10\/02\/quienes-son-los-nuevos-duques-de-luxemburgo-el-disciplinado-principe-guillermo-y-la-condesa-stephanie-suben-al-trono\/\">pr\u00edncipe Guillermo<\/a>, marcando as\u00ed el inicio de una nueva era para el pa\u00eds. <\/p>\n<p class=\"paragraph\">La ceremonia de abdicaci\u00f3n ha sido r\u00e1pida y sencilla, aunque eso no le ha restado significado. Enrique ha firmado su renuncia rodeado por sus cinco hijos, sus parejas, miembros del gobierno y representantes de las casas reales de Pa\u00edses Bajos y B\u00e9lgica. Los abrazos y las sonrisas tampoco han faltado e incluso las dos herederas europeas <b>Elisabeth de B\u00e9lgica <\/b>y <b>Amalia de los Pa\u00edses Bajos<\/b>, han realizado un gesto de respeto especial hacia sus anfitriones, con la tradicional reverencia. No ha sido solo un acto protocolario, tambi\u00e9n un homenaje sentido a los lazos que unen a estas familias reales desde hace generaciones. <\/p>\n<p><img alt=\"El acto de abdicaci\u00f3n del\" class=\"global-image\" decoding=\"async\" fetchpriority=\"low\" height=\"3440\" loading=\"lazy\" src=\"https:\/\/www.europesays.com\/es\/wp-content\/uploads\/2025\/10\/TQU2IA7I25D37OSITZSFP7EXBI.JPG\" width=\"5152\"\/>El acto de abdicaci\u00f3n del gran duque de Luxemburgo. (REUTERS\/Kai Pfaffenbach)<\/p>\n<p class=\"paragraph\">Y si bien todos los focos apuntaban al nuevo gran duque, Guillermo, su hijo mayor, otros se centraban en su hijo peque\u00f1o <b>Charles<\/b>, quien con apenas cinco a\u00f1os se ha convertido en el <b>heredero al trono m\u00e1s joven<\/b> de Europa. <\/p>\n<p class=\"paragraph\">Durante el evento, el Primer Ministro del pa\u00eds, Luc Frieden, ha aprovechado para recordar el car\u00e1cter europeo y cosmopolita de Luxemburgo, resaltando el papel del pa\u00eds como sede de instituciones clave de la Uni\u00f3n Europea. Y es que aunque sea una naci\u00f3n peque\u00f1a en territorio, es un punto de encuentro para buena parte de la pol\u00edtica continental.<\/p>\n<p><img alt=\"El acto de ascenso al\" class=\"global-image\" decoding=\"async\" fetchpriority=\"low\" height=\"2800\" loading=\"lazy\" src=\"https:\/\/www.europesays.com\/es\/wp-content\/uploads\/2025\/10\/WH4PSEORVZH25PYU6WCEDFZ4MQ.JPG\" width=\"4208\"\/>El acto de ascenso al trono del gran duque de Luxemburgo Guillermo. (REUTERS\/Kai Pfaffenbach) <\/p>\n<p class=\"paragraph\">Todo ha comenzado cerca de las diez de la ma\u00f1ana, cuando los ya anteriores grandes duques, Enrique y Mar\u00eda Teresa, abr\u00edan las puertas del palacio ducal para recibir a sus hom\u00f3logos, as\u00ed como a las herederas. <\/p>\n<p class=\"paragraph\">La sencillez del acto ha recordado al que tuvo lugar hace un a\u00f1o cuando Enrique nombr\u00f3 a su primog\u00e9nito como lugarteniente. Un <b>acto simb\u00f3lico <\/b>que significaba que el traspaso de roles estaba cada vez m\u00e1s cerca. <\/p>\n<p><img alt=\"El gran duque Guillermo en\" class=\"global-image\" decoding=\"async\" fetchpriority=\"low\" height=\"2544\" loading=\"lazy\" src=\"https:\/\/www.europesays.com\/es\/wp-content\/uploads\/2025\/10\/JZXCS3SD35GDBG3J2QVM6OAJXY.JPG\" width=\"3808\"\/>El gran duque Guillermo en la C\u00e1mara de los Diputados de Luxemburgo. (REUTERS\/Yves Herman)<\/p>\n<p class=\"paragraph\">A continuaci\u00f3n han empezado las celebraciones y para darles comienzo la familia ducal y sus invitados se han retirado de manera temporal. Apenas una hora m\u00e1s tarde, a las 11:00, Guillermo ha sido proclamado Gran Duque en la <b>C\u00e1mara de Diputados<\/b>. El acto ha combinado discursos protocolarios con gestos m\u00e1s cercanos y ha estado presente toda la familia ducal, incluida la gran duquesa Mar\u00eda Teresa y su sucesora, St\u00e9phanie.<\/p>\n<p class=\"paragraph\">El esperado saludo desde el balc\u00f3n del Palacio Gran Ducal tendr\u00e1 lugar a las 12:15. All\u00ed, Guillermo y St\u00e9phanie aparecer\u00e1n junto a sus hijos, Charles y Fran\u00e7ois, ofreciendo la <b>primera imagen de la nueva familia soberana<\/b>.<\/p>\n<p><img alt=\"Los grandes duques de Luxemburgo\" class=\"global-image\" decoding=\"async\" fetchpriority=\"low\" height=\"2936\" loading=\"lazy\" src=\"https:\/\/www.europesays.com\/es\/wp-content\/uploads\/2025\/10\/IZR5AINGTBG2NH5U5S2EG5DVWQ.JPG\" width=\"4180\"\/>Los grandes duques de Luxemburgo tras su ascenso al trono. REUTERS\/Kai Pfaffenbach<\/p>\n<p class=\"paragraph\">La agenda continuar\u00e1 con una bienvenida en el Ayuntamiento (13:10) y un encuentro con la ciudadan\u00eda en la plaza Guillaume II (13:25), donde se prev\u00e9n saludos, conversaciones informales y la tradicional sesi\u00f3n de fotograf\u00edas. Por la tarde, el Gobierno ofrecer\u00e1 una recepci\u00f3n en el Cercle Cit\u00e9, antes de la cena de gala en el Palacio Gran Ducal a las 19:00 horas.<\/p>\n","protected":false},"excerpt":{"rendered":"El acto de abdicaci\u00f3n del gran duque de Luxemburgo. (REUTERS\/Kai Pfaffenbach) Este viernes 3 octubre, Luxemburgo ha vivido&hellip;\n","protected":false},"author":2,"featured_media":155569,"comment_status":"","ping_status":"","sticky":false,"template":"","format":"standard","meta":{"footnotes":""},"categories":[42],"tags":[17,18,406,13,14,11,61,62,63,64,19,20,9,10,15,16,28655,12,21,22,65,66,67],"class_list":{"0":"post-155568","1":"post","2":"type-post","3":"status-publish","4":"format-standard","5":"has-post-thumbnail","7":"category-internacional","8":"tag-breaking-news","9":"tag-breakingnews","10":"tag-europe","11":"tag-featured-news","12":"tag-featurednews","13":"tag-headlines","14":"tag-internacional","15":"tag-international","16":"tag-international-news","17":"tag-internationalnews","18":"tag-latest-news","19":"tag-latestnews","20":"tag-news","21":"tag-noticias","22":"tag-noticias-destacadas","23":"tag-noticiasdestacadas","24":"tag-royals","25":"tag-titulares","26":"tag-ultimas-noticias","27":"tag-ultimasnoticias","28":"tag-world","29":"tag-world-news","30":"tag-worldnews"},"share_on_mastodon":{"url":"","error":""},"_links":{"self":[{"href":"https:\/\/www.europesays.com\/es\/wp-json\/wp\/v2\/posts\/155568","targetHints":{"allow":["GET"]}}],"collection":[{"href":"https:\/\/www.europesays.com\/es\/wp-json\/wp\/v2\/posts"}],"about":[{"href":"https:\/\/www.europesays.com\/es\/wp-json\/wp\/v2\/types\/post"}],"author":[{"embeddable":true,"href":"https:\/\/www.europesays.com\/es\/wp-json\/wp\/v2\/users\/2"}],"replies":[{"embeddable":true,"href":"https:\/\/www.europesays.com\/es\/wp-json\/wp\/v2\/comments?post=155568"}],"version-history":[{"count":0,"href":"https:\/\/www.europesays.com\/es\/wp-json\/wp\/v2\/posts\/155568\/revisions"}],"wp:featuredmedia":[{"embeddable":true,"href":"https:\/\/www.europesays.com\/es\/wp-json\/wp\/v2\/media\/155569"}],"wp:attachment":[{"href":"https:\/\/www.europesays.com\/es\/wp-json\/wp\/v2\/media?parent=155568"}],"wp:term":[{"taxonomy":"category","embeddable":true,"href":"https:\/\/www.europesays.com\/es\/wp-json\/wp\/v2\/categories?post=155568"},{"taxonomy":"post_tag","embeddable":true,"href":"https:\/\/www.europesays.com\/es\/wp-json\/wp\/v2\/tags?post=155568"}],"curies":[{"name":"wp","href":"https:\/\/api.w.org\/{rel}","templated":true}]}}