{"id":155573,"date":"2025-10-03T22:09:08","date_gmt":"2025-10-03T22:09:08","guid":{"rendered":"https:\/\/www.europesays.com\/es\/155573\/"},"modified":"2025-10-03T22:09:08","modified_gmt":"2025-10-03T22:09:08","slug":"el-estudiantes-visita-al-deza-cbm-en-la-segunda-jornada-de-la-division-de-honor-plata","status":"publish","type":"post","link":"https:\/\/www.europesays.com\/es\/155573\/","title":{"rendered":"El Estudiantes visita al Deza CBM en la segunda jornada de la Divisi\u00f3n de Honor Plata"},"content":{"rendered":"<p style=\"text-align: justify;\">El Club BM Estudiantes tiene una cita de altura este s\u00e1bado (17:30 horas) en el IDM F\u00e1tima, donde se medir\u00e1 al Deza CBM en un duelo con sabor a revancha y que ya se presenta como uno de los grandes choques de la temporada en la Divisi\u00f3n de Honor Plata Femenina (Grupo D).<\/p>\n<p>&#13;<\/p>\n<p style=\"text-align: justify;\">El Club BM Estudiantes tiene una cita de altura este s\u00e1bado (17:30 horas) en el IDM F\u00e1tima, donde se medir\u00e1 al Deza CBM en un duelo con sabor a revancha y que ya se presenta como uno de los grandes choques de la temporada en la Divisi\u00f3n de Honor Plata Femenina (Grupo D).<\/p>\n<p>&#13;<br \/>\n &#13;<\/p>\n<p style=\"text-align: justify;\">Las de Mohamed Larbi llegan lanzadas tras un arranque so\u00f1ado en la competici\u00f3n. El pasado fin de semana, en el Pabell\u00f3n Antonio Campoamor \u2014escenario provisional mientras contin\u00faan las obras en La Libertad\u2014, el Estudiantes arras\u00f3 a uno de los favoritos, el Agrinova Almer\u00eda Activa Roquetas, reci\u00e9n descendido de la Divisi\u00f3n de Honor Oro. Ruth, Lupe y Shorrok se erigieron en las grandes protagonistas ofensivas de un encuentro donde las ceut\u00edes dejaron claras sus intenciones: el ascenso no es una ilusi\u00f3n, es el objetivo.<\/p>\n<p>&#13;<\/p>\n<p style=\"text-align: justify;\">Enfrente estar\u00e1 un Deza CBM herido tras arrancar con derrota en la pista del Madrid Base Villaverde (25-24). Pese a ello, el bloque cordob\u00e9s demostr\u00f3 la pasada campa\u00f1a que en casa es un rival temible, y en el IDM F\u00e1tima ya sabe lo que es doblegar al Estudiantes, como ocurri\u00f3 con el 24-21 de la \u00faltima temporada. Sin embargo, el recuerdo a\u00fan fresco en las ceut\u00edes es el del partidazo de La Libertad, donde se impusieron por 32-30 en un final de infarto.<\/p>\n<p>&#13;<\/p>\n<p style=\"text-align: justify;\">El choque tiene todos los ingredientes de una batalla de alto voltaje: igualdad, ambici\u00f3n y cuentas pendientes. Y es que el Estudiantes a\u00fan no olvida c\u00f3mo el Deza le cerr\u00f3 la puerta de los play-offs el curso pasado por la diferencia de gol average. Ma\u00f1ana, las de Larbi quieren ajustar cuentas y confirmar que este a\u00f1o la historia ser\u00e1 distinta.<\/p>\n","protected":false},"excerpt":{"rendered":"El Club BM Estudiantes tiene una cita de altura este s\u00e1bado (17:30 horas) en el IDM F\u00e1tima, donde&hellip;\n","protected":false},"author":2,"featured_media":155574,"comment_status":"","ping_status":"","sticky":false,"template":"","format":"standard","meta":{"footnotes":""},"categories":[278],"tags":[21448,376,46630,24171,168,3169,25,24,9486,375,4207,4417,23,167,20877],"class_list":{"0":"post-155573","1":"post","2":"type-post","3":"status-publish","4":"format-standard","5":"has-post-thumbnail","7":"category-balonmano","8":"tag-aun","9":"tag-balonmano","10":"tag-ceuties","11":"tag-con","12":"tag-deportes","13":"tag-donde","14":"tag-es","15":"tag-espana","16":"tag-estudiantes","17":"tag-handball","18":"tag-las","19":"tag-los","20":"tag-spain","21":"tag-sports","22":"tag-una"},"share_on_mastodon":{"url":"","error":""},"_links":{"self":[{"href":"https:\/\/www.europesays.com\/es\/wp-json\/wp\/v2\/posts\/155573","targetHints":{"allow":["GET"]}}],"collection":[{"href":"https:\/\/www.europesays.com\/es\/wp-json\/wp\/v2\/posts"}],"about":[{"href":"https:\/\/www.europesays.com\/es\/wp-json\/wp\/v2\/types\/post"}],"author":[{"embeddable":true,"href":"https:\/\/www.europesays.com\/es\/wp-json\/wp\/v2\/users\/2"}],"replies":[{"embeddable":true,"href":"https:\/\/www.europesays.com\/es\/wp-json\/wp\/v2\/comments?post=155573"}],"version-history":[{"count":0,"href":"https:\/\/www.europesays.com\/es\/wp-json\/wp\/v2\/posts\/155573\/revisions"}],"wp:featuredmedia":[{"embeddable":true,"href":"https:\/\/www.europesays.com\/es\/wp-json\/wp\/v2\/media\/155574"}],"wp:attachment":[{"href":"https:\/\/www.europesays.com\/es\/wp-json\/wp\/v2\/media?parent=155573"}],"wp:term":[{"taxonomy":"category","embeddable":true,"href":"https:\/\/www.europesays.com\/es\/wp-json\/wp\/v2\/categories?post=155573"},{"taxonomy":"post_tag","embeddable":true,"href":"https:\/\/www.europesays.com\/es\/wp-json\/wp\/v2\/tags?post=155573"}],"curies":[{"name":"wp","href":"https:\/\/api.w.org\/{rel}","templated":true}]}}