{"id":155581,"date":"2025-10-03T22:22:09","date_gmt":"2025-10-03T22:22:09","guid":{"rendered":"https:\/\/www.europesays.com\/es\/155581\/"},"modified":"2025-10-03T22:22:09","modified_gmt":"2025-10-03T22:22:09","slug":"fernando-tejero-fermin-trujillo-en-la-que-se-avecina-da-la-razon-real-de-su-salida","status":"publish","type":"post","link":"https:\/\/www.europesays.com\/es\/155581\/","title":{"rendered":"Fernando Tejero, Ferm\u00edn Trujillo en La que se avecina, da la raz\u00f3n real de su salida"},"content":{"rendered":"<p><strong>Fernando Tejero<\/strong> (60), Ferm\u00edn Trujillo en <strong>La que se avecina<\/strong>, se deshace en elogios hacia <a href=\"https:\/\/www.elindependiente.com\/tendencias\/cine\/2025\/09\/11\/cervantes-por-amenabar-probablemente-sea-mi-primera-pelicula-gay\/\" rel=\"nofollow noopener\" target=\"_blank\">Amen\u00e1bar<\/a> en cada entrevista promocional de la pel\u00edcula <a href=\"https:\/\/www.elindependiente.com\/tendencias\/cine\/2025\/09\/17\/cervantes-gay-cautivo-amenabar\/\" rel=\"nofollow noopener\" target=\"_blank\">El cautivo<\/a>, ya en cines. Tejero, todav\u00eda reconocido por su papel hace 20 a\u00f1os del conserje Emilio en <a href=\"https:\/\/www.elindependiente.com\/tendencias\/2019\/07\/28\/muere-actor-eduardo-gomez-aqui-quien-viva-los-68-anos\/\" rel=\"nofollow noopener\" target=\"_blank\">Aqu\u00ed no hay quien viva<\/a>, concede una entrevista a Ana Brito y Xuso Jones en su p\u00f3dcast Poco se habla. He <a href=\"https:\/\/www.youtube.com\/watch?v=j3MC9fGYO30\" target=\"_blank\" rel=\"noreferrer noopener nofollow\">aqu\u00ed<\/a> la conversaci\u00f3n \u00edntegra. El actor habla de su agria experiencia en el concurso Masterchef celebrity hace casi una d\u00e9cada, de su pasi\u00f3n por el teatro, de su marcha del centro de Madrid \u2013era vecino de <a href=\"https:\/\/www.elindependiente.com\/tendencias\/cine\/2025\/08\/31\/assumpta-serna-actriz-yo-era-mas-famosa-que-almodovar\/\" rel=\"nofollow noopener\" target=\"_blank\">Assumpta Serna<\/a>\u2013 para vivir en <a href=\"https:\/\/www.elindependiente.com\/tendencias\/historia\/2019\/12\/09\/el-caso-de-pedrin-el-crimen-de-el-escorial-que-conmociono-a-la-espana-del-siglo-xix\/\" rel=\"nofollow noopener\" target=\"_blank\">El Escorial<\/a>, en un chalet, y de su salida de <strong>La que se avecina<\/strong>.<\/p>\n<p>\u00abEl ruido ambiental empez\u00f3 a afectar a mi ruido mental. Sal\u00eda a la calle y me sent\u00eda observado. Uno nunca termina de acostumbrarse a la fama. Es algo que yo no he decidido. S\u00e9 a lo que me dedico y afortunadamente me conocen por mi profesi\u00f3n\u00bb, cuenta <strong>Fernando Tejero<\/strong>, siempre dispuesto a hablar sobre su <a href=\"https:\/\/www.elindependiente.com\/tendencias\/2020\/06\/28\/la-homosexualidad-en-la-television-visibilidad-o-estereotipo\/\" rel=\"nofollow noopener\" target=\"_blank\">homosexualidad<\/a>, su mudanza a Madrid con 27 a\u00f1os, y la <a href=\"https:\/\/www.elindependiente.com\/opinion\/2020\/04\/05\/salud-mental-prioridad-estrategica\/\" rel=\"nofollow noopener\" target=\"_blank\">salud mental<\/a>. Muy poco le importa el qu\u00e9 dir\u00e1n. \u00abYo estuve mucho tiempo sin ser quien realmente era\u00bb, rememora el int\u00e9rprete.<\/p>\n<p>Por qu\u00e9 Fernando Tejero dej\u00f3 La que se avecina y se arrepiente de MasterChef Celebrity<\/p>\n<p>\u00abS\u00ed le di muchas vueltas, pero sinceramente, ya me estaba planteando dejar La que se avecina, o no, por el tema econ\u00f3mico. Y dije: &#8216;Ha llegado el momento de irse&#8217;. A d\u00eda de hoy quiero ser feliz, estar a gusto en un trabajo. Evidentemente, uno trabaja para ganar dinero, pero es lo que menos me importa a d\u00eda de hoy. Yo prefiero estar a gusto haciendo una pel\u00edcula o un personaje. Yo sent\u00eda que <strong>La que se avecina<\/strong> [se] repet\u00eda todo el rato. Sent\u00eda que el personaje ya no ten\u00eda nada que contar; igual el p\u00fablico y los guionistas no, pero yo lo sent\u00eda as\u00ed\u00bb<\/p>\n<p><img loading=\"lazy\" decoding=\"async\" width=\"990\" height=\"557\" src=\"data:image\/svg+xml,%3Csvg%20xmlns=\" http:=\"\" alt=\"\" class=\"wp-image-4277958\" data-lazy- data-lazy- data-lazy-src=\"https:\/\/www.europesays.com\/es\/wp-content\/uploads\/2025\/10\/fermintrujillo-990x557.jpg\"\/>Fernando Tejero interpreta a Ferm\u00edn Trujillo en la serie de Telecinco &#8216;La que se avecina&#8217;<\/p>\n<p>El actor asegura ser un afortunado, pues nunca le ha faltado trabajo como actor. \u00abCuando te ofrecen menos cosas, te planteas si has dejado de gustar, si ya no sirves para esto&#8230; Yo todav\u00eda me sigo preguntando si tendr\u00eda que haberme dedicado a esto. Siempre estoy en el punto de mira\u00bb, reconoce. Tejero recuerda que siempre quiso dedicarse a la interpretaci\u00f3n desde adolescente por su afici\u00f3n al teatro: \u00abGracias a Lorca me dedico a esto\u00bb.<\/p>\n<p>Fernando Tejero, sobre MasterChef Celebrity: \u00abSeguir\u00e9 diciendo que est\u00e1 guionizado\u00bb<\/p>\n<p>\u00abEl primer responsable de la cagada fui yo. Yo no quer\u00eda ir. Yo hice el primer <strong>Masterchef celebrity<\/strong>. Soy muy amigo de <a href=\"https:\/\/www.instagram.com\/hugarey\/\" rel=\"nofollow noopener\" target=\"_blank\">Huga Rey<\/a>, hermana de <a href=\"https:\/\/www.elindependiente.com\/series-y-television\/2025\/07\/26\/angela-molina-actriz-ahora-elijo-peor-proyectos\/\" rel=\"nofollow noopener\" target=\"_blank\">Macarena Rey<\/a> [productora]. Me llamaron Loles Le\u00f3n, <a href=\"https:\/\/www.elindependiente.com\/tendencias\/2023\/04\/25\/cayetana-guillen-cuervo-sobre-el-cine-espanol-nuestras-artes-escenicas-viven-un-momento-maravilloso\/\" rel=\"nofollow noopener\" target=\"_blank\">Cayetana Guill\u00e9n Cuervo<\/a>&#8230; Y luego, es cierto que deciden roles. A m\u00ed me toc\u00f3 ser el borde por el montaje. Lo que sale por la tele se lo cree todo el mundo. Yo le dec\u00eda en co\u00f1a a <a href=\"https:\/\/www.elindependiente.com\/gente\/2021\/01\/20\/loles-leon-los-actores-somos-gente-valerosa\/\" rel=\"nofollow noopener\" target=\"_blank\">Loles Le\u00f3n<\/a> que iba a llamar a los productores de La que se avecina para que la echasen\u00bb<\/p>\n<p>\u00abSeguir\u00e9 diciendo que <strong>Masterchef celebrity<\/strong> est\u00e1 guionizado. A m\u00ed me dec\u00edan por el pinganillo que diese ca\u00f1a a Loles. Insisto: el error fue m\u00edo. Yo tom\u00e9 la decisi\u00f3n. No lo pas\u00e9 bien porque soy muy competitivo. Me gusta la cocina; no el formato. Cuando emitieron el primer programa, miraba las redes y me dio ansiedad. No lo volv\u00ed a ver m\u00e1s\u00bb<\/p>\n<p>PUBLICIDAD<\/p>\n<p><script async src=\"\/\/www.instagram.com\/embed.js\"><\/script><\/p>\n","protected":false},"excerpt":{"rendered":"Fernando Tejero (60), Ferm\u00edn Trujillo en La que se avecina, se deshace en elogios hacia Amen\u00e1bar en cada&hellip;\n","protected":false},"author":2,"featured_media":155582,"comment_status":"","ping_status":"","sticky":false,"template":"","format":"standard","meta":{"footnotes":""},"categories":[171],"tags":[177,146,147,25,24,805,23,807,214],"class_list":{"0":"post-155581","1":"post","2":"type-post","3":"status-publish","4":"format-standard","5":"has-post-thumbnail","7":"category-tv","8":"tag-cine","9":"tag-entertainment","10":"tag-entretenimiento","11":"tag-es","12":"tag-espana","13":"tag-series","14":"tag-spain","15":"tag-television","16":"tag-tv"},"share_on_mastodon":{"url":"","error":""},"_links":{"self":[{"href":"https:\/\/www.europesays.com\/es\/wp-json\/wp\/v2\/posts\/155581","targetHints":{"allow":["GET"]}}],"collection":[{"href":"https:\/\/www.europesays.com\/es\/wp-json\/wp\/v2\/posts"}],"about":[{"href":"https:\/\/www.europesays.com\/es\/wp-json\/wp\/v2\/types\/post"}],"author":[{"embeddable":true,"href":"https:\/\/www.europesays.com\/es\/wp-json\/wp\/v2\/users\/2"}],"replies":[{"embeddable":true,"href":"https:\/\/www.europesays.com\/es\/wp-json\/wp\/v2\/comments?post=155581"}],"version-history":[{"count":0,"href":"https:\/\/www.europesays.com\/es\/wp-json\/wp\/v2\/posts\/155581\/revisions"}],"wp:featuredmedia":[{"embeddable":true,"href":"https:\/\/www.europesays.com\/es\/wp-json\/wp\/v2\/media\/155582"}],"wp:attachment":[{"href":"https:\/\/www.europesays.com\/es\/wp-json\/wp\/v2\/media?parent=155581"}],"wp:term":[{"taxonomy":"category","embeddable":true,"href":"https:\/\/www.europesays.com\/es\/wp-json\/wp\/v2\/categories?post=155581"},{"taxonomy":"post_tag","embeddable":true,"href":"https:\/\/www.europesays.com\/es\/wp-json\/wp\/v2\/tags?post=155581"}],"curies":[{"name":"wp","href":"https:\/\/api.w.org\/{rel}","templated":true}]}}