{"id":155583,"date":"2025-10-03T22:23:23","date_gmt":"2025-10-03T22:23:23","guid":{"rendered":"https:\/\/www.europesays.com\/es\/155583\/"},"modified":"2025-10-03T22:23:23","modified_gmt":"2025-10-03T22:23:23","slug":"radio-gabal-104-1-mhz-cayo-en-balcarce-un-hombre-acusado-de-tres-robos-uno-de-ellos-con-un-arma","status":"publish","type":"post","link":"https:\/\/www.europesays.com\/es\/155583\/","title":{"rendered":"Radio Gabal 104.1 MHz &#8211; Cay\u00f3 en Balcarce un hombre acusado de tres robos, uno de ellos con un arma"},"content":{"rendered":"<p data-start=\"354\" data-end=\"624\">La Estaci\u00f3n de Polic\u00eda Comunal, a cargo del Subcomisario Gast\u00f3n S\u00e1nchez, <strong>detuvo este viernes a un hombre de 29 a\u00f1os acusado de cometer tres robos en la ciudad durante el mes de septiembre, uno de ellos con un arma de fuego<\/strong> que luego se comprob\u00f3 era de CO2.<\/p>\n<p data-start=\"626\" data-end=\"970\">La medida se concret\u00f3 tras la orden emitida por el Juzgado de Garant\u00edas N\u00b0 4, a cargo del Dr. Juan Tapia,<strong> en el marco de una investigaci\u00f3n llevada adelante por el Grupo T\u00e1ctico Operativo<\/strong>, bajo la coordinaci\u00f3n del Teniente Orlando Ortiz. <strong>La pesquisa fue instruida por la UFI Descentralizada Balcarce, conducida por el fiscal Dr. Rodolfo Moure.<\/strong><\/p>\n<p data-start=\"972\" data-end=\"1185\"><strong>Durante el allanamiento, realizado en una vivienda de calle 12 entre 39 y 41, los agentes secuestraron una motocicleta<\/strong> Motomel dominio A129TZV,<strong> dos tel\u00e9fonos celulares y otros elementos de inter\u00e9s para la causa.<\/strong><\/p>\n<p data-start=\"1187\" data-end=\"1217\"><strong>Los hechos investigados<\/strong><\/p>\n<p data-start=\"1218\" data-end=\"1477\">El \u00faltimo de los episodios <strong>ocurri\u00f3 el domingo 21 de septiembre, cuando un hombre de 47 a\u00f1os denunci\u00f3 que al regresar de una panader\u00eda fue interceptado en calle 41 por un motociclista que, tras un forcejeo, le rob\u00f3 la billetera con 200.000 pesos en efectivo.<\/strong><\/p>\n<p data-start=\"1479\" data-end=\"1657\">Otro hecho <strong>se registr\u00f3 el 6 de septiembre en el local \u201cLos Lapa\u201d, Rapipago de calle 20 entre 13 y 15, donde fue constatada la rotura de vidrios y el robo de dinero en efectivo.<\/strong><\/p>\n<p data-start=\"1659\" data-end=\"1977\"><strong>Ese mismo d\u00eda, una mujer de 44 a\u00f1os denunci\u00f3 que un sujeto encapuchado ingres\u00f3 a su agencia de quiniela en calle 17 y 28, la amenaz\u00f3 exhibiendo un arma de fuego y le sustrajo 28.000 pesos.<\/strong> En su huida, el delincuente dej\u00f3 una mochila de tela y un cargador de pistola de CO2, lo que result\u00f3 clave en la investigaci\u00f3n.<\/p>\n<p data-start=\"1979\" data-end=\"2018\"><strong>Coordinaci\u00f3n judicial y policial<\/strong><\/p>\n<p data-start=\"2019\" data-end=\"2247\">Con el avance de las actuaciones, <strong>los investigadores concluyeron que los tres robos fueron cometidos por la misma persona, por lo que el fiscal Moure dispuso unificar las causas bajo una misma Investigaci\u00f3n Penal Preparatoria.<\/strong><\/p>\n<p data-start=\"2249\" data-end=\"2348\"><strong>El detenido qued\u00f3 a disposici\u00f3n de la Justicia y fue trasladado a la Unidad Penal N\u00b0 44 de Bat\u00e1n.<\/strong><\/p>\n<blockquote class=\"instagram-media\" data-instgrm-captioned=\"\" data-instgrm-permalink=\"https:\/\/www.instagram.com\/reel\/DPNBn_WgTVY\/?utm_source=ig_embed&amp;utm_campaign=loading\" data-instgrm-version=\"14\" style=\"background: #FFF; border: 0; border-radius: 3px; box-shadow: 0 0 1px 0 rgba(0,0,0,0.5),0 1px 10px 0 rgba(0,0,0,0.15); margin: 1px; max-width: 540px; min-width: 326px; padding: 0; width: calc(100% - 2px);\"><p>&#13;<br \/>\n&#13;\n<\/p><\/blockquote>\n<p data-start=\"2249\" data-end=\"2348\"><strong>\tTe puede interesar: <\/p>\n<p><\/strong><\/p>\n<p data-start=\"2249\" data-end=\"2348\"><strong><\/p>\n<p>Informaci\u00f3n en tu WhatsApp<\/p>\n<p>Se parte de nuestra red, s\u00famate al grupo de RADIO GABALy recib\u00ed las <strong>noticias en tu WhatsApp<\/strong>.<\/p>\n<p>            <\/strong><\/p>\n<p>\t<script async src=\"\/\/www.instagram.com\/embed.js\"><\/script><\/p>\n","protected":false},"excerpt":{"rendered":"La Estaci\u00f3n de Polic\u00eda Comunal, a cargo del Subcomisario Gast\u00f3n S\u00e1nchez, detuvo este viernes a un hombre de&hellip;\n","protected":false},"author":2,"featured_media":155584,"comment_status":"","ping_status":"","sticky":false,"template":"","format":"standard","meta":{"footnotes":""},"categories":[170],"tags":[517,7239,7615,229,7614,2353,5716,119,209,95,7617,146,147,25,24,7613,2661,1023,184,185,2660,10,7616,952,1448,23,120],"class_list":{"0":"post-155583","1":"post","2":"type-post","3":"status-publish","4":"format-standard","5":"has-post-thumbnail","7":"category-musica","8":"tag-actualidad","9":"tag-agro","10":"tag-argentinas","11":"tag-arte","12":"tag-balcarce","13":"tag-buenos-aires","14":"tag-campo","15":"tag-ciencia","16":"tag-cultura","17":"tag-economia","18":"tag-eduacion","19":"tag-entertainment","20":"tag-entretenimiento","21":"tag-es","22":"tag-espana","23":"tag-gabal","24":"tag-internacionales","25":"tag-moda","26":"tag-music","27":"tag-musica","28":"tag-nacionales","29":"tag-noticias","30":"tag-policiales","31":"tag-politica","32":"tag-radio","33":"tag-spain","34":"tag-tecnologia"},"share_on_mastodon":{"url":"","error":""},"_links":{"self":[{"href":"https:\/\/www.europesays.com\/es\/wp-json\/wp\/v2\/posts\/155583","targetHints":{"allow":["GET"]}}],"collection":[{"href":"https:\/\/www.europesays.com\/es\/wp-json\/wp\/v2\/posts"}],"about":[{"href":"https:\/\/www.europesays.com\/es\/wp-json\/wp\/v2\/types\/post"}],"author":[{"embeddable":true,"href":"https:\/\/www.europesays.com\/es\/wp-json\/wp\/v2\/users\/2"}],"replies":[{"embeddable":true,"href":"https:\/\/www.europesays.com\/es\/wp-json\/wp\/v2\/comments?post=155583"}],"version-history":[{"count":0,"href":"https:\/\/www.europesays.com\/es\/wp-json\/wp\/v2\/posts\/155583\/revisions"}],"wp:featuredmedia":[{"embeddable":true,"href":"https:\/\/www.europesays.com\/es\/wp-json\/wp\/v2\/media\/155584"}],"wp:attachment":[{"href":"https:\/\/www.europesays.com\/es\/wp-json\/wp\/v2\/media?parent=155583"}],"wp:term":[{"taxonomy":"category","embeddable":true,"href":"https:\/\/www.europesays.com\/es\/wp-json\/wp\/v2\/categories?post=155583"},{"taxonomy":"post_tag","embeddable":true,"href":"https:\/\/www.europesays.com\/es\/wp-json\/wp\/v2\/tags?post=155583"}],"curies":[{"name":"wp","href":"https:\/\/api.w.org\/{rel}","templated":true}]}}