{"id":155586,"date":"2025-10-03T22:26:11","date_gmt":"2025-10-03T22:26:11","guid":{"rendered":"https:\/\/www.europesays.com\/es\/155586\/"},"modified":"2025-10-03T22:26:11","modified_gmt":"2025-10-03T22:26:11","slug":"el-autismo-no-es-una-sola-condicion-ni-tiene-una-causa-unica-concluyen-cientificos","status":"publish","type":"post","link":"https:\/\/www.europesays.com\/es\/155586\/","title":{"rendered":"El autismo no es una sola condici\u00f3n ni tiene una causa \u00fanica, concluyen cient\u00edficos"},"content":{"rendered":"<p>Una nueva investigaci\u00f3n de la Universidad de Cambridge sugiere que el autismo no deber\u00eda entenderse como una condici\u00f3n homog\u00e9nea con una causa \u00fanica. Los cient\u00edficos encontraron que las personas diagnosticadas en la primera infancia suelen presentar un perfil gen\u00e9tico distinto al de quienes reciben el diagn\u00f3stico m\u00e1s tarde, lo que amplia la comprensi\u00f3n sobre el desarrollo de este trastorno.<\/p>\n<p>El estudio analiz\u00f3 el comportamiento de <a href=\"https:\/\/es.wired.com\/articulos\/prevenir-el-trastorno-del-espectro-autista-con-modelo-de-minicerebros\" rel=\"nofollow noopener\" target=\"_blank\">personas autistas<\/a> durante la ni\u00f1ez y la adolescencia en Reino Unido y Australia. Tambi\u00e9n evalu\u00f3 datos gen\u00e9ticos de m\u00e1s de 45,000 pacientes con el trastorno, provenientes de diversas cohortes en Europa y Estados Unidos.<\/p>\n<p><img decoding=\"async\" alt=\"paracetamol autismo 520800405\" loading=\"lazy\" class=\"ResponsiveImageContainer-eNxvmU cfBbTk responsive-image__image\"   src=\"https:\/\/www.europesays.com\/es\/wp-content\/uploads\/2025\/10\/paracetamol%20autismo%20520800405.jpg\"\/><a class=\"BaseWrap-sc-gzmcOU BaseText-eqOrNE BaseLink-eTpkqh ContentCardEmbedHedLink-kqBDz deqABF jkWAvF dsRLul hMqJdP content-card-embed__hed-link\" href=\"https:\/\/es.wired.com\/articulos\/expertos-rechazan-declaraciones-de-trump-que-relacionan-el-paracetamol-con-el-autismo\" data-testid=\"ContentCardEmbedHedLink\" rel=\"nofollow noopener\" target=\"_blank\">Expertos rechazan declaraciones de Trump que relacionan el paracetamol con el autismo<\/a><\/p>\n<p>La Agencia Europea de Medicamentos y la Organizaci\u00f3n Mundial de la Salud coincidieron en que no existe evidencia cient\u00edfica que justifique modificar las recomendaciones actuales sobre el uso del paracetamol en el embarazo.<\/p>\n<p>Al vincular la informaci\u00f3n gen\u00e9tica con la edad del diagn\u00f3stico, los investigadores observaron que los perfiles de quienes son identificados de manera temprana difieren de los de quienes reciben la confirmaci\u00f3n en etapas posteriores. Hallaron \u00fanicamente una leve superposici\u00f3n entre ambos grupos, lo que indica que <strong>los mecanismos biol\u00f3gicos asociados al autismo en la ni\u00f1ez podr\u00edan ser diferentes a los vinculados con el autismo identificado en la adolescencia o en la adultez.<\/strong><\/p>\n<p>El an\u00e1lisis, publicado esta semana en la <a href=\"https:\/\/www.nature.com\/articles\/s41586-025-09542-6\" rel=\"nofollow noopener\" target=\"_blank\">revista Nature<\/a>, mostr\u00f3 que los ni\u00f1os diagnosticados antes de los seis a\u00f1os ten\u00edan m\u00e1s probabilidades de presentar dificultades de conducta \u2014como problemas en la interacci\u00f3n social\u2014 desde edades tempranas. En contraste, aquellos que recibieron el diagn\u00f3stico despu\u00e9s de los 10 a\u00f1os ten\u00edan mayor probabilidad de experimentar dificultades sociales y conductuales durante la adolescencia. Adem\u00e1s presentaron una mayor predisposici\u00f3n de padecer trastornos de salud mental, como la depresi\u00f3n.<\/p>\n<p>El informe a\u00f1ade que el perfil gen\u00e9tico promedio de quienes recibieron el diagn\u00f3stico al final de la primera infancia result\u00f3 m\u00e1s cercano al del <a href=\"https:\/\/es.wired.com\/articulos\/los-diagnosticos-de-tdah-estan-aumentando-en-ninos-y-adolescentes-revela-un-nuevo-informe\" rel=\"nofollow noopener\" target=\"_blank\">TDAH<\/a> y a trastornos como el <a href=\"https:\/\/es.wired.com\/articulos\/mdma-extasis-evaluada-ee-uu-para-trastorno-de-estres-postraumatico\" rel=\"nofollow noopener\" target=\"_blank\">estr\u00e9s postraum\u00e1tico<\/a>, que al del autismo \u201ccl\u00e1sico\u201d identificado en la primera infancia.<\/p>\n<p>El estudio concluye que <strong>el momento del diagn\u00f3stico no es del todo aleatorio, sino que refleja diferencias gen\u00e9ticas subyacentes<\/strong> que, en algunos casos, coinciden con el riesgo de otros trastornos.<\/p>\n<p>\u201cPor primera vez hemos descubierto que el autismo diagnosticado en edades tempranas y tard\u00edas presenta perfiles biol\u00f3gicos y de desarrollo distintos. <strong>El t\u00e9rmino \u2018autismo\u2019 probablemente describe m\u00faltiples condiciones<\/strong>\u201d, <a data-offer-url=\"https:\/\/www.cam.ac.uk\/research\/news\/study-reveals-genetic-and-developmental-differences-in-people-with-earlier-versus-later-autism\" class=\"external-link\" data-event-click=\"{&quot;element&quot;:&quot;ExternalLink&quot;,&quot;outgoingURL&quot;:&quot;https:\/\/www.cam.ac.uk\/research\/news\/study-reveals-genetic-and-developmental-differences-in-people-with-earlier-versus-later-autism&quot;}\" href=\"https:\/\/www.cam.ac.uk\/research\/news\/study-reveals-genetic-and-developmental-differences-in-people-with-earlier-versus-later-autism\" rel=\"nofollow noopener\" target=\"_blank\">afirm\u00f3<\/a> Varun Warrier, investigador del Departamento de Psiquiatr\u00eda de la Universidad de Cambridge y autor principal del trabajo.<\/p>\n<p>El autismo podr\u00eda describir m\u00e1s de un trastorno<\/p>\n<p>Los especialistas subrayan que <strong>la intenci\u00f3n no es crear nuevos subtipos de autismo, sino comprender los diferentes procesos de desarrollo del trastorno<\/strong>, con el fin de mejorar las terapias. \u201cAlgunas influencias gen\u00e9ticas predisponen a mostrar rasgos autistas desde muy peque\u00f1os, lo que facilita un diagn\u00f3stico temprano. En otros casos, esos factores modifican qu\u00e9 rasgos aparecen y cu\u00e1ndo. Algunos ni\u00f1os manifiestan caracter\u00edsticas que sus padres o cuidadores no perciben hasta que generan un malestar significativo en la infancia tard\u00eda o la adolescencia\u201d, a\u00f1adi\u00f3 Warrier.<\/p>\n<p>Aunque reconocen limitaciones, como el tama\u00f1o de la muestra y la dependencia de informes de cuidadores en lugar de evaluaciones cl\u00ednicas, los autores sostienen que el estudio ampl\u00eda la comprensi\u00f3n sobre c\u00f3mo emergen las caracter\u00edsticas del autismo en distintas etapas y su relaci\u00f3n con los perfiles gen\u00e9ticos. Esta informaci\u00f3n podr\u00eda mejorar los mecanismos de diagn\u00f3stico y las estrategias terap\u00e9uticas.<\/p>\n<p>\u201cUn pr\u00f3ximo paso ser\u00e1 entender la interacci\u00f3n entre la gen\u00e9tica y los factores sociales que influyen en peores resultados de salud mental en quienes reciben un diagn\u00f3stico tard\u00edo\u201d, se\u00f1al\u00f3 Warrier.<\/p>\n<p>Por su parte, Uta Frith, profesora em\u00e9rita de Desarrollo Cognitivo en el University College London, <a data-offer-url=\"https:\/\/sciencemediacentre.es\/identifican-perfiles-diferentes-de-autismo-segun-la-edad-de-diagnostico\" class=\"external-link\" data-event-click=\"{&quot;element&quot;:&quot;ExternalLink&quot;,&quot;outgoingURL&quot;:&quot;https:\/\/sciencemediacentre.es\/identifican-perfiles-diferentes-de-autismo-segun-la-edad-de-diagnostico&quot;}\" href=\"https:\/\/sciencemediacentre.es\/identifican-perfiles-diferentes-de-autismo-segun-la-edad-de-diagnostico\" rel=\"nofollow noopener\" target=\"_blank\">destac\u00f3 a Science Media Centre Reino Unido<\/a> que la gran aportaci\u00f3n del estudio \u2014en el que no particip\u00f3\u2014 es demostrar que el autismo no es una condici\u00f3n \u00fanica. \u201c<strong>Es momento de aceptar que el autismo se ha convertido en un caj\u00f3n de sastre de diferentes trastornos.<\/strong> Si se habla de una \u2018epidemia de autismo\u2019, de una \u2018causa del autismo\u2019 o de un \u2018tratamiento para el autismo\u2019, la pregunta inmediata debe ser: <strong>\u00bfde qu\u00e9 tipo de autismo se trata?<\/strong>\u201d, concluy\u00f3.<\/p>\n","protected":false},"excerpt":{"rendered":"Una nueva investigaci\u00f3n de la Universidad de Cambridge sugiere que el autismo no deber\u00eda entenderse como una condici\u00f3n&hellip;\n","protected":false},"author":2,"featured_media":155587,"comment_status":"","ping_status":"","sticky":false,"template":"","format":"standard","meta":{"footnotes":""},"categories":[92],"tags":[25,24,165,166,4474,23],"class_list":{"0":"post-155586","1":"post","2":"type-post","3":"status-publish","4":"format-standard","5":"has-post-thumbnail","7":"category-salud","8":"tag-es","9":"tag-espana","10":"tag-health","11":"tag-salud","12":"tag-salud-mental","13":"tag-spain"},"share_on_mastodon":{"url":"","error":""},"_links":{"self":[{"href":"https:\/\/www.europesays.com\/es\/wp-json\/wp\/v2\/posts\/155586","targetHints":{"allow":["GET"]}}],"collection":[{"href":"https:\/\/www.europesays.com\/es\/wp-json\/wp\/v2\/posts"}],"about":[{"href":"https:\/\/www.europesays.com\/es\/wp-json\/wp\/v2\/types\/post"}],"author":[{"embeddable":true,"href":"https:\/\/www.europesays.com\/es\/wp-json\/wp\/v2\/users\/2"}],"replies":[{"embeddable":true,"href":"https:\/\/www.europesays.com\/es\/wp-json\/wp\/v2\/comments?post=155586"}],"version-history":[{"count":0,"href":"https:\/\/www.europesays.com\/es\/wp-json\/wp\/v2\/posts\/155586\/revisions"}],"wp:featuredmedia":[{"embeddable":true,"href":"https:\/\/www.europesays.com\/es\/wp-json\/wp\/v2\/media\/155587"}],"wp:attachment":[{"href":"https:\/\/www.europesays.com\/es\/wp-json\/wp\/v2\/media?parent=155586"}],"wp:term":[{"taxonomy":"category","embeddable":true,"href":"https:\/\/www.europesays.com\/es\/wp-json\/wp\/v2\/categories?post=155586"},{"taxonomy":"post_tag","embeddable":true,"href":"https:\/\/www.europesays.com\/es\/wp-json\/wp\/v2\/tags?post=155586"}],"curies":[{"name":"wp","href":"https:\/\/api.w.org\/{rel}","templated":true}]}}