{"id":155589,"date":"2025-10-03T22:29:12","date_gmt":"2025-10-03T22:29:12","guid":{"rendered":"https:\/\/www.europesays.com\/es\/155589\/"},"modified":"2025-10-03T22:29:12","modified_gmt":"2025-10-03T22:29:12","slug":"de-tecnologia-china-lleva-el-nombre-de-la-ciudad-olivica-y-se-ha-presentado-en-el-salon-del-automovil-de-turin","status":"publish","type":"post","link":"https:\/\/www.europesays.com\/es\/155589\/","title":{"rendered":"de tecnolog\u00eda china, lleva el nombre de la ciudad ol\u00edvica y se ha presentado en el Sal\u00f3n del Autom\u00f3vil de Tur\u00edn"},"content":{"rendered":"<p class=\"ft-text ft-helper-closenews\">Vigo ya tiene su coche. Pero lejos de ser un modelo de <a class=\"ft-link ft-link--decoration\" href=\"https:\/\/www.farodevigo.es\/tags\/stellantis\/\" rel=\"nofollow noopener\" target=\"_blank\">Stellantis<\/a> como cualquiera podr\u00eda pensar, teniendo en cuenta la vinculaci\u00f3n directa de la marca francesa con la ciudad gallega, en este caso ha sido <strong>una compa\u00f1\u00eda china<\/strong> la que ha elegido el top\u00f3nimo de la ciudad m\u00e1s importante de Galicia para hacer el desembarco de su \u00faltima apuesta en Europa.<\/p>\n<p class=\"ft-text\">El <strong>Donfeng Vigo<\/strong> ya es una realidad despu\u00e9s de que este viernes haya sido presentado oficialmente en el <strong>Sal\u00f3n del Autom\u00f3vil de Tur\u00edn<\/strong>.<\/p>\n<p><img decoding=\"async\" src=\"https:\/\/www.europesays.com\/es\/wp-content\/uploads\/2025\/10\/8f5682d5-7b6e-4ffc-9fcc-760cfbaad53f_alta-libre-aspect-ratio_default_0.jpg\" width=\"1200\" height=\"675\" alt=\"Foto promocional de la marca china.\" class=\"ft-helper-img-rd\" loading=\"lazy\" hasdataaida=\"true\"\/><\/p>\n<p class=\"ft-helper-fontColor-quaternary ft-helper-fontSize-body-S ft-helper-spacer-t-xxs\">Foto promocional de la marca china.  \/ Dongfeng<\/p>\n<p class=\"ft-text\">El modelo, que la firma sac\u00f3 a la venta en su pa\u00eds a principios de a\u00f1o, y que present\u00f3 en la feria del sector celebrada en mayo en Shanghai bajo la denominaci\u00f3n de <strong>Nammi 06<\/strong>, se comercializar\u00e1 en Europa con el nombre de la urbe ol\u00edvica.<\/p>\n<p class=\"ft-text\">Se trata de un <strong>SUV compacto el\u00e9ctrico<\/strong> con un dise\u00f1o que se mantiene con respecto al modelo chino, y que combina un aspecto moderno y familiar. Inspirado en el <strong>KIA EV3<\/strong>, cuenta en su parte frontal con faros en forma de T, list\u00f3n decorativo que sustituye la parrilla tradicional, defensa con entrada de aire y un acabado que busca transmitir modernidad.<\/p>\n<p>Precio y autonom\u00eda<\/p>\n<p class=\"ft-text\">El nuevo <strong>Dongfeng Vigo<\/strong> est\u00e1 equipado con un motor el\u00e9ctrico delantero que rinde una potencia m\u00e1xima de 120 kW, equivalente a <strong>160 CV<\/strong>, y est\u00e1 asociado a una bater\u00eda de ferrofosfato de litio (LFP) con dos niveles de capacidad, de 44,94 kWh y de 51,87 kWh. Las autonom\u00edas m\u00e1ximas, homologadas seg\u00fan el ciclo WLTP, se desconocen, pero s\u00ed las del ciclo chino y, seg\u00fan este, ascienden a <strong>401 y 471 kil\u00f3metros<\/strong>, respectivamente. El <strong>Dongfeng Vigo<\/strong> aspira a ser todo un \u00e9xito, sobre todo por el precio tan atractivo para cualquier bolsillo: se espera que cueste menos de <strong>22.000 euros<\/strong> para la versi\u00f3n sin extras.<\/p>\n<p><img decoding=\"async\" src=\"https:\/\/www.europesays.com\/es\/wp-content\/uploads\/2025\/10\/8e1eb2fd-8f50-40b0-927c-77ddc540a549_alta-libre-aspect-ratio_default_0.jpg\" width=\"1200\" height=\"780\" alt=\"Dongfeng elige el nombre de Vigo para desembarcar con su \u00faltimo SUV el\u00e9ctrico en Europa.\" class=\"ft-helper-img-rd\" loading=\"lazy\" hasdataaida=\"true\"\/><\/p>\n<p class=\"ft-helper-fontColor-quaternary ft-helper-fontSize-body-S ft-helper-spacer-t-xxs\">Dongfeng elige el nombre de Vigo para desembarcar con su \u00faltimo SUV el\u00e9ctrico en Europa.  \/ Dongfeng<\/p>\n<p>Su v\u00ednculo con Stellantis y PSA<\/p>\n<p class=\"ft-text\">Dongfeng, de propiedad estatal, <strong>es accionista de Stellantis con un 1,7%<\/strong>, si bien en su momento lleg\u00f3 a tener tanto como el estado franc\u00e9s (14% en aquel momento) tras una ampliaci\u00f3n de capital de 3.000 millones. Mucho antes de eso, en 1992, <strong>junto con PSA hab\u00eda creado la joint venture Dongfeng Peugeot-Citro\u00ebn Automobile Co<\/strong>., creada para entrar con fuerza en el mercado chino.<\/p>\n<p><img decoding=\"async\" src=\"https:\/\/www.europesays.com\/es\/wp-content\/uploads\/2025\/10\/fcca200a-48d1-4d50-b3c6-4faad719e2bd_alta-libre-aspect-ratio_default_0.jpg\" width=\"1200\" height=\"1500\" alt=\"Parte posterior del Dongfeng Vigo.\" class=\"ft-helper-img-rd\" loading=\"lazy\" hasdataaida=\"true\"\/><\/p>\n<p class=\"ft-helper-fontColor-quaternary ft-helper-fontSize-body-S ft-helper-spacer-t-xxs\">Parte posterior del Dongfeng Vigo.  \/ Dongfeng<\/p>\n<p class=\"ft-text\">Hoy Stellantis tiene otros planes para lo que son sus alianzas con el mercado y las marcas chinas. Su principal aliado es <strong>Leapmotor, <\/strong>empresa de coches en la que entr\u00f3 haci\u00e9ndose con el 20% y que supuso la creaci\u00f3n de una joint venture para vender sus veh\u00edculos en Europa (de la que Stellantis tiene la mayor\u00eda accionarial, un 51%).<\/p>\n<p data-close=\"closedContent\" class=\"subscribeHideForDisplay\">Suscr\u00edbete para seguir leyendo<\/p>\n","protected":false},"excerpt":{"rendered":"Vigo ya tiene su coche. Pero lejos de ser un modelo de Stellantis como cualquiera podr\u00eda pensar, teniendo&hellip;\n","protected":false},"author":2,"featured_media":155590,"comment_status":"","ping_status":"","sticky":false,"template":"","format":"standard","meta":{"footnotes":""},"categories":[80],"tags":[9741,82,1615,3075,46634,46632,95,94,25,24,4645,1347,5285,3994,46633,23,4786,1274],"class_list":{"0":"post-155589","1":"post","2":"type-post","3":"status-publish","4":"format-standard","5":"has-post-thumbnail","7":"category-economia","8":"tag-automocion","9":"tag-business","10":"tag-china","11":"tag-coche","12":"tag-coche-electrico","13":"tag-dongfeng","14":"tag-economia","15":"tag-economy","16":"tag-es","17":"tag-espana","18":"tag-grandes","19":"tag-llamado","20":"tag-novedades","21":"tag-salon","22":"tag-sector-de-la-automocion","23":"tag-spain","24":"tag-turin","25":"tag-vigo"},"share_on_mastodon":{"url":"","error":""},"_links":{"self":[{"href":"https:\/\/www.europesays.com\/es\/wp-json\/wp\/v2\/posts\/155589","targetHints":{"allow":["GET"]}}],"collection":[{"href":"https:\/\/www.europesays.com\/es\/wp-json\/wp\/v2\/posts"}],"about":[{"href":"https:\/\/www.europesays.com\/es\/wp-json\/wp\/v2\/types\/post"}],"author":[{"embeddable":true,"href":"https:\/\/www.europesays.com\/es\/wp-json\/wp\/v2\/users\/2"}],"replies":[{"embeddable":true,"href":"https:\/\/www.europesays.com\/es\/wp-json\/wp\/v2\/comments?post=155589"}],"version-history":[{"count":0,"href":"https:\/\/www.europesays.com\/es\/wp-json\/wp\/v2\/posts\/155589\/revisions"}],"wp:featuredmedia":[{"embeddable":true,"href":"https:\/\/www.europesays.com\/es\/wp-json\/wp\/v2\/media\/155590"}],"wp:attachment":[{"href":"https:\/\/www.europesays.com\/es\/wp-json\/wp\/v2\/media?parent=155589"}],"wp:term":[{"taxonomy":"category","embeddable":true,"href":"https:\/\/www.europesays.com\/es\/wp-json\/wp\/v2\/categories?post=155589"},{"taxonomy":"post_tag","embeddable":true,"href":"https:\/\/www.europesays.com\/es\/wp-json\/wp\/v2\/tags?post=155589"}],"curies":[{"name":"wp","href":"https:\/\/api.w.org\/{rel}","templated":true}]}}