{"id":155591,"date":"2025-10-03T22:30:09","date_gmt":"2025-10-03T22:30:09","guid":{"rendered":"https:\/\/www.europesays.com\/es\/155591\/"},"modified":"2025-10-03T22:30:09","modified_gmt":"2025-10-03T22:30:09","slug":"la-ocupacion-de-israel-en-gaza-a-traves-del-derecho-internacional","status":"publish","type":"post","link":"https:\/\/www.europesays.com\/es\/155591\/","title":{"rendered":"La ocupaci\u00f3n de Israel en Gaza a trav\u00e9s del derecho internacional"},"content":{"rendered":"<p><strong>Israel ha detenido a 443 de los 500 miembros <\/strong>de la Global Sumud<strong> Flotilla <\/strong>y las autoridades israel\u00edes han afirmado que <strong>ser\u00e1n trasladados a la prisi\u00f3n de Beerseba.<\/strong> En el informativo &#8217;24 Horas de RNE&#8217; hablamos con <strong>Juan Rodr\u00edguez Garat, almirante retirado: <\/strong>\u00abAunque la ocupaci\u00f3n de Gaza sea ilegal y aunque todas las guerras sean ilegales, si no est\u00e1n aprobadas por las Naciones Unidas, por el Consejo Civil de las Naciones Unidas, el derecho humanitario no tiene como finalidad que la guerra la ganen los buenos, sino <strong>que se humanice la guerra dentro de lo posible<\/strong> y es a trav\u00e9s de unas condiciones que deben cumplir los ej\u00e9rcitos, sean buenos o malos, sea una causa justa o no, deben cumplir\u00bb.<\/p>\n<p>El <strong>catedr\u00e1tico de Derecho Internacional P\u00fablico de la Universidad Rovira i Virgili de Tarragona, Antoni Pigrau,<\/strong> asegura: \u00abEn realidad se ha violado casi todo, efectivamente, en el conflicto que estamos analizando yo creo que se cruzan por lo menos tres ramas del derecho internacional [&#8230;] <strong>En cuanto al derecho del mar, los estados ribere\u00f1os tienen unos espacios del mar territorial de hasta 12 millas, Israel solamente dispone de esos espacios, de acuerdo con el derecho internacional, en su propio litoral y no en el de Gaza<\/strong>\u00ab. <strong>No <\/strong>son <strong>espacios que Israel pueda utilizar<\/strong> \u00ab<strong>como <\/strong>si fuera el <strong>propietario, el soberano del espacio legal\u00bb<\/strong>, a\u00f1ade. Pigrau concluye: \u00abIsrael se impone por la fuerza de los hechos,<strong> no por la fuerza de la legalidad\u00bb.<\/strong><\/p>\n","protected":false},"excerpt":{"rendered":"Israel ha detenido a 443 de los 500 miembros de la Global Sumud Flotilla y las autoridades israel\u00edes&hellip;\n","protected":false},"author":2,"featured_media":155592,"comment_status":"","ping_status":"","sticky":false,"template":"","format":"standard","meta":{"footnotes":""},"categories":[42],"tags":[11980,17,18,13,14,11,61,62,63,64,46635,19,20,9,10,15,16,133,1448,1986,1987,12,21,22,65,66,67],"class_list":{"0":"post-155591","1":"post","2":"type-post","3":"status-publish","4":"format-standard","5":"has-post-thumbnail","7":"category-internacional","8":"tag-24-horas","9":"tag-breaking-news","10":"tag-breakingnews","11":"tag-featured-news","12":"tag-featurednews","13":"tag-headlines","14":"tag-internacional","15":"tag-international","16":"tag-international-news","17":"tag-internationalnews","18":"tag-la-ocupacion-de-israel-en-gaza-a-traves-del-derecho-internacional","19":"tag-latest-news","20":"tag-latestnews","21":"tag-news","22":"tag-noticias","23":"tag-noticias-destacadas","24":"tag-noticiasdestacadas","25":"tag-online","26":"tag-radio","27":"tag-rne","28":"tag-rtve-play","29":"tag-titulares","30":"tag-ultimas-noticias","31":"tag-ultimasnoticias","32":"tag-world","33":"tag-world-news","34":"tag-worldnews"},"share_on_mastodon":{"url":"","error":""},"_links":{"self":[{"href":"https:\/\/www.europesays.com\/es\/wp-json\/wp\/v2\/posts\/155591","targetHints":{"allow":["GET"]}}],"collection":[{"href":"https:\/\/www.europesays.com\/es\/wp-json\/wp\/v2\/posts"}],"about":[{"href":"https:\/\/www.europesays.com\/es\/wp-json\/wp\/v2\/types\/post"}],"author":[{"embeddable":true,"href":"https:\/\/www.europesays.com\/es\/wp-json\/wp\/v2\/users\/2"}],"replies":[{"embeddable":true,"href":"https:\/\/www.europesays.com\/es\/wp-json\/wp\/v2\/comments?post=155591"}],"version-history":[{"count":0,"href":"https:\/\/www.europesays.com\/es\/wp-json\/wp\/v2\/posts\/155591\/revisions"}],"wp:featuredmedia":[{"embeddable":true,"href":"https:\/\/www.europesays.com\/es\/wp-json\/wp\/v2\/media\/155592"}],"wp:attachment":[{"href":"https:\/\/www.europesays.com\/es\/wp-json\/wp\/v2\/media?parent=155591"}],"wp:term":[{"taxonomy":"category","embeddable":true,"href":"https:\/\/www.europesays.com\/es\/wp-json\/wp\/v2\/categories?post=155591"},{"taxonomy":"post_tag","embeddable":true,"href":"https:\/\/www.europesays.com\/es\/wp-json\/wp\/v2\/tags?post=155591"}],"curies":[{"name":"wp","href":"https:\/\/api.w.org\/{rel}","templated":true}]}}