{"id":155593,"date":"2025-10-03T22:31:12","date_gmt":"2025-10-03T22:31:12","guid":{"rendered":"https:\/\/www.europesays.com\/es\/155593\/"},"modified":"2025-10-03T22:31:12","modified_gmt":"2025-10-03T22:31:12","slug":"aemet-anuncia-la-llegada-de-un-chorro-polar-y-nuevas-lluvias-a-la-comunitat","status":"publish","type":"post","link":"https:\/\/www.europesays.com\/es\/155593\/","title":{"rendered":"Aemet anuncia la llegada de un chorro polar y nuevas lluvias a la Comunitat"},"content":{"rendered":"<p><a class=\"v-mdl-ath__fig-a\" href=\"https:\/\/www.lasprovincias.es\/autor\/adrian-pedroche-6504.html\" title=\"A. Pedroche\" rel=\"nofollow noopener\" target=\"_blank\"><br \/>\n<img decoding=\"async\" class=\"v-mdl-ath__img\" src=\"https:\/\/www.europesays.com\/es\/wp-content\/uploads\/2025\/09\/autor-6504-foto-1.jpeg\" alt=\"A. Pedroche\"\/><br \/>\n<\/a><\/p>\n<p class=\"v-mdl-ath__p v-mdl-ath__p--6\">\nViernes, 3 de octubre 2025, 16:55<\/p>\n<p>| Actualizado 17:07h.<\/p>\n<p class=\"v-p\">Durante esta semana los valencianos han mirado mucho al cielo. El pasado domingo, la Agencia Estatal de Meteorolog\u00eda (Aemet) anunci\u00f3 la llegada de fuertes precipitaciones a la Comunitat que pod\u00edan provocar desbordamientos en r\u00edos y barrancos. El organismo activ\u00f3 la alerta roja para el lunes 29 de septiembre. Justo el d\u00eda que se cumpl\u00edan once meses de la dana. Las clases se cancelaron en decenas de municipios. <a href=\"https:\/\/www.lasprovincias.es\/comunitat\/municipios-comunitat-lloviendo-lunes-20250929083754-nt.html\" title=\"www.lasprovincias.es\" data-voc-vtm-id=\"in-text-traffic\" data-mrf-link=\"www.lasprovincias.es\" rel=\"nofollow noopener\" target=\"_blank\">Llovi\u00f3 con mucha fuerza en localidades como Cullera<\/a>. El martes la alerta segu\u00eda activa, pero pas\u00f3 a naranja. Continuaron las precipitaciones, pero no con tanta fuerza. <a href=\"https:\/\/www.lasprovincias.es\/comunitat\/localidades-lluvia-miercoles-comunitat-20251001105512-nt.html\" title=\"www.lasprovincias.es\" data-voc-vtm-id=\"in-text-traffic\" data-mrf-link=\"www.lasprovincias.es\" rel=\"nofollow noopener\" target=\"_blank\">El mi\u00e9rcoles ya se produjeron los \u00faltimos coletazos<\/a>. <\/p>\n<p class=\"v-p\">El resto de esta semana hemos tenido d\u00edas apacibles. Sin fen\u00f3menos meteorol\u00f3gicos destacados. Sin embargo, a Espa\u00f1a llegar\u00e1 un chorro polar que tambi\u00e9n afectar\u00e1 a la Comunitat Valenciana. Este fen\u00f3meno, seg\u00fan Meteored, es un canal de vientos muy fuertes en forma de tubo que discurre a unos 9-16 km sobre la superficie terrestre. Lo podemos ver como un r\u00edo donde el aire discurre a velocidades de 100-250 km\/h, con longitudes de miles de kil\u00f3metros, pero s\u00f3lo unos pocos de ancho.<\/p>\n<p class=\"v-p\">Este chorro polar en latitudes m\u00e1s elevadas favorecer\u00e1 la instalaci\u00f3n de un patr\u00f3n de NAO+ (Oscilaci\u00f3n del Atl\u00e1ntico Norte, por sus siglas en ingl\u00e9s), lo que supone que las borrascas circulen por latitudes altas, m\u00e1s cerca de los pa\u00edses n\u00f3rdicos que de la Pen\u00ednsula. Pese a que har\u00e1 que las temperaturas suban a partir de este viernes, durante el fin de semana se notar\u00e1 un poco los efectos indirectos de la borrasca Amy. Esto har\u00e1 que el tiempo cambie. Incluida la Comunitat.<\/p>\n<p><a href=\"http:\/\/www.lasprovincias.es\/sociedad\/ano-hidrologico-deja-684-litros-lluvioso-2020-20251002103127-ntrc.html#vtm_modulosEngag=mod-rel:comunitat:noticia:1:cmp:1-not\" class=\"v-a-link\" aria-label=\"Imagen\" rel=\"nofollow noopener\" target=\"_blank\"><\/p>\n<p><img decoding=\"async\" loading=\"lazy\" src=\"https:\/\/s3.ppllstatics.com\/rc\/www\/multimedia\/2025\/10\/02\/1501384334-U57640488406DQU-366x256@RC.JPG\" class=\"v-a-img\" width=\"258\" height=\"180\" alt=\"\" data-voc-vtm-id=\"in-text-traffic\"\/><\/p>\n<p><\/a><\/p>\n<p class=\"v-p\">De cara a este <strong>s\u00e1bado<\/strong>, 4 de octubre, la situaci\u00f3n ser\u00e1 similar. El cielo estar\u00e1 despejado. Las temperaturas ascender\u00e1n de manera generalizada. M\u00e1ximas de 28 grados en Valencia y m\u00ednimas de 17. El viento ser\u00e1 flojo de componente oeste, tendiendo a sureste en el litoral por la tarde.<\/p>\n<p class=\"v-p\">Para el <strong>domingo<\/strong>, 5 de octubre, Aemet pronostica un descenso generalizado de las temperaturas en nuestro territorio. Especialmente en el tercio norte. Tambi\u00e9n existe la posibilidad de rachas muy fuertes en el norte de Castell\u00f3n la primera mitad del d\u00eda. El cielo se ir\u00e1 encapotando durante la tarde. El organimo no descarta chubascos en Valencia y Alicante. <\/p>\n<p class=\"v-p\">El <strong>lunes<\/strong>, 6 de octubre, el cielo estar\u00e1 nuboso desde primera hora de la ma\u00f1ana en las provincias de Valencia y Alicante. La excepci\u00f3n ser\u00e1 Castell\u00f3n. Estas nubes provocar\u00e1n precipitaciones d\u00e9biles que tender\u00e1n a remitir a partir de la tarde. Las temperaturas m\u00ednimas en descenso en la mitad norte y con cambios ligeros en el sur. Las m\u00e1ximas en descenso, excepto un ascenso en el interior norte de Castell\u00f3n. El viento ser\u00e1 flojo del noroeste en el norte de Castell\u00f3n y de direcci\u00f3n variable en el resto por la ma\u00f1ana, tendiendo a sureste en las horas centrales.<\/p>\n<p>Reporta un error<\/p>\n","protected":false},"excerpt":{"rendered":"Viernes, 3 de octubre 2025, 16:55 | Actualizado 17:07h. Durante esta semana los valencianos han mirado mucho al&hellip;\n","protected":false},"author":2,"featured_media":155594,"comment_status":"","ping_status":"","sticky":false,"template":"","format":"standard","meta":{"footnotes":""},"categories":[8],"tags":[2980,4187,17,18,46636,23242,25,24,13,14,11,19,20,5808,6194,9,10,15,16,2860,40491,23,12,21,22],"class_list":{"0":"post-155593","1":"post","2":"type-post","3":"status-publish","4":"format-standard","5":"has-post-thumbnail","7":"category-espana","8":"tag-aemet","9":"tag-anuncia","10":"tag-breaking-news","11":"tag-breakingnews","12":"tag-chorro","13":"tag-comunitat","14":"tag-es","15":"tag-espana","16":"tag-featured-news","17":"tag-featurednews","18":"tag-headlines","19":"tag-latest-news","20":"tag-latestnews","21":"tag-llegada","22":"tag-lluvias","23":"tag-news","24":"tag-noticias","25":"tag-noticias-destacadas","26":"tag-noticiasdestacadas","27":"tag-nuevas","28":"tag-polar","29":"tag-spain","30":"tag-titulares","31":"tag-ultimas-noticias","32":"tag-ultimasnoticias"},"share_on_mastodon":{"url":"","error":""},"_links":{"self":[{"href":"https:\/\/www.europesays.com\/es\/wp-json\/wp\/v2\/posts\/155593","targetHints":{"allow":["GET"]}}],"collection":[{"href":"https:\/\/www.europesays.com\/es\/wp-json\/wp\/v2\/posts"}],"about":[{"href":"https:\/\/www.europesays.com\/es\/wp-json\/wp\/v2\/types\/post"}],"author":[{"embeddable":true,"href":"https:\/\/www.europesays.com\/es\/wp-json\/wp\/v2\/users\/2"}],"replies":[{"embeddable":true,"href":"https:\/\/www.europesays.com\/es\/wp-json\/wp\/v2\/comments?post=155593"}],"version-history":[{"count":0,"href":"https:\/\/www.europesays.com\/es\/wp-json\/wp\/v2\/posts\/155593\/revisions"}],"wp:featuredmedia":[{"embeddable":true,"href":"https:\/\/www.europesays.com\/es\/wp-json\/wp\/v2\/media\/155594"}],"wp:attachment":[{"href":"https:\/\/www.europesays.com\/es\/wp-json\/wp\/v2\/media?parent=155593"}],"wp:term":[{"taxonomy":"category","embeddable":true,"href":"https:\/\/www.europesays.com\/es\/wp-json\/wp\/v2\/categories?post=155593"},{"taxonomy":"post_tag","embeddable":true,"href":"https:\/\/www.europesays.com\/es\/wp-json\/wp\/v2\/tags?post=155593"}],"curies":[{"name":"wp","href":"https:\/\/api.w.org\/{rel}","templated":true}]}}