{"id":155595,"date":"2025-10-03T22:32:21","date_gmt":"2025-10-03T22:32:21","guid":{"rendered":"https:\/\/www.europesays.com\/es\/155595\/"},"modified":"2025-10-03T22:32:21","modified_gmt":"2025-10-03T22:32:21","slug":"la-jueza-de-la-dana-deniega-archivar-la-causa-a-pradas-hay-indicios-abrumadores-de-una-conducta-negligente-sociedad","status":"publish","type":"post","link":"https:\/\/www.europesays.com\/es\/155595\/","title":{"rendered":"La jueza de la DANA deniega archivar la causa a Pradas: \u00abHay indicios abrumadores de una conducta negligente\u201d | Sociedad"},"content":{"rendered":"<p class=\"loc\">Valencia<\/p>\n<p>La titular de la plaza n\u00famero 3 del Tribunal de Instancia de Catarroja ha denegado la solicitud de sobreseimiento libre de la investigaci\u00f3n por la DANA del 29 de octubre para la exconsellera de Justicia e Interior Salom\u00e9 Pradas en un auto notificado este viernes a las partes.<\/p>\n<p>La juez se\u00f1ala en la resoluci\u00f3n, que consta de 23 p\u00e1ginas, que bastar\u00eda como fundamentaci\u00f3n para rechazar esta petici\u00f3n \u201cel simple hecho de que no se ha agotado la instrucci\u00f3n\u201d, pero precisa que la denegaci\u00f3n tambi\u00e9n se basa en la existencia de \u201cindicios abrumadores de una conducta negligente\u201d por parte de esta investigada.<\/p>\n<p>La instructora detalla a continuaci\u00f3n de forma pormenorizada esos indicios y su reflejo en las actuaciones, as\u00ed como la \u201cposici\u00f3n de garante\u201d que ten\u00eda la exconsellera y las \u201csucesivas omisiones que se produjeron: desde la convocatoria del Cecopi con un evidente retraso\u201d al \u201cinsoportable retraso en las alertas a la poblaci\u00f3n, as\u00ed como la falta de control de los barrancos\u201d.<\/p>\n<p>En esta l\u00ednea, considera \u201caplicable en este caso\u201d el t\u00e9rmino \u2018negligencia grosera\u2019, \u201catendiendo no solo al grav\u00edsimo resultado mortal, sino por la parsimonia en la adopci\u00f3n y las medidas y su car\u00e1cter err\u00f3neo\u201d.<\/p>\n<p>El auto puede ser recurrido en reforma en el plazo de tres d\u00edas o en apelaci\u00f3n, en el plazo de cinco.<\/p>\n<p>Pide saber el encargo que hizo Emergencias a Tragsa<\/p>\n<p>La magistrada tambi\u00e9n ha dictado un segundo auto que desestima un recurso de reforma presentado tambi\u00e9n por la defensa de Salom\u00e9 Pradas, as\u00ed como una providencia en la que acuerda solicitar al Instituto de Medicina Legal la emisi\u00f3n de un informe forense sobre la \u201crelaci\u00f3n de causalidad existente\u201d entre el fallecimiento de una mujer en un hospital el d\u00eda 3 de noviembre de 2024 y las circunstancias acaecidas en la residencia de Paiporta en la que resid\u00eda el 29 de octubre anterior.<\/p>\n<p>En esta misma providencia, por otra parte, a petici\u00f3n de una acusaci\u00f3n popular, la jueza acuerda incorporar a las actuaciones el encargo realizado por la Agencia Valenciana de Seguridad y Respuesta a las Emergencias (Avsre) a la empresa p\u00fablica Tragsa para la prestaci\u00f3n de apoyo log\u00edstico, as\u00ed como requerir determinada informaci\u00f3n a la propia Tragsa.<\/p>\n<p>Qui\u00e9n fue la persona que decidi\u00f3 enviar el ES-Alert el 28<\/p>\n<p>Igualmente, a solicitud de una segunda acusaci\u00f3n popular, requiere a la Conselleria de Emergencias para que le indique \u201cqui\u00e9n fue la persona que dio la orden concreta de enviar el mensaje de alerta a la poblaci\u00f3n el domingo 28 de septiembre de 2025, a las 15:28 horas\u201d, ante la \u00faltima alerta roja meteorol\u00f3gica que afect\u00f3 a la Comunitat Valenciana.<\/p>\n<p>Finalmente, la letrada de la Administraci\u00f3n de Justicia (LAJ) de este procedimiento ha emitido tambi\u00e9n una diligencia de ordenaci\u00f3n en la que constata la imposibilidad de unir \u201cinform\u00e1ticamente\u201d a las actuaciones las grabaciones aportadas por la productora de televisi\u00f3n contratada por la Conselleria de Emergencias, e informa a las partes de que se han unido f\u00edsicamente y est\u00e1n disponibles para su consulta en la oficina judicial.<\/p>\n<p>Sigue toda la \u00faltima hora en el canal de Whatsapp de Radio Valencia: <a href=\"https:\/\/eur01.safelinks.protection.outlook.com\/?url=https%3A%2F%2Fwhatsapp.com%2Fchannel%2F0029VaHjyqSFHWq2Q3iHB33R&amp;data=05%7C02%7Cjfores%40prisaradio.com%7C9cf93b8bc68040c162ea08dca66399b3%7Cc4fd49f3e15a44d882e2c909735d2e45%7C0%7C0%7C638568193933277239%7CUnknown%7CTWFpbGZsb3d8eyJWIjoiMC4wLjAwMDAiLCJQIjoiV2luMzIiLCJBTiI6Ik1haWwiLCJXVCI6Mn0%3D%7C0%7C%7C%7C&amp;sdata=wXicRJgfTg5wCWBTdUk%2FIrtJAULqiLUxrhnLmtwSKf0%3D&amp;reserved=0\" target=\"_blank\" rel=\"nofollow noopener\" title=\"Direcci\u00f3n URL original: https:\/\/whatsapp.com\/channel\/0029VaHjyqSFHWq2Q3iHB33R. Haga clic o pulse si conf\u00eda en este v\u00ednculo.\">haz clic aqu\u00ed y suscr\u00edbete<\/a> para recibir toda la informaci\u00f3n y la actualidad del d\u00eda en tu m\u00f3vil.<\/p>\n","protected":false},"excerpt":{"rendered":"Valencia La titular de la plaza n\u00famero 3 del Tribunal de Instancia de Catarroja ha denegado la solicitud&hellip;\n","protected":false},"author":2,"featured_media":155596,"comment_status":"","ping_status":"","sticky":false,"template":"","format":"standard","meta":{"footnotes":""},"categories":[5],"tags":[17,18,25,24,13,14,11,19,20,9,10,15,16,23,12,21,22],"class_list":{"0":"post-155595","1":"post","2":"type-post","3":"status-publish","4":"format-standard","5":"has-post-thumbnail","7":"category-titulares","8":"tag-breaking-news","9":"tag-breakingnews","10":"tag-es","11":"tag-espana","12":"tag-featured-news","13":"tag-featurednews","14":"tag-headlines","15":"tag-latest-news","16":"tag-latestnews","17":"tag-news","18":"tag-noticias","19":"tag-noticias-destacadas","20":"tag-noticiasdestacadas","21":"tag-spain","22":"tag-titulares","23":"tag-ultimas-noticias","24":"tag-ultimasnoticias"},"share_on_mastodon":{"url":"","error":""},"_links":{"self":[{"href":"https:\/\/www.europesays.com\/es\/wp-json\/wp\/v2\/posts\/155595","targetHints":{"allow":["GET"]}}],"collection":[{"href":"https:\/\/www.europesays.com\/es\/wp-json\/wp\/v2\/posts"}],"about":[{"href":"https:\/\/www.europesays.com\/es\/wp-json\/wp\/v2\/types\/post"}],"author":[{"embeddable":true,"href":"https:\/\/www.europesays.com\/es\/wp-json\/wp\/v2\/users\/2"}],"replies":[{"embeddable":true,"href":"https:\/\/www.europesays.com\/es\/wp-json\/wp\/v2\/comments?post=155595"}],"version-history":[{"count":0,"href":"https:\/\/www.europesays.com\/es\/wp-json\/wp\/v2\/posts\/155595\/revisions"}],"wp:featuredmedia":[{"embeddable":true,"href":"https:\/\/www.europesays.com\/es\/wp-json\/wp\/v2\/media\/155596"}],"wp:attachment":[{"href":"https:\/\/www.europesays.com\/es\/wp-json\/wp\/v2\/media?parent=155595"}],"wp:term":[{"taxonomy":"category","embeddable":true,"href":"https:\/\/www.europesays.com\/es\/wp-json\/wp\/v2\/categories?post=155595"},{"taxonomy":"post_tag","embeddable":true,"href":"https:\/\/www.europesays.com\/es\/wp-json\/wp\/v2\/tags?post=155595"}],"curies":[{"name":"wp","href":"https:\/\/api.w.org\/{rel}","templated":true}]}}