{"id":155611,"date":"2025-10-03T22:46:23","date_gmt":"2025-10-03T22:46:23","guid":{"rendered":"https:\/\/www.europesays.com\/es\/155611\/"},"modified":"2025-10-03T22:46:23","modified_gmt":"2025-10-03T22:46:23","slug":"mario-zanoni-cerro-un-exitoso-ciclo-de-mas-de-tres-decadas-en-cadena-heat-noticias","status":"publish","type":"post","link":"https:\/\/www.europesays.com\/es\/155611\/","title":{"rendered":"Mario Zanoni cerr\u00f3 un exitoso ciclo de m\u00e1s de tres d\u00e9cadas en Cadena Heat &#8211; Noticias"},"content":{"rendered":"<p>Dicen que jubilarse no es dejar de trabajar, sino empezar a vivir de otra manera. Con esa idea resonando, hoy nos toca hablar de una figura emblem\u00e1tica de la radiofon\u00eda cordobesa. En el vibrante dial de C\u00f3rdoba, pocas personalidades han logrado la trascendencia y la permanencia de Mario Zanoni.<\/p>\n<p>Este domingo, con la carga emotiva de quien cierra un cap\u00edtulo fundamental de su vida, Mario anunci\u00f3 que, tras 33 a\u00f1os ininterrumpidos al aire, <b style=\"font-size: 1rem;\">se despide de Cadena Heat.<\/b><\/p>\n<p>Un verdadero hito que lo consagra como protagonista indiscutido de la historia grande de la FM local.<\/p>\n<p>La noticia lleg\u00f3 con la delicadeza que siempre caracteriz\u00f3 su estilo, en su \u00faltimo programa de \u00abMarat\u00f3n de Cl\u00e1sicos\u00bb este domingo, finalizando el mes de septiembre. <\/p>\n<p>Las palabras de Zanoni, cargadas de gratitud, resonaron en el aire que lo vio crecer y convertirse en un referente: \u00abHoy, \u00faltimo domingo del mes de septiembre, <b>va a ser el \u00faltimo programa <\/b>que hago de &#8216;Marat\u00f3n de Cl\u00e1sicos&#8217;, va a ser el \u00faltimo programa que hacemos los domingos\u00bb.<\/p>\n<p><img decoding=\"async\" src=\"https:\/\/www.europesays.com\/es\/wp-content\/uploads\/2025\/10\/916b1e2c-890c-4264-b7b1-4dfca3570e9c.jpg\"\/><\/p>\n<p>Decir Mario Zanoni es hablar de una era en la FM cordobesa. Desde su debut en 1992 con el m\u00edtico \u00abHit Parade\u00bb, programa que se mantuvo como n\u00famero uno de la FM C\u00f3rdoba durante m\u00e1s de tres d\u00e9cadas, hasta \u00abEl tren de los \u00e9xitos\u00bb y, en los \u00faltimos a\u00f1os, \u00abMarat\u00f3n de Cl\u00e1sicos\u00bb, su voz fue la banda sonora de miles de oyentes.<\/p>\n<p>\u00abHace exactamente 33 a\u00f1os que hago los domingos. Arranqu\u00e9 con el &#8216;Hit Parade&#8217; en el &#8217;92, despu\u00e9s en los \u00faltimos a\u00f1os Marat\u00f3n de Cl\u00e1sicos, y es tiempo de decir gracias, es tiempo de decir adi\u00f3s, hasta siempre\u00bb, expres\u00f3 Zanoni.<\/p>\n<p>La despedida, si bien marca el cierre de una etapa dorada, <b>no es un adi\u00f3s definitivo a la pasi\u00f3n. <\/b>Mario lo dej\u00f3 claro: \u00abGracias por todos los mensajes, gracias por la buena onda, tengo ganas de tener un tiempito para m\u00ed, as\u00ed que gracias a todos, seguiremos escuchando la radio, seguiremos compartiendo lo que siempre compartimos, la buena m\u00fasica\u00bb.<\/p>\n<p>Con la mirada puesta en nuevos horizontes, anticip\u00f3: \u00abY ah\u00ed me van a encontrar (&#8230;) haciendo lo que me gusta, y seguramente en alguna fiesta. <b>Gente, gracias por todo\u00bb.<\/b><\/p>\n<p><img decoding=\"async\" src=\"https:\/\/www.europesays.com\/es\/wp-content\/uploads\/2025\/10\/7e11039e-7255-4b6f-8761-d215b53a0ea2.jpg\"\/><\/p>\n<p>Lectura r\u00e1pida<\/p>\n<p><strong>\u00bfQui\u00e9n se despide de la radio?<\/strong> <br \/><strong>Mario Zanoni<\/strong> se despide de la radio tras <strong>33 a\u00f1os<\/strong> al aire.<\/p>\n<p><strong>\u00bfQu\u00e9 programa fue el \u00faltimo que present\u00f3?<\/strong> <br \/>Su \u00faltimo programa fue \u00ab<strong>Marat\u00f3n de Cl\u00e1sicos<\/strong>\u00ab.<\/p>\n<p><strong>\u00bfCu\u00e1ndo se realiz\u00f3 su despedida?<\/strong> <br \/>La despedida tuvo lugar el \u00faltimo domingo de <strong>septiembre<\/strong>.<\/p>\n<p><strong>\u00bfD\u00f3nde trabaj\u00f3 Mario Zanoni?<\/strong> <br \/>Trabaj\u00f3 en <strong>Cadena Heat<\/strong> y fue una figura emblem\u00e1tica de la <strong>FM<\/strong> cordobesa.<\/p>\n<p><strong>\u00bfQu\u00e9 planes tiene para el futuro?<\/strong> <br \/>Anunci\u00f3 que seguir\u00e1 en las redes y participar\u00e1 en fiestas.<\/p>\n","protected":false},"excerpt":{"rendered":"Dicen que jubilarse no es dejar de trabajar, sino empezar a vivir de otra manera. Con esa idea&hellip;\n","protected":false},"author":2,"featured_media":155612,"comment_status":"","ping_status":"","sticky":false,"template":"","format":"standard","meta":{"footnotes":""},"categories":[170],"tags":[46642,46614,46641,204,146,147,25,24,46640,46639,46638,184,185,23],"class_list":{"0":"post-155611","1":"post","2":"type-post","3":"status-publish","4":"format-standard","5":"has-post-thumbnail","7":"category-musica","8":"tag-100-5","9":"tag-cadena-3","10":"tag-cadena-heat","11":"tag-despedida","12":"tag-entertainment","13":"tag-entretenimiento","14":"tag-es","15":"tag-espana","16":"tag-fm-cordoba","17":"tag-hit-parade","18":"tag-mario-zanoni","19":"tag-music","20":"tag-musica","21":"tag-spain"},"share_on_mastodon":{"url":"","error":""},"_links":{"self":[{"href":"https:\/\/www.europesays.com\/es\/wp-json\/wp\/v2\/posts\/155611","targetHints":{"allow":["GET"]}}],"collection":[{"href":"https:\/\/www.europesays.com\/es\/wp-json\/wp\/v2\/posts"}],"about":[{"href":"https:\/\/www.europesays.com\/es\/wp-json\/wp\/v2\/types\/post"}],"author":[{"embeddable":true,"href":"https:\/\/www.europesays.com\/es\/wp-json\/wp\/v2\/users\/2"}],"replies":[{"embeddable":true,"href":"https:\/\/www.europesays.com\/es\/wp-json\/wp\/v2\/comments?post=155611"}],"version-history":[{"count":0,"href":"https:\/\/www.europesays.com\/es\/wp-json\/wp\/v2\/posts\/155611\/revisions"}],"wp:featuredmedia":[{"embeddable":true,"href":"https:\/\/www.europesays.com\/es\/wp-json\/wp\/v2\/media\/155612"}],"wp:attachment":[{"href":"https:\/\/www.europesays.com\/es\/wp-json\/wp\/v2\/media?parent=155611"}],"wp:term":[{"taxonomy":"category","embeddable":true,"href":"https:\/\/www.europesays.com\/es\/wp-json\/wp\/v2\/categories?post=155611"},{"taxonomy":"post_tag","embeddable":true,"href":"https:\/\/www.europesays.com\/es\/wp-json\/wp\/v2\/tags?post=155611"}],"curies":[{"name":"wp","href":"https:\/\/api.w.org\/{rel}","templated":true}]}}