{"id":155617,"date":"2025-10-03T22:50:10","date_gmt":"2025-10-03T22:50:10","guid":{"rendered":"https:\/\/www.europesays.com\/es\/155617\/"},"modified":"2025-10-03T22:50:10","modified_gmt":"2025-10-03T22:50:10","slug":"sean-diddy-combs-condenado-a-mas-de-cuatro-anos-de-prision-por-delitos-de-prostitucion-ocio-y-cultura","status":"publish","type":"post","link":"https:\/\/www.europesays.com\/es\/155617\/","title":{"rendered":"Sean &#8216;Diddy&#8217; Combs, condenado a m\u00e1s de cuatro a\u00f1os de prisi\u00f3n por delitos de prostituci\u00f3n | Ocio y cultura"},"content":{"rendered":"<p class=\"loc\">Madrid<\/p>\n<p>Uno de los casos m\u00e1s medi\u00e1ticos de los \u00faltimos a\u00f1os en Estados Unidos ya tiene sentencia. La Justicia norteamericana ha sentenciado al rapero Sean &#8216;Diddy&#8217; Combs a m\u00e1s de cuatro a\u00f1os de prisi\u00f3n por delitos relacionados con la prostituci\u00f3n.<\/p>\n<p>Hace casi dos a\u00f1os que el artista se enfrent\u00f3 a una primera demanda de su exnovia, la cantante y actriz Cassie Ventura, quien lo acusaba de abuso sexual. La acusaci\u00f3n despert\u00f3 una oleada de reacciones y destap\u00f3 lo que se ha terminado convirtiendo en uno de los casos m\u00e1s controvertidos de la cultura popular estadounidense. <\/p>\n<p>A lo largo de estos a\u00f1os, Diddy se ha enfrentado a las demandas de m\u00e1s de 100 hombres y mujeres, que le han acusado de agresiones sexuales, acoso y violaciones. Unas demandas que no solo han puesto el foco en la figura del rapero, sino tambi\u00e9n en toda una red mediante la que Combs presuntamente obligaba a sus parejas a mantener relaciones sexuales con prostitutos. <\/p>\n<p>Durante las conocidas como White Parties, fiestas \u00abde blanco\u00bb celebradas en las mansiones del rapero, y Freak Offs, noches en hoteles de lujo, el artista repart\u00eda grandes cantidades de alcohol y drogas e invitaba a los asistentes a participar en actos sexuales, algunos de ellos presuntamente con menores. <\/p>\n<p>Unas fiestas que supusieron un terremoto cultural, pero tambi\u00e9n el comienzo de un proceso judicial sobre el cantante que ha culminado este viernes. A la sentencia de ahora le precede <a href=\"https:\/\/cadenaser.com\/nacional\/2025\/07\/02\/el-rapero-sean-diddy-combs-es-condenado-por-dos-delitos-de-prostitucion-y-absuelto-de-los-mas-graves-cadena-ser\/\" target=\"_blank\" rel=\"nofollow noopener\" title=\"https:\/\/cadenaser.com\/nacional\/2025\/07\/02\/el-rapero-sean-diddy-combs-es-condenado-por-dos-delitos-de-prostitucion-y-absuelto-de-los-mas-graves-cadena-ser\/\">en julio de este a\u00f1o<\/a> la condena a Diddy con la que el jurado le absolvi\u00f3 de las acusaciones de tr\u00e1fico sexual y conspiraci\u00f3n por extorsi\u00f3n, dos de las m\u00e1s graves a las que se enfrentaba. <\/p>\n<p>El rapero fue, por tanto, declarado culpable \u00fanicamente de dos cargos de transporte de personas con fines de prostituci\u00f3n por el que ahora se le ha sentenciado a m\u00e1s de cuatro a\u00f1os. <\/p>\n<p>Lo que ped\u00eda la Fiscal\u00eda<\/p>\n<p>Diddy ha llegado este viernes a la corte donde escuchar\u00eda su sentencia y en la que ha estado acompa\u00f1ado de su madre y sus hijas, que han llegado al edificio por separado. <\/p>\n<p>El rapero, que seg\u00fan han indicado medios como The Guardian ha llevado un jersey de color claro y pantalones de vestir, hab\u00eda pedido a las autoridades no vestir la ropa que utiliza en la prisi\u00f3n provisional en la que permanece desde septiembre de 2024. <\/p>\n<p>La Fiscal\u00eda hab\u00eda pedido para el rapero 11 a\u00f1os y tres meses de prisi\u00f3n con el argumento de que Combs hab\u00eda provocado en sus v\u00edctimas un \u00abmiedo\u00bb a posibles represalias. La defensa, por su parte, hab\u00eda solicitado una pena de 14 meses que llev\u00f3 a la sentencia a depender de c\u00f3mo el juez valorase las pruebas presentadas.<\/p>\n<p>Una carta de disculpa a las v\u00edctimas<\/p>\n<p>Pero la pol\u00e9mica en torno a Diddy en las \u00faltimas horas no se ha resumido \u00fanicamente en la sentencia. Antes de que comenzase la vista, el rapero hab\u00eda difundido una carta desde la prisi\u00f3n en la que permanece en la que aseguraba que la c\u00e1rcel le hab\u00eda \u00abrenacido\u00bb. <\/p>\n<p>El artista entreg\u00f3 la carta al juez Arun Subramanian, quien lleva el caso, con la esperanza de \u00abser puesto en libertad\u00bb para poder reunirse con su madre y sus hijos. \u00abEl antiguo yo ha muerto en prisi\u00f3n y una nueva versi\u00f3n de m\u00ed ha renacido. La prisi\u00f3n te cambia o te mata. Yo he elegido vivir\u00bb, ha comenzado en su escrito. <\/p>\n<p>\u00abPerd\u00ed mi camino. Perd\u00ed mi carrera. Me perd\u00ed en las drogas y los excesos. Mi ca\u00edda estaba guiada por mi ego\u00edsmo\u00bb, ha reconocido el rapero, quien ha asegurado, adem\u00e1s, que ya no le importa \u00abni el dinero ni la fama\u00bb. <\/p>\n<p>La carta ha sido ampliamente criticada por las presuntas v\u00edctimas del cantante, quienes han acusado a Diddy de querer adjudicarse el papel de afectado. De hecho, una de las testigos que ten\u00eda previsto comparecer en la vista de la sentencia finalmente decidi\u00f3 no hacerlo al considerar que la carta difundida por la defensa \u00abtrata de tirar abajo las voces de las v\u00edctimas\u00bb. <\/p>\n<p>La Fiscal\u00eda describi\u00f3 tambi\u00e9n la carta como \u00abbullying\u00bb y el juez coincidi\u00f3 tambi\u00e9n con la defensa en que el tono utilizado por Diddy hab\u00eda sido \u00abinapropiado\u00bb.<\/p>\n","protected":false},"excerpt":{"rendered":"Madrid Uno de los casos m\u00e1s medi\u00e1ticos de los \u00faltimos a\u00f1os en Estados Unidos ya tiene sentencia. La&hellip;\n","protected":false},"author":2,"featured_media":155618,"comment_status":"","ping_status":"","sticky":false,"template":"","format":"standard","meta":{"footnotes":""},"categories":[91],"tags":[10253,1765,146,147,25,24,11560,23,1766],"class_list":{"0":"post-155617","1":"post","2":"type-post","3":"status-publish","4":"format-standard","5":"has-post-thumbnail","7":"category-entretenimiento","8":"tag-atlanta","9":"tag-bestof","10":"tag-entertainment","11":"tag-entretenimiento","12":"tag-es","13":"tag-espana","14":"tag-georgia","15":"tag-spain","16":"tag-topix"},"share_on_mastodon":{"url":"","error":""},"_links":{"self":[{"href":"https:\/\/www.europesays.com\/es\/wp-json\/wp\/v2\/posts\/155617","targetHints":{"allow":["GET"]}}],"collection":[{"href":"https:\/\/www.europesays.com\/es\/wp-json\/wp\/v2\/posts"}],"about":[{"href":"https:\/\/www.europesays.com\/es\/wp-json\/wp\/v2\/types\/post"}],"author":[{"embeddable":true,"href":"https:\/\/www.europesays.com\/es\/wp-json\/wp\/v2\/users\/2"}],"replies":[{"embeddable":true,"href":"https:\/\/www.europesays.com\/es\/wp-json\/wp\/v2\/comments?post=155617"}],"version-history":[{"count":0,"href":"https:\/\/www.europesays.com\/es\/wp-json\/wp\/v2\/posts\/155617\/revisions"}],"wp:featuredmedia":[{"embeddable":true,"href":"https:\/\/www.europesays.com\/es\/wp-json\/wp\/v2\/media\/155618"}],"wp:attachment":[{"href":"https:\/\/www.europesays.com\/es\/wp-json\/wp\/v2\/media?parent=155617"}],"wp:term":[{"taxonomy":"category","embeddable":true,"href":"https:\/\/www.europesays.com\/es\/wp-json\/wp\/v2\/categories?post=155617"},{"taxonomy":"post_tag","embeddable":true,"href":"https:\/\/www.europesays.com\/es\/wp-json\/wp\/v2\/tags?post=155617"}],"curies":[{"name":"wp","href":"https:\/\/api.w.org\/{rel}","templated":true}]}}