{"id":155625,"date":"2025-10-03T22:54:08","date_gmt":"2025-10-03T22:54:08","guid":{"rendered":"https:\/\/www.europesays.com\/es\/155625\/"},"modified":"2025-10-03T22:54:08","modified_gmt":"2025-10-03T22:54:08","slug":"el-asombroso-error-que-desato-una-de-las-mayores-crisis-politicas-de-almeida-nos-hemos-metido-solitos-en-este-lio-el-mundo","status":"publish","type":"post","link":"https:\/\/www.europesays.com\/es\/155625\/","title":{"rendered":"El &quot;asombroso&quot; error que desat\u00f3 una de las mayores crisis pol\u00edticas de Almeida: &quot;Nos hemos metido solitos en este l\u00edo&quot; &#8211; El Mundo"},"content":{"rendered":"<ol>\n<li><a href=\"https:\/\/news.google.com\/rss\/articles\/CBMiekFVX3lxTFBVZ2JyeFBVbVBqYzk0eXRPQ3NheTR4QmtxcWdRYWNKTEZ2YnpJYko1UFp6bGs5SGFXNlhsQlo0OWR5VEVLaUNadHdnU1dVcWwyZlpVeDF0Q255aWJ4eVN6TnpvNmFPaC1CN1poelY5QXZNaWRTN3FYQUV30gF6QVVfeXFMTXhuZjJMYWRSRl82czhJRjhINWt5dzhsWXZMSC1rekZEMEhwc3ptZE16WTJONlpaLS0tTHotQnZudm5IcXFlUjhvMW1zV2syb0ZxUDc0c0NzVkxMMHVZTDlaUGxiQ2JKYUdpZWJsYU9wd29CUGI1SHhnZ0E?oc=5\" target=\"_blank\" rel=\"nofollow noopener\">El \u00abasombroso\u00bb error que desat\u00f3 una de las mayores crisis pol\u00edticas de Almeida: \u00abNos hemos metido solitos en este l\u00edo\u00bb<\/a>&nbsp;&nbsp;El Mundo<\/li>\n<li><a href=\"https:\/\/news.google.com\/rss\/articles\/CBMi8wFBVV95cUxPVHNqNFR2QUhOcXl6aGhiMWJfamdWVkp0NDdUZTFSX0dGSTh2WDBVVDltVXpVZGtEcGRlZW00MkExSTUtQzlGS0d2OGlWbGJyMkpZS0VXRWxkY2pLY01aRXVKOXpoMERYc21qVXpCeUVrdmpIWFRjSE52YTNMNEk1UkRDMkJwQ0VNdmhJYi0xamlWN1lOYWFiTGJUNWx0VnBBX0xEcUp4RFZDSTQtTFF5b3B3dXJjRWRDLVFZX3NjUkI4ckQ2bkxld0RYcGo4elQzS0l5bUJuVnJoRXIwTVRJTWxvN3RWQmgwN3ZtUmU2Rk11VzQ?oc=5\" target=\"_blank\" rel=\"nofollow noopener\">As\u00ed fueron las 24 horas en las que el PP se enmend\u00f3 a s\u00ed mismo sobre el s\u00edndrome posaborto: \u201cEs un error abrir este mel\u00f3n\u201d<\/a>&nbsp;&nbsp;EL PA\u00cdS<\/li>\n<li><a href=\"https:\/\/news.google.com\/rss\/articles\/CBMiuwFBVV95cUxQcDhvcjlSYWZQRkFqZUt1QlNudUVSTlZqVW53dGlOVldLd3JqOF85bWlkSEV2WHRHeEZycG5aWkZfQWttV2R2NnRURE1hcGd2MW5QeGRxNDdodDhOZ3BfYndwXzhaSkxqUHRMelZyVnR6N0ZoZjdyYjI1ODZvVkI5WGQ0Ynd6Z2dIWlV2MlM0X2kwVFR2eUI2ZG9Mamhzc21zakdHYlBRR2JOM2pwdEw3Xy1kWVRFVVBHcjJJ?oc=5\" target=\"_blank\" rel=\"nofollow noopener\">Otros s\u00edndromes inexistentes de los que podr\u00eda informar el alcalde<\/a>&nbsp;&nbsp;elconfidencial.com<\/li>\n<li><a href=\"https:\/\/news.google.com\/rss\/articles\/CBMirAFBVV95cUxOQmVkZTVxSmVmRE5KeVAwUzJEVlgtaXc5SjZyZ3V0V2hjZkNXc0dqdTZwMFlZRFl4eWJnMnBBWHhxLXNlWGxMMzd0MkxBOWFCUFFYUVc5dS05aGI2b0twUHJXaU1sYmZGa0tXbmF3ZkpYSzZ6SWZWTFVqaXlSUmR4RDYtTmg4ZjB0cV9GbHJyNWFCVzM2Z2JoV1FfZ09SNGxITlNmZlBIM05zbERC?oc=5\" target=\"_blank\" rel=\"nofollow noopener\">Castilla y Le\u00f3n Informativos<\/a>&nbsp;&nbsp;RTVE.es<\/li>\n<li><a href=\"https:\/\/news.google.com\/rss\/articles\/CBMipwJBVV95cUxPTGREWU9kZlR4TUk1WEhtSjVXREc4dkNnQTZJY1ItSjlBR1dMdVRYYk56OUV2dnJ0TjdQdHZXMS0zc1hKZjNqY3B3MC03c2VMVmxXMHZQbVB4ZThfUXVwUWZoaURQOVl5M0VpVmlEdzg0Y3hLeGhISjNNVDhJVERxd3c0bEZJSGJyVTFTRGxJR1RCVV8wdWRNb1IyZC14UlpKN3FuUTFJTGxXaG1fazF3RFlwNlB2TXc3YTZGajRPcWVqN19UdUlGbUlkdlM4SlExSk40a2EyTXFHeE9aZl9mV21RZWxfbWdHZmpYUWRNV2Y1RWhvazJucFEzX2NkUWhRVnNxWHU0TW9SNGNYeVVKTjBSVm82aUR4TnROd2RweFlibjB3eWpr0gGnAkFVX3lxTE1HNkk5OENYY3FiMUNnczVFX1JqenRISzQzY1FSNXpySWhUVEtfaEszM0J2SktTSkFjNHZadDc0aXdMdm42MV80cjlSanFUbUpnNzRyZmdidzZRNUJHUmQ4U05hdklDemFjVlpXVjgwNk1ITVMxaDdNeEgyZ004cllORmxsc1cwRTRPTkdWd2o1TWxqcHdOWXp1RGJ0TFI5UmxodDVTRU9fWkh3SkpHb2VmN0MzZkp4Si12OEE3QkNVWjFwdjZpbmNLeGtQNFVWcGE5MndrVTA4UVB2VkdaclNPdzA3bnd1a2QxVktzNGpBeF9TaXd0TUtZZElTbHltV241YThtRnA4cXNiNzRsTVozdTRHQ0lDZ0lXMTJxWDVpSUk2TlIyWVU?oc=5\" target=\"_blank\" rel=\"nofollow noopener\">Elena Gij\u00f3n: \u00abNo es cierto que haya una ofensiva contra el aborto, lo que hay es un aprovechamiento de l<\/a>&nbsp;&nbsp;Onda Cero<\/li>\n<\/ol>\n","protected":false},"excerpt":{"rendered":"El \u00abasombroso\u00bb error que desat\u00f3 una de las mayores crisis pol\u00edticas de Almeida: \u00abNos hemos metido solitos en&hellip;\n","protected":false},"author":2,"featured_media":155626,"comment_status":"","ping_status":"","sticky":false,"template":"","format":"standard","meta":{"footnotes":""},"categories":[8],"tags":[17,18,25,24,13,14,11,3516,19,20,205,9,10,15,16,23,12,21,22],"class_list":{"0":"post-155625","1":"post","2":"type-post","3":"status-publish","4":"format-standard","5":"has-post-thumbnail","7":"category-espana","8":"tag-breaking-news","9":"tag-breakingnews","10":"tag-es","11":"tag-espana","12":"tag-featured-news","13":"tag-featurednews","14":"tag-headlines","15":"tag-jose-luis-martinez-almeida","16":"tag-latest-news","17":"tag-latestnews","18":"tag-madrid","19":"tag-news","20":"tag-noticias","21":"tag-noticias-destacadas","22":"tag-noticiasdestacadas","23":"tag-spain","24":"tag-titulares","25":"tag-ultimas-noticias","26":"tag-ultimasnoticias"},"share_on_mastodon":{"url":"","error":""},"_links":{"self":[{"href":"https:\/\/www.europesays.com\/es\/wp-json\/wp\/v2\/posts\/155625","targetHints":{"allow":["GET"]}}],"collection":[{"href":"https:\/\/www.europesays.com\/es\/wp-json\/wp\/v2\/posts"}],"about":[{"href":"https:\/\/www.europesays.com\/es\/wp-json\/wp\/v2\/types\/post"}],"author":[{"embeddable":true,"href":"https:\/\/www.europesays.com\/es\/wp-json\/wp\/v2\/users\/2"}],"replies":[{"embeddable":true,"href":"https:\/\/www.europesays.com\/es\/wp-json\/wp\/v2\/comments?post=155625"}],"version-history":[{"count":0,"href":"https:\/\/www.europesays.com\/es\/wp-json\/wp\/v2\/posts\/155625\/revisions"}],"wp:featuredmedia":[{"embeddable":true,"href":"https:\/\/www.europesays.com\/es\/wp-json\/wp\/v2\/media\/155626"}],"wp:attachment":[{"href":"https:\/\/www.europesays.com\/es\/wp-json\/wp\/v2\/media?parent=155625"}],"wp:term":[{"taxonomy":"category","embeddable":true,"href":"https:\/\/www.europesays.com\/es\/wp-json\/wp\/v2\/categories?post=155625"},{"taxonomy":"post_tag","embeddable":true,"href":"https:\/\/www.europesays.com\/es\/wp-json\/wp\/v2\/tags?post=155625"}],"curies":[{"name":"wp","href":"https:\/\/api.w.org\/{rel}","templated":true}]}}