{"id":155628,"date":"2025-10-03T22:56:13","date_gmt":"2025-10-03T22:56:13","guid":{"rendered":"https:\/\/www.europesays.com\/es\/155628\/"},"modified":"2025-10-03T22:56:13","modified_gmt":"2025-10-03T22:56:13","slug":"el-sanicentro-balonmano-guadalajara-quiere-estrenarse-ante-su-aficion","status":"publish","type":"post","link":"https:\/\/www.europesays.com\/es\/155628\/","title":{"rendered":"El SANICENTRO Balonmano Guadalajara quiere estrenarse ante su afici\u00f3n"},"content":{"rendered":"<p><strong>El equipo morado recibe este domingo al Villa de Aranda en el David Santamar\u00eda con el objetivo de sumar sus dos primeros puntos en la Liga ASOBAL<\/strong><\/p>\n<p>\u00a0<\/p>\n<p>El SANICENTRO Balonmano Guadalajara encara este domingo (20:00 horas) su segundo compromiso en casa en la Liga NEXUS ENERG\u00cdA ASOBAL. Tras un arranque complicado, con tres derrotas consecutivas y lastrado por bajas importantes, el conjunto de Juan Carlos Requena buscar\u00e1 en el calor del David Santamar\u00eda el impulso necesario para firmar su primera victoria de la temporada.<\/p>\n<p>\u00a0<\/p>\n<p>En la previa, el t\u00e9cnico morado reconoci\u00f3 que el inicio no ha sido el esperado, pero conf\u00eda en que el equipo encuentre pronto la regularidad: \u201cLa situaci\u00f3n no es la m\u00e1s adecuada que quer\u00edamos para este inicio, aunque es cierto que hemos tenido dos salidas dif\u00edciles en Valladolid y Logro\u00f1o. El \u00faltimo partido no dej\u00f3 buenas sensaciones, sobre todo por los errores de lanzamiento en la primera parte, pero lo importante es normalizar el error y volver a ir a por la siguiente jugada\u201d.<\/p>\n<p>\u00a0<\/p>\n<p>El rival, el Tubos Aranda Villa de Aranda, llega con un bloque competitivo y varios viejos conocidos para la afici\u00f3n alcarre\u00f1a: Arthur Pereira, Vicente Poveda y Jakub Sladkowski. Requena se\u00f1al\u00f3 la necesidad de frenar su porter\u00eda y sus r\u00e1pidas transiciones: \u201cEs un equipo con mucha velocidad y un gran entrenador como Javi M\u00e1rquez. Dependen mucho de Pau Guitart en la porter\u00eda y consiguen goles f\u00e1ciles al contraataque, pero si hacemos lo que tenemos que hacer, perfectamente podemos ganar\u201d.<\/p>\n<p>\u00a0<\/p>\n<p>La voz del vestuario la puso Juan Jodar, convencido de que es cuesti\u00f3n de tiempo que llegue la primera alegr\u00eda: \u201cEstamos con ganas y ansia de conseguir esos dos primeros puntos en el Santamar\u00eda. Cuando las cosas no salen, la afici\u00f3n es la que nos levanta y este domingo tenemos una buena ocasi\u00f3n para dar nuestra mejor versi\u00f3n\u201d.<\/p>\n<p>\u00a0<\/p>\n<p>De cara al partido, Fabio Chiuffa seguir\u00e1 de baja y tanto Haitz Gorostidi como Diego Vera contin\u00faan entre algodones, aunque se espera que puedan llegar al encuentro.<\/p>\n","protected":false},"excerpt":{"rendered":"El equipo morado recibe este domingo al Villa de Aranda en el David Santamar\u00eda con el objetivo de&hellip;\n","protected":false},"author":2,"featured_media":155629,"comment_status":"","ping_status":"","sticky":false,"template":"","format":"standard","meta":{"footnotes":""},"categories":[278],"tags":[376,168,25,24,375,23440,37627,23,167],"class_list":{"0":"post-155628","1":"post","2":"type-post","3":"status-publish","4":"format-standard","5":"has-post-thumbnail","7":"category-balonmano","8":"tag-balonmano","9":"tag-deportes","10":"tag-es","11":"tag-espana","12":"tag-handball","13":"tag-liga-plenitude-asobal","14":"tag-sanicentro-balonmano-guadalajara","15":"tag-spain","16":"tag-sports"},"share_on_mastodon":{"url":"","error":""},"_links":{"self":[{"href":"https:\/\/www.europesays.com\/es\/wp-json\/wp\/v2\/posts\/155628","targetHints":{"allow":["GET"]}}],"collection":[{"href":"https:\/\/www.europesays.com\/es\/wp-json\/wp\/v2\/posts"}],"about":[{"href":"https:\/\/www.europesays.com\/es\/wp-json\/wp\/v2\/types\/post"}],"author":[{"embeddable":true,"href":"https:\/\/www.europesays.com\/es\/wp-json\/wp\/v2\/users\/2"}],"replies":[{"embeddable":true,"href":"https:\/\/www.europesays.com\/es\/wp-json\/wp\/v2\/comments?post=155628"}],"version-history":[{"count":0,"href":"https:\/\/www.europesays.com\/es\/wp-json\/wp\/v2\/posts\/155628\/revisions"}],"wp:featuredmedia":[{"embeddable":true,"href":"https:\/\/www.europesays.com\/es\/wp-json\/wp\/v2\/media\/155629"}],"wp:attachment":[{"href":"https:\/\/www.europesays.com\/es\/wp-json\/wp\/v2\/media?parent=155628"}],"wp:term":[{"taxonomy":"category","embeddable":true,"href":"https:\/\/www.europesays.com\/es\/wp-json\/wp\/v2\/categories?post=155628"},{"taxonomy":"post_tag","embeddable":true,"href":"https:\/\/www.europesays.com\/es\/wp-json\/wp\/v2\/tags?post=155628"}],"curies":[{"name":"wp","href":"https:\/\/api.w.org\/{rel}","templated":true}]}}