{"id":155634,"date":"2025-10-03T23:03:15","date_gmt":"2025-10-03T23:03:15","guid":{"rendered":"https:\/\/www.europesays.com\/es\/155634\/"},"modified":"2025-10-03T23:03:15","modified_gmt":"2025-10-03T23:03:15","slug":"valencia-real-madrid-final-de-la-supercopa-acb","status":"publish","type":"post","link":"https:\/\/www.europesays.com\/es\/155634\/","title":{"rendered":"Valencia-Real Madrid, final de la Supercopa ACB"},"content":{"rendered":"<p>El<strong> Real Madrid<\/strong>, en el debut oficial de <strong>Sergio Scariolo <\/strong>en el banquillo blanco, ha ganado con much\u00edsimo suspense (72-71) a un competitivo <strong>La Laguna Tenerife<\/strong>, en una segunda semifinal de la <strong>Supercopa ACB <\/strong>resuelta en los \u00faltimos segundos. Y es que el equipo merengue, que lleg\u00f3 a <strong>ir perdiendo por 14 puntos de diferencia<\/strong>, supo aguantar el tipo para acabar llev\u00e1ndose el gato al agua.<\/p>\n<p>As\u00ed, los blancos jugar\u00e1n este domingo su octava final de Supercopa ACB consecutiva, contra un <strong>Valencia Basket<\/strong> que en la primera semifinal se impuso (87-93) al  anfitri\u00f3n <strong>Unicaja <\/strong>en el Mart\u00edn Carpena.<\/p>\n<p>Los de Pedro Mart\u00ednez han puesto la primera piedra para empezar con un t\u00edtulo la segunda campa\u00f1a con el t\u00e9cnico catal\u00e1n al frente. El regreso del campe\u00f3n de Liga en 2017 ilusion\u00f3 y no se concret\u00f3 en metales, pero el Valencia, con su nueva casa del Roig Arena, refuerzos y objetivos altos, volvi\u00f3 con buena mano.<\/p>\n<p><strong>Sin Jean Montero, Xabi L\u00f3pez-Arostegui, Brancou Badio o Yankuba Sima<\/strong>, el equipo taronja supo rehacerse al fuerte inicio local, culmin\u00f3 una remontada de once puntos en el inicio del segundo cuarto (29-18) y domin\u00f3 tras el descanso. Una de esas caras nuevas <strong>Omari Moore<\/strong>, con 20 puntos y 26 de valoraci\u00f3n, lider\u00f3 al Valencia, que no ech\u00f3 de menos a su base estrella Montero e insisti\u00f3 con su filosof\u00eda ofensiva hasta que entraron m\u00e1s triples que al rival.<\/p>\n","protected":false},"excerpt":{"rendered":"El Real Madrid, en el debut oficial de Sergio Scariolo en el banquillo blanco, ha ganado con much\u00edsimo&hellip;\n","protected":false},"author":2,"featured_media":155635,"comment_status":"","ping_status":"","sticky":false,"template":"","format":"standard","meta":{"footnotes":""},"categories":[269],"tags":[299,298,168,25,24,20465,3048,23,167,46643,46644,2246,235],"class_list":{"0":"post-155634","1":"post","2":"type-post","3":"status-publish","4":"format-standard","5":"has-post-thumbnail","7":"category-baloncesto","8":"tag-baloncesto","9":"tag-basketball","10":"tag-deportes","11":"tag-es","12":"tag-espana","13":"tag-la-laguna-tenerife","14":"tag-real-madrid","15":"tag-spain","16":"tag-sports","17":"tag-supercopa-acb","18":"tag-taronjas","19":"tag-unicaja","20":"tag-valencia"},"share_on_mastodon":{"url":"","error":""},"_links":{"self":[{"href":"https:\/\/www.europesays.com\/es\/wp-json\/wp\/v2\/posts\/155634","targetHints":{"allow":["GET"]}}],"collection":[{"href":"https:\/\/www.europesays.com\/es\/wp-json\/wp\/v2\/posts"}],"about":[{"href":"https:\/\/www.europesays.com\/es\/wp-json\/wp\/v2\/types\/post"}],"author":[{"embeddable":true,"href":"https:\/\/www.europesays.com\/es\/wp-json\/wp\/v2\/users\/2"}],"replies":[{"embeddable":true,"href":"https:\/\/www.europesays.com\/es\/wp-json\/wp\/v2\/comments?post=155634"}],"version-history":[{"count":0,"href":"https:\/\/www.europesays.com\/es\/wp-json\/wp\/v2\/posts\/155634\/revisions"}],"wp:featuredmedia":[{"embeddable":true,"href":"https:\/\/www.europesays.com\/es\/wp-json\/wp\/v2\/media\/155635"}],"wp:attachment":[{"href":"https:\/\/www.europesays.com\/es\/wp-json\/wp\/v2\/media?parent=155634"}],"wp:term":[{"taxonomy":"category","embeddable":true,"href":"https:\/\/www.europesays.com\/es\/wp-json\/wp\/v2\/categories?post=155634"},{"taxonomy":"post_tag","embeddable":true,"href":"https:\/\/www.europesays.com\/es\/wp-json\/wp\/v2\/tags?post=155634"}],"curies":[{"name":"wp","href":"https:\/\/api.w.org\/{rel}","templated":true}]}}