{"id":155650,"date":"2025-10-03T23:14:09","date_gmt":"2025-10-03T23:14:09","guid":{"rendered":"https:\/\/www.europesays.com\/es\/155650\/"},"modified":"2025-10-03T23:14:09","modified_gmt":"2025-10-03T23:14:09","slug":"el-smartphone-premium-mas-accesible-de-la-serie-samsung-newsroom-peru","status":"publish","type":"post","link":"https:\/\/www.europesays.com\/es\/155650\/","title":{"rendered":"El smartphone premium m\u00e1s accesible de la serie \u2013 Samsung Newsroom Per\u00fa"},"content":{"rendered":"<p>                El lanzamiento llega acompa\u00f1ado de una alianza regional con Pok\u00e9mon GO, que convertir\u00e1 las tiendas Samsung en Pok\u00e9paradas especiales y brindar\u00e1 recompensas exclusivas para quienes adquieran el nuevo smartphone.<\/p>\n<p><img loading=\"lazy\" decoding=\"async\" class=\"aligncenter size-full wp-image-25253\" src=\"https:\/\/www.europesays.com\/es\/wp-content\/uploads\/2025\/10\/Lanzamiento-S25-FE-Pokemon-Go.jpg\" alt=\"\" width=\"705\" height=\"470\"  \/><\/p>\n<p>\u00a0<\/p>\n<p>Samsung Electronics anunci\u00f3 la llegada al mercado peruano del nuevo <strong>Galaxy S25 FE (Fan Edition)<\/strong>, un smartphone m\u00e1s accesible dise\u00f1ado para acercar la experiencia de la serie premium Galaxy S a un mayor n\u00famero de usuarios. Este dispositivo vers\u00e1til, confiable y con caracter\u00edsticas avanzadas, combina lo mejor de Galaxy AI junto con un rendimiento optimizado para responder a las exigencias del d\u00eda a d\u00eda.<\/p>\n<p>\u00a0<\/p>\n<p>El nuevo <a style=\"color: #333399;\" href=\"https:\/\/www.samsung.com\/pe\/smartphones\/galaxy-s25\/buy\/?modelCode=SM-S731BZKQLTP\" target=\"_blank\" rel=\"noopener nofollow\">Galaxy S25 FE<\/a> destaca por su dise\u00f1o m\u00e1s delgado y liviano, con una pantalla inmersiva de 6.7 pulgadas, tasa de refresco de 120Hz y hasta 1,900 nits de brillo, ofreciendo una experiencia visual envolvente y garantizando im\u00e1genes vibrantes y fluidas incluso en exteriores. En su interior incorpora una bater\u00eda de 4.900 mAh junto a un sistema de enfriamiento mejorado para un desempe\u00f1o fluido incluso en sesiones intensivas de videojuegos, edici\u00f3n de video o multitarea.<\/p>\n<p>\u00a0<\/p>\n<p>\u201cEste lanzamiento pone al alcance de m\u00e1s usuarios lo mejor de nuestra tecnolog\u00eda. Queremos que m\u00e1s personas disfruten de un dispositivo con un dise\u00f1o distintivo, c\u00e1maras que realmente marcan la diferencia y la seguridad que siempre ofrece Samsung. Con esta propuesta reafirmamos nuestro compromiso de democratizar la innovaci\u00f3n, brindando un smartphone que no solo responde a las necesidades del d\u00eda a d\u00eda, sino que tambi\u00e9n eleva la experiencia m\u00f3vil con Inteligencia Artificial, actualizaciones de largo plazo y un rendimiento pensado para acompa\u00f1arlos por muchos a\u00f1os\u201d, indic\u00f3 Manuel Cigar\u00e1n, Director de Mobile Experience en Samsung Per\u00fa.<\/p>\n<p>\u00a0<\/p>\n<p><img loading=\"lazy\" decoding=\"async\" class=\"wp-image-25255 size-full\" src=\"https:\/\/www.europesays.com\/es\/wp-content\/uploads\/2025\/10\/Lanzamiento-S25-FE-Manuel-Cigaran.jpg\" alt=\"\" width=\"705\" height=\"470\"  \/><\/p>\n<p class=\"wp-caption-text\">Manuel Cigar\u00e1n, Director de Mobile Experience en Samsung Per\u00fa, durante la presentaci\u00f3n del Galaxy S25 FE.<\/p>\n<p>\u00a0<\/p>\n<p>En el apartado fotogr\u00e1fico, el <a style=\"color: #333399;\" href=\"https:\/\/www.samsung.com\/pe\/smartphones\/galaxy-s25\/buy\/?modelCode=SM-S731BZKQLTP\" target=\"_blank\" rel=\"noopener nofollow\">Galaxy S25 FE<\/a> cuenta con un triple sistema de c\u00e1maras: principal de 50MP, telefoto de 8MP y ultra gran angular de 12MP, adem\u00e1s de una c\u00e1mara frontal de 12MP. Su fortaleza va m\u00e1s all\u00e1 de los megap\u00edxeles, integrando Inteligencia Artificial para detecci\u00f3n de rostros, HDR avanzado, edici\u00f3n generativa y mejoras autom\u00e1ticas que permiten capturar y transformar recuerdos con calidad profesional.<\/p>\n<p>\u00a0<\/p>\n<p>Samsung tambi\u00e9n reafirma su compromiso ofreciendo 7 generaciones de actualizaciones de software y 7 a\u00f1os de actualizaciones de seguridad, lo que convierte al <a href=\"https:\/\/www.samsung.com\/pe\/smartphones\/galaxy-s25\/buy\/?modelCode=SM-S731BZKQLTP\" target=\"_blank\" rel=\"noopener nofollow\">Galaxy S25 FE<\/a> en una inversi\u00f3n a largo plazo. Adem\u00e1s, con la plataforma <strong>Samsung Knox<\/strong>, la compa\u00f1\u00eda garantiza que los datos personales permanezcan siempre protegidos, reforzando su diferenciaci\u00f3n en un contexto donde la seguridad digital es cada vez m\u00e1s relevante.<\/p>\n<p>\u00a0<\/p>\n<p><strong>Beneficios exclusivos <\/strong><\/p>\n<p>\u201cComo parte del lanzamiento, tenemos beneficios exclusivos para todos los usuarios. Por ejemplo, tenemos una alianza regional con Pok\u00e9mon GO que convertir\u00e1 nuestras tiendas en Pok\u00e9paradas especiales y brindaremos recompensas \u00fanicas a quienes adquieran un Galaxy S25 FE\u201d, a\u00f1adi\u00f3 Mauricio Revollar, Gerente de IMC y PR en Samsung Per\u00fa.<\/p>\n<p>\u00a0<\/p>\n<p>El <a style=\"color: #333399;\" href=\"https:\/\/www.samsung.com\/pe\/smartphones\/galaxy-s25\/buy\/?modelCode=SM-S731BZKQLTP\" target=\"_blank\" rel=\"noopener nofollow\">Galaxy S25 FE<\/a> ya est\u00e1 disponible en el pa\u00eds en cuatro colores y versiones desde 128 GB, con un precio inicial de S\/2,999 a trav\u00e9s de <a style=\"color: #333399;\" href=\"https:\/\/www.samsung.com\/pe\/\" target=\"_blank\" rel=\"noopener nofollow\">Samsung.com<\/a>, <a href=\"https:\/\/www.samsung.com\/pe\/apps\/samsung-shop-app\/?srsltid=AfmBOopobgkU_jistZUET3yUN6bwnDSP4RCsBk5mXWgT2SNwONe8n_iC\" target=\"_blank\" rel=\"noopener nofollow\">App Samsung Shop<\/a>, tiendas de experiencia y principales operadores y retailers del pa\u00eds.<\/p>\n<p>\u00a0<\/p>\n<p><img loading=\"lazy\" decoding=\"async\" class=\"aligncenter size-full wp-image-25257\" src=\"https:\/\/www.europesays.com\/es\/wp-content\/uploads\/2025\/10\/PROMO-SSCOM.png\" alt=\"\" width=\"705\" height=\"550\"  \/><\/p>\n<p>\u00a0<\/p>\n<p><strong>Algo \u00fanico se asoma en Samsung Per\u00fa<\/strong><\/p>\n<p>Asimismo, Revollar aprovech\u00f3 el encuentro para anunciar con antelaci\u00f3n una alianza con una de las marcas m\u00e1s recordadas por los consumidores peruanos: Gloria. \u201cEsta colaboraci\u00f3n fusiona la innovaci\u00f3n tecnol\u00f3gica con la esencia cultural peruana. Ambas marcas, l\u00edderes en sus respectivos campos, hemos unido fuerzas para crear algo \u00fanico\u201d, coment\u00f3 frente a los presentes. Los detalles de esta ic\u00f3nica colaboraci\u00f3n se estar\u00e1n compartiendo pronto a trav\u00e9s de sus redes oficiales.<\/p>\n<p>\u00a0<\/p>\n<p>Para m\u00e1s informaci\u00f3n sobre el Galaxy S25 FE y las actividades de Samsung Per\u00fa, visite <a href=\"https:\/\/news.samsung.com\/pe\/\" rel=\"nofollow noopener\" target=\"_blank\">Newsroom de Samsung Per\u00fa<\/a>.<\/p>\n","protected":false},"excerpt":{"rendered":"El lanzamiento llega acompa\u00f1ado de una alianza regional con Pok\u00e9mon GO, que convertir\u00e1 las tiendas Samsung en Pok\u00e9paradas&hellip;\n","protected":false},"author":2,"featured_media":155651,"comment_status":"","ping_status":"","sticky":false,"template":"","format":"standard","meta":{"footnotes":""},"categories":[81],"tags":[119,123,124,25,24,2895,33761,935,42646,46648,117,121,122,23,118,120],"class_list":{"0":"post-155650","1":"post","2":"type-post","3":"status-publish","4":"format-standard","5":"has-post-thumbnail","7":"category-ciencia-y-tecnologia","8":"tag-ciencia","9":"tag-ciencia-y-tecnologia","10":"tag-cienciaytecnologia","11":"tag-es","12":"tag-espana","13":"tag-galaxy-ai","14":"tag-galaxy-s25-fe","15":"tag-pokemon-go","16":"tag-samsung-knox","17":"tag-samsung-shop-app","18":"tag-science","19":"tag-science-and-technology","20":"tag-scienceandtechnology","21":"tag-spain","22":"tag-technology","23":"tag-tecnologia"},"share_on_mastodon":{"url":"","error":""},"_links":{"self":[{"href":"https:\/\/www.europesays.com\/es\/wp-json\/wp\/v2\/posts\/155650","targetHints":{"allow":["GET"]}}],"collection":[{"href":"https:\/\/www.europesays.com\/es\/wp-json\/wp\/v2\/posts"}],"about":[{"href":"https:\/\/www.europesays.com\/es\/wp-json\/wp\/v2\/types\/post"}],"author":[{"embeddable":true,"href":"https:\/\/www.europesays.com\/es\/wp-json\/wp\/v2\/users\/2"}],"replies":[{"embeddable":true,"href":"https:\/\/www.europesays.com\/es\/wp-json\/wp\/v2\/comments?post=155650"}],"version-history":[{"count":0,"href":"https:\/\/www.europesays.com\/es\/wp-json\/wp\/v2\/posts\/155650\/revisions"}],"wp:featuredmedia":[{"embeddable":true,"href":"https:\/\/www.europesays.com\/es\/wp-json\/wp\/v2\/media\/155651"}],"wp:attachment":[{"href":"https:\/\/www.europesays.com\/es\/wp-json\/wp\/v2\/media?parent=155650"}],"wp:term":[{"taxonomy":"category","embeddable":true,"href":"https:\/\/www.europesays.com\/es\/wp-json\/wp\/v2\/categories?post=155650"},{"taxonomy":"post_tag","embeddable":true,"href":"https:\/\/www.europesays.com\/es\/wp-json\/wp\/v2\/tags?post=155650"}],"curies":[{"name":"wp","href":"https:\/\/api.w.org\/{rel}","templated":true}]}}