{"id":155655,"date":"2025-10-03T23:17:08","date_gmt":"2025-10-03T23:17:08","guid":{"rendered":"https:\/\/www.europesays.com\/es\/155655\/"},"modified":"2025-10-03T23:17:08","modified_gmt":"2025-10-03T23:17:08","slug":"solo-400-de-los-1-900-invitados-van-al-encuentro-con-el-padre-guilherme","status":"publish","type":"post","link":"https:\/\/www.europesays.com\/es\/155655\/","title":{"rendered":"solo 400 de los 1.900 invitados van al encuentro con el Padre Guilherme"},"content":{"rendered":"<p class=\"paragraph\"><b>14 j\u00f3venes de entre 19 y 24 a\u00f1os de todos los barrios de Zaragoza y el padre Guilherme en el centro contando su historia.<\/b> As\u00ed ha sido el encuentro del <a href=\"https:\/\/www.heraldo.es\/noticias\/aragon\/zaragoza\/2025\/10\/02\/vox-sobre-el-sold-out-del-encuentro-del-padre-guilherme-con-los-jovenes-en-zaragoza-ha-rebasado-nuestras-expectativas-1858552.html\" title=\"Vox, sobre el &#039;sold out&#039; del encuentro del Padre Guilherme con los j\u00f3venes en Zaragoza: &quot;Ha rebasado nuestras expectativas&quot;\" target=\"_blank\" rel=\"nofollow noopener\">famoso cura dj con los j\u00f3venes en la capital aragonesa tres horas antes del esperado concierto previsto este viernes en la plaza del Pilar.<\/a> Pero, pese a que se esperaba una afluencia de unas<b> 2.000 personas, solo unas 400 han participado en este acto<\/b>, que ha durado aproximadamente una hora. A las puertas del Auditorio Princesa Leonor se hablaba de boicot, lo que est\u00e1 claro es que el \u00e9xito del portugu\u00e9s en la capital aragonesa tendr\u00e1 que esperar a su actuaci\u00f3n de las 21.00 frente a la Bas\u00edlica del Pilar.\u00a0<\/p>\n<p class=\"paragraph\">En los \u00faltimos d\u00edas, varios usuarios han recibido v\u00eda &#8216;WhatsApp&#8217; un mensaje <b>para reservar la entrada, con la intenci\u00f3n de que el evento no se llenera.<\/b>\u00a0Por tanto, ese podr\u00eda ser el motivo de la baja afluencia de p\u00fablico.\u00a0\u00abEsper\u00e1bamos m\u00e1s gente eso s\u00ed, pero a\u00fan as\u00ed, ha sido muy divertido y el Padre ha sido muy cercano, ha hecho que nos ri\u00e9ramos mucho\u00bb, ha explicado Ana Lardi\u00e9s tras finalizar el evento.<\/p>\n<p class=\"paragraph\">Unos cuantos j\u00f3venes se han acercado a la cita, que ha comenzado a las 17.30, y han preguntado al padre Guilherme sobre la actuaci\u00f3n de este viernes. <b>\u00abQueremos que el concierto sea un contacto con la m\u00fasica sacra, que llegue a la gente religiosa pero tambi\u00e9n la que est\u00e1 alejada o ausente de la Iglesia\u00bb<\/b>, ha dicho el Padre, contestando a una de las preguntas de los j\u00f3venes.<\/p>\n<p class=\"paragraph\">Adem\u00e1s, ha aprovechado para recordar sus inicios en el mundo de la m\u00fasica, su paso como sacerdote militar en misiones internacionales en Kosovo o Afganist\u00e1n y sus inicios en el mundo de la iglesia. El v\u00ednculo del Padre Guilherme con la m\u00fasica surgi\u00f3 de manera natural en su juventud, cuando comenz\u00f3 a animar <b>encuentros comunitarios y parroquiales<\/b>.\u00a0<\/p>\n<p class=\"paragraph\">Al principio se dedic\u00f3 a ofrecer karaokes y peque\u00f1as fiestas ben\u00e9ficas para recaudar fondos, lo que consigui\u00f3 conectarlo con la gente a trav\u00e9s del ritmo y la energ\u00eda compartida. En esos primeros escenarios descubri\u00f3 la fuerza de la m\u00fasica como herramienta de uni\u00f3n y celebraci\u00f3n, un hallazgo que marc\u00f3 su camino posterior.\u00a0<b>\u00abLa gente me dice que soy un padre moderno, pero no yo soy un p\u00e1rroco como otro cualquiera y sufro como ellos<\/b>\u00ab, ha apuntado en portugu\u00e9s, traducido por un hombre al espa\u00f1ol.\u00a0<\/p>\n<p class=\"paragraph\">La alcaldesa de Zaragoza, Natalia Chueca, ha acudido al final del acto y ha dedicado unas palabras a los asistentes y al Padre Guilherme. \u00abNos gusta apostar por la m\u00fasica de calidad, por la cultura que suma, por experiencias que, como la de hoy, nos ense\u00f1an que el ocio y los valores cat\u00f3licos no est\u00e1n re\u00f1idos\u00bb, ha indicado. \u00ab<b>Es una forma de decir que Zaragoza apuesta por la vida, por la ilusi\u00f3n, por el cristianismo y por los valores espirituales que nos unen\u00bb, <\/b>ha indicado. A su vez, se ha mostrado \u00aborgullosa\u00bb por ver c\u00f3mo los j\u00f3venes \u00abhan respondido con tanta ilusi\u00f3n y ganas\u00bb al evento. El acto ha sido el comienzo de un \u201cconcierto \u00fanico que va a marcar un antes y un despu\u00e9s\u201d, ha concluido.<\/p>\n<p class=\"paragraph\">Adem\u00e1s, el arzobispo de Zaragoza, Carlos Escribano, ha acudido al encuentro. \u00abS<b>u presencia hace plantearnos una pregunta, el Padre es un evangelizador y evangeliza tambi\u00e9n por arte,<\/b> intentando llegar a mucha gente que quiz\u00e1 de otra manera no podr\u00eda hacerlo\u00bb, ha indicado Escribano.\u00a0<\/p>\n<p class=\"paragraph\">Este sacerdote cat\u00f3lico, que cuenta con<b> m\u00e1s de 1,6 millones de seguidores<\/b> en Instagram, es el protagonista del primer concierto de estas fiestas en la plaza del Pilar.<\/p>\n<p class=\"paragraph\">Esta actividad ha sido una de las m\u00e1s comentadas en redes sociales en las \u00faltimas semanas. Tambi\u00e9n entre los grupos pol\u00edticos de la ciudad. La portavoz socialista en el Ayuntamiento de Zaragoza, Lola Ranera, critic\u00f3 con dureza la inclusi\u00f3n del concierto de Padre Guilherme en los Pilares este 2025. Ser\u00e1 este viernes, 3 de octubre, a partir de las 21.00 en la plaza del Pilar, un evento que ha costado<b> 50.000 euros<\/b> y que, seg\u00fan Ranera, se programa para contentar a Vox.<\/p>\n","protected":false},"excerpt":{"rendered":"14 j\u00f3venes de entre 19 y 24 a\u00f1os de todos los barrios de Zaragoza y el padre Guilherme&hellip;\n","protected":false},"author":2,"featured_media":155656,"comment_status":"","ping_status":"","sticky":false,"template":"","format":"standard","meta":{"footnotes":""},"categories":[8],"tags":[17,18,25,24,13,14,11,19,20,9,10,15,16,46649,23,12,21,22],"class_list":{"0":"post-155655","1":"post","2":"type-post","3":"status-publish","4":"format-standard","5":"has-post-thumbnail","7":"category-espana","8":"tag-breaking-news","9":"tag-breakingnews","10":"tag-es","11":"tag-espana","12":"tag-featured-news","13":"tag-featurednews","14":"tag-headlines","15":"tag-latest-news","16":"tag-latestnews","17":"tag-news","18":"tag-noticias","19":"tag-noticias-destacadas","20":"tag-noticiasdestacadas","21":"tag-padre-guilherme","22":"tag-spain","23":"tag-titulares","24":"tag-ultimas-noticias","25":"tag-ultimasnoticias"},"share_on_mastodon":{"url":"","error":""},"_links":{"self":[{"href":"https:\/\/www.europesays.com\/es\/wp-json\/wp\/v2\/posts\/155655","targetHints":{"allow":["GET"]}}],"collection":[{"href":"https:\/\/www.europesays.com\/es\/wp-json\/wp\/v2\/posts"}],"about":[{"href":"https:\/\/www.europesays.com\/es\/wp-json\/wp\/v2\/types\/post"}],"author":[{"embeddable":true,"href":"https:\/\/www.europesays.com\/es\/wp-json\/wp\/v2\/users\/2"}],"replies":[{"embeddable":true,"href":"https:\/\/www.europesays.com\/es\/wp-json\/wp\/v2\/comments?post=155655"}],"version-history":[{"count":0,"href":"https:\/\/www.europesays.com\/es\/wp-json\/wp\/v2\/posts\/155655\/revisions"}],"wp:featuredmedia":[{"embeddable":true,"href":"https:\/\/www.europesays.com\/es\/wp-json\/wp\/v2\/media\/155656"}],"wp:attachment":[{"href":"https:\/\/www.europesays.com\/es\/wp-json\/wp\/v2\/media?parent=155655"}],"wp:term":[{"taxonomy":"category","embeddable":true,"href":"https:\/\/www.europesays.com\/es\/wp-json\/wp\/v2\/categories?post=155655"},{"taxonomy":"post_tag","embeddable":true,"href":"https:\/\/www.europesays.com\/es\/wp-json\/wp\/v2\/tags?post=155655"}],"curies":[{"name":"wp","href":"https:\/\/api.w.org\/{rel}","templated":true}]}}