{"id":15571,"date":"2025-07-31T05:18:14","date_gmt":"2025-07-31T05:18:14","guid":{"rendered":"https:\/\/www.europesays.com\/es\/15571\/"},"modified":"2025-07-31T05:18:14","modified_gmt":"2025-07-31T05:18:14","slug":"hay-amigas-que-son-hogar","status":"publish","type":"post","link":"https:\/\/www.europesays.com\/es\/15571\/","title":{"rendered":"Hay amigas que son hogar"},"content":{"rendered":"<p id=\"eGuH50_pOm\" data-wc=\"81\">En pleno apogeo del verano, cuando las figuras televisivas aprovechan el par\u00f3n estival para desconectar de las c\u00e1maras y los focos,<strong>\u00a0la presentadora Emma Garc\u00eda ha decidido tomarse un merecido respiro<\/strong>. Sin embargo, su escapada al sur de Espa\u00f1a ha ido m\u00e1s all\u00e1 de la simple b\u00fasqueda de sol y relax. La comunicadora vasca <strong>ha sorprendido a su amiga y excompa\u00f1era de cadena, Paz Padilla,<\/strong> con una visita inesperada en el chiringuito que la gaditana regenta en Zahara de los Atunes.<\/p>\n<p> <img src=\"https:\/\/www.europesays.com\/es\/wp-content\/uploads\/2025\/07\/368d205dca9f-este-verano-lo-voy-a-difrutar-con-amigos-y-mucha-familia-1.jpg\"   width=\"768\" height=\"1024\" loading=\"lazy\" decoding=\"async\" alt=\"Media Image\" fetchpriority=\"auto\" class=\"image ho-image\"\/>\u00a9 paz_padilla<br \/>\nLas bonitas palabras que le dedica Paz Padilla a su amiga<\/p>\n<p id=\"euHRN_y9tzh\" data-wc=\"92\">El encuentro entre ambas presentadoras ha sido desvelado por la propia Padilla, que comparti\u00f3 una imagen en sus redes sociales en la que<strong>\u00a0ambas posan sonrientes frente al conocido local playero El Trompeta Beach<\/strong>, un lugar con un fuerte valor sentimental para la humorista. \u201c<strong>Hay amigas que son hogar y Emma Garc\u00eda es una de ellas<\/strong>. Vino de sorpresa a visitarme a El Trompeta Beach y me regal\u00f3 una noche inolvidable. <strong>Gracias por estar siempre. Te quiero<\/strong>\u201d, escribi\u00f3 la gaditana. En las im\u00e1genes, posan junto a Eva Espejo, directora del programa Fiesta.<\/p>\n<p> <img src=\"https:\/\/www.europesays.com\/es\/wp-content\/uploads\/2025\/07\/5836ef890c49-captura-de-pantalla-2025-07-30-170718.png\"   width=\"759\" height=\"1024\" loading=\"lazy\" decoding=\"async\" alt=\"Paz Padilla y Emma Garc\u00eda en Zahara de los Atunes\" fetchpriority=\"auto\" class=\"image ho-image\"\/>\u00a9 paz_padilla<br \/>\nUn encuentro en un lugar especial<\/p>\n<p id=\"exUn9YsAzLu\" data-wc=\"70\">La instant\u00e1nea no solo muestra la complicidad que ambas transmiten, sino tambi\u00e9n por el trasfondo emocional del lugar en el que sucedi\u00f3 el reencuentro. El local es mucho m\u00e1s que un chiringuito para la que fue presentadora de S\u00e1lvame: representa <strong>el sue\u00f1o cumplido de su hermano Luis, fallecido el pasado octubre a los 53 a\u00f1os<\/strong>, y cuya memoria ha querido honrar<a class=\"hm-link\" href=\"https:\/\/www.hola.com\/actualidad\/20250413826147\/paz-padilla-hija-anna-reabren-chiringuito-hermano-fallecido-es-un-sueno\/\" data-mrf-recirculation=\"article-body-link\" rel=\"nofollow noopener\" target=\"_blank\">\u00a0reabriendo el establecimiento junto a su hija, Anna Ferrer.<\/a><\/p>\n<p> <img src=\"https:\/\/www.europesays.com\/es\/wp-content\/uploads\/2025\/07\/0ccf52671de7-este-verano-lo-voy-a-difrutar-con-amigos-y-mucha-familia.jpg\"   width=\"768\" height=\"1024\" loading=\"lazy\" decoding=\"async\" alt=\"Media Image\" fetchpriority=\"auto\" class=\"image ho-image\"\/>\u00a9 paz_padilla<\/p>\n<p id=\"eMpoXEDyhOH\" data-wc=\"87\">Emma Garc\u00eda hab\u00eda dicho adi\u00f3s temporalmente a su programa Fiesta\u00a0de Telecinco la semana pasada, dejando la conducci\u00f3n<strong>\u00a0en manos de<\/strong><a class=\"hm-link\" href=\"https:\/\/www.hola.com\/actualidad\/20250727846707\/terelu-campos-debuta-en-fiesta-con-emocion-y-un-recuerdo-imborrable-a-maria-teresa-campos\/\" data-mrf-recirculation=\"article-body-link\" rel=\"nofollow noopener\" target=\"_blank\">\u00a0Terelu Campos<\/a>, <strong>C\u00e9sar Mu\u00f1oz y \u00c1lex Blanquer.<\/strong> En su despedida en directo, la presentadora mostr\u00f3 su entusiasmo por el equipo que tomar\u00eda el relevo y expres\u00f3 su deseo de descansar tras una intensa temporada televisiva. Aunque tradicionalmente suele pasar todas sus vacaciones en San Sebasti\u00e1n, <strong>este a\u00f1o ha decidido comenzar por el sur, dejando que el encanto de C\u00e1diz le acompa\u00f1e<\/strong> en sus d\u00edas de desconexi\u00f3n.<\/p>\n<p> <img src=\"https:\/\/www.europesays.com\/es\/wp-content\/uploads\/2025\/07\/9141628a1c59-captura-de-pantalla-2025-07-30-170114.png\"   width=\"827\" height=\"1024\" loading=\"lazy\" decoding=\"async\" alt=\"Paz Padilla y Emma Garc\u00eda en C\u00e1diz\" fetchpriority=\"auto\" class=\"image ho-image\"\/>\u00a9 paz_padilla<br \/>\nUna fuerte amistad<\/p>\n<p id=\"ep7IKgIhsA0\" data-wc=\"104\">El gesto de la vasca no ha pasado desapercibido. M\u00e1s all\u00e1 del aspecto medi\u00e1tico, su visita ha sido recibida como una muestra de profunda amistad y apoyo incondicional. La relaci\u00f3n entre ambas se remonta a <strong>sus a\u00f1os compartidos en Mediaset,<\/strong> y ya en el pasado qued\u00f3 patente el cari\u00f1o que se profesan. Prueba de ello fueron las emotivas palabras que Garc\u00eda dedic\u00f3 a Paz tras la muerte de su hermano: \u201cYa sabes que te queremos, que te quiero y que un abrazo inmenso y lleno de cari\u00f1o en estos duros momentos\u2026 <strong>Compa\u00f1era, abrazo enorme para ti y para toda tu familia<\/strong>. Descanse en paz\u201d.<\/p>\n<p> <img src=\"https:\/\/www.europesays.com\/es\/wp-content\/uploads\/2025\/07\/c54db764b708-paz.jpg\"   width=\"819\" height=\"1024\" loading=\"lazy\" decoding=\"async\" alt=\"Media Image\" fetchpriority=\"auto\" class=\"image ho-image\"\/>\u00a9 emmagarciaweb<\/p>\n<p id=\"e543DbvB2r5\" data-wc=\"63\">Ahora, diez meses despu\u00e9s, el destino ha querido unirlas en un momento m\u00e1s alegre. La imagen de ambas en Zahara de los Atunes<strong>\u00a0ha sido recibida con entusiasmo por sus seguidores<\/strong>, que han elogiado la naturalidad, el afecto y la autenticidad que ambas transmiten. C\u00e1diz ha sido testigo de una velada especial, de esas que no necesitan c\u00e1maras ni guion, solo amistad verdadera.<\/p>\n","protected":false},"excerpt":{"rendered":"En pleno apogeo del verano, cuando las figuras televisivas aprovechan el par\u00f3n estival para desconectar de las c\u00e1maras&hellip;\n","protected":false},"author":2,"featured_media":15572,"comment_status":"","ping_status":"","sticky":false,"template":"","format":"standard","meta":{"footnotes":""},"categories":[174],"tags":[517,255,6923,146,147,25,24,256,6925,23,807],"class_list":{"0":"post-15571","1":"post","2":"type-post","3":"status-publish","4":"format-standard","5":"has-post-thumbnail","7":"category-famosos","8":"tag-actualidad","9":"tag-celebrities","10":"tag-emma-garcia","11":"tag-entertainment","12":"tag-entretenimiento","13":"tag-es","14":"tag-espana","15":"tag-famosos","16":"tag-paz-padilla","17":"tag-spain","18":"tag-television"},"share_on_mastodon":{"url":"","error":""},"_links":{"self":[{"href":"https:\/\/www.europesays.com\/es\/wp-json\/wp\/v2\/posts\/15571","targetHints":{"allow":["GET"]}}],"collection":[{"href":"https:\/\/www.europesays.com\/es\/wp-json\/wp\/v2\/posts"}],"about":[{"href":"https:\/\/www.europesays.com\/es\/wp-json\/wp\/v2\/types\/post"}],"author":[{"embeddable":true,"href":"https:\/\/www.europesays.com\/es\/wp-json\/wp\/v2\/users\/2"}],"replies":[{"embeddable":true,"href":"https:\/\/www.europesays.com\/es\/wp-json\/wp\/v2\/comments?post=15571"}],"version-history":[{"count":0,"href":"https:\/\/www.europesays.com\/es\/wp-json\/wp\/v2\/posts\/15571\/revisions"}],"wp:featuredmedia":[{"embeddable":true,"href":"https:\/\/www.europesays.com\/es\/wp-json\/wp\/v2\/media\/15572"}],"wp:attachment":[{"href":"https:\/\/www.europesays.com\/es\/wp-json\/wp\/v2\/media?parent=15571"}],"wp:term":[{"taxonomy":"category","embeddable":true,"href":"https:\/\/www.europesays.com\/es\/wp-json\/wp\/v2\/categories?post=15571"},{"taxonomy":"post_tag","embeddable":true,"href":"https:\/\/www.europesays.com\/es\/wp-json\/wp\/v2\/tags?post=15571"}],"curies":[{"name":"wp","href":"https:\/\/api.w.org\/{rel}","templated":true}]}}