{"id":155713,"date":"2025-10-04T00:02:08","date_gmt":"2025-10-04T00:02:08","guid":{"rendered":"https:\/\/www.europesays.com\/es\/155713\/"},"modified":"2025-10-04T00:02:08","modified_gmt":"2025-10-04T00:02:08","slug":"muere-en-ucrania-un-fotoperiodista-frances-en-un-ataque-con-drones","status":"publish","type":"post","link":"https:\/\/www.europesays.com\/es\/155713\/","title":{"rendered":"Muere en Ucrania un fotoperiodista franc\u00e9s en un ataque con drones"},"content":{"rendered":"<p class=\"article-text\">\n        El fot\u00f3grafo franc\u00e9s<a href=\"https:\/\/www.instagram.com\/antonilallican\/\" target=\"_blank\" data-mrf-recirculation=\"links-noticia\" class=\"link\" rel=\"nofollow noopener\"> Antoni Lallican<\/a> ha muerto este viernes en Ucrania en un ataque con drones mientras circulaba en un coche en compa\u00f1\u00eda de otro reportero ucraniano, que ha resultado gravemente herido, seg\u00fan ha informado el Sindicato Nacional de Periodistas de Francia y las Federaciones Europea e Internacional de Periodistas.\n    <\/p>\n<p class=\"article-text\">\n        Tanto Lallican, de 37 a\u00f1os, como el ucraniano George Ivanchenko, de 25, llevaban equipo de protecci\u00f3n y un chaleco antibalas con la inscripci\u00f3n &#8216;Prensa&#8217; cuando el veh\u00edculo en el que iban en el Donb\u00e1s fue alcanzado por los drones sobre las 7.20 horas GMT, han precisado los sindicatos de periodistas.\n    <\/p>\n<p class=\"article-text\">\n        La muerte del reportero franc\u00e9s, nacido en 1988, tambi\u00e9n ha sido confirmada por la agencia Hans Lucas, para la que trabajaba.\n    <\/p>\n<p class=\"article-text\">\n        Lallican, que fue galardonado en febrero pasado con el Premio Victor Hugo 2024 de Fotograf\u00eda Comprometida por un reportaje sobre la guerra en Ucrania, trabaj\u00f3 para varios medios de comunicaci\u00f3n franceses, entre ellos, Le Monde, Le Figaro, La Croix, Mediapart y Lib\u00e9ration.\n    <\/p>\n<p class=\"article-text\">\n        Asimismo, colabor\u00f3 con numerosos medios de comunicaci\u00f3n extranjeros, como el diario alem\u00e1n Die Welt y el suizo Le Temps.\n    <\/p>\n<p class=\"article-text\">\n        Adem\u00e1s de trabajar en Ucrania, Lallican estuvo en Armenia, Israel, los Territorios Palestinos y Siria.\n    <\/p>\n<p>                                <script async src=\"\/\/www.instagram.com\/embed.js\"><\/script><\/p>\n","protected":false},"excerpt":{"rendered":"El fot\u00f3grafo franc\u00e9s Antoni Lallican ha muerto este viernes en Ucrania en un ataque con drones mientras circulaba&hellip;\n","protected":false},"author":2,"featured_media":155714,"comment_status":"","ping_status":"","sticky":false,"template":"","format":"standard","meta":{"footnotes":""},"categories":[42],"tags":[1422,17,18,8232,13,14,6642,1820,11,61,62,63,64,19,20,8938,9,10,15,16,12,7081,21,22,65,66,67],"class_list":{"0":"post-155713","1":"post","2":"type-post","3":"status-publish","4":"format-standard","5":"has-post-thumbnail","7":"category-internacional","8":"tag-ataque","9":"tag-breaking-news","10":"tag-breakingnews","11":"tag-drones","12":"tag-featured-news","13":"tag-featurednews","14":"tag-fotoperiodista","15":"tag-frances","16":"tag-headlines","17":"tag-internacional","18":"tag-international","19":"tag-international-news","20":"tag-internationalnews","21":"tag-latest-news","22":"tag-latestnews","23":"tag-muere","24":"tag-news","25":"tag-noticias","26":"tag-noticias-destacadas","27":"tag-noticiasdestacadas","28":"tag-titulares","29":"tag-ucrania","30":"tag-ultimas-noticias","31":"tag-ultimasnoticias","32":"tag-world","33":"tag-world-news","34":"tag-worldnews"},"share_on_mastodon":{"url":"","error":""},"_links":{"self":[{"href":"https:\/\/www.europesays.com\/es\/wp-json\/wp\/v2\/posts\/155713","targetHints":{"allow":["GET"]}}],"collection":[{"href":"https:\/\/www.europesays.com\/es\/wp-json\/wp\/v2\/posts"}],"about":[{"href":"https:\/\/www.europesays.com\/es\/wp-json\/wp\/v2\/types\/post"}],"author":[{"embeddable":true,"href":"https:\/\/www.europesays.com\/es\/wp-json\/wp\/v2\/users\/2"}],"replies":[{"embeddable":true,"href":"https:\/\/www.europesays.com\/es\/wp-json\/wp\/v2\/comments?post=155713"}],"version-history":[{"count":0,"href":"https:\/\/www.europesays.com\/es\/wp-json\/wp\/v2\/posts\/155713\/revisions"}],"wp:featuredmedia":[{"embeddable":true,"href":"https:\/\/www.europesays.com\/es\/wp-json\/wp\/v2\/media\/155714"}],"wp:attachment":[{"href":"https:\/\/www.europesays.com\/es\/wp-json\/wp\/v2\/media?parent=155713"}],"wp:term":[{"taxonomy":"category","embeddable":true,"href":"https:\/\/www.europesays.com\/es\/wp-json\/wp\/v2\/categories?post=155713"},{"taxonomy":"post_tag","embeddable":true,"href":"https:\/\/www.europesays.com\/es\/wp-json\/wp\/v2\/tags?post=155713"}],"curies":[{"name":"wp","href":"https:\/\/api.w.org\/{rel}","templated":true}]}}