{"id":155715,"date":"2025-10-04T00:03:08","date_gmt":"2025-10-04T00:03:08","guid":{"rendered":"https:\/\/www.europesays.com\/es\/155715\/"},"modified":"2025-10-04T00:03:08","modified_gmt":"2025-10-04T00:03:08","slug":"el-concello-de-vigo-suspende-el-espectaculo-de-un-tiktoker-denunciado-por-mensajes-machistas-homofobos-y-apologia-franquista","status":"publish","type":"post","link":"https:\/\/www.europesays.com\/es\/155715\/","title":{"rendered":"El Concello de Vigo\u00a0suspende el espect\u00e1culo de un tiktoker denunciado por mensajes machistas, hom\u00f3fobos y apolog\u00eda franquista"},"content":{"rendered":"<p>\t\t\t\t\t\tEl artista conocido como \u00abEl Dandy de Barcelona\u00bb iba a actuar en un local de la Traves\u00eda de Santiago de Vigo que no tiene licencia para espect\u00e1culos, pero la organizaci\u00f3n mantiene la venta de entradas<br \/>\n\t\t\t\t\t\t\t\t\t\t\t\t<strong>03 oct 2025<\/strong> . Actualizado a las 19:34 h.\t\t\t\t\t\t<\/p>\n<p class=\"first-paragraph txt\">El Concello de Vigo ha ordenado este viernes 3 de octubre la suspensi\u00f3n inmediata del espect\u00e1culo de <strong>El Dandy de Barcelona<\/strong>, previsto para las 23.30 horas en Nebula The Club, un local situado en la Traves\u00eda de Santiago de Vigo. La medida llega<strong> c<\/strong>on entradas ya vendidas y a escasas horas del inicio de la actuaci\u00f3n. Pese a la prohibici\u00f3n, los organizadores mantienen la venta de entradas en su cuenta de Instagram.<\/p>\n<p class=\"txt\">El expediente municipal revela que la sala cuenta \u00fanicamente con licencia de pub con m\u00fasica, mientras que el evento anunciado se encuadraba en la categor\u00eda de caf\u00e9 espect\u00e1culo, que exige una autorizaci\u00f3n espec\u00edfica para acoger actuaciones musicales, teatrales o culturales en directo. \u00abA actividade anunciada non conta con t\u00edtulo habilitante polo que non poder\u00eda celebrarse<strong>\u00bb<\/strong>, concluye el informe remitido por la Gerencia de <a href=\"https:\/\/www.lavozdegalicia.es\/temas\/urbanismo\" rel=\"nofollow noopener\" target=\"_blank\">Urbanismo<\/a> al \u00e1rea de Seguridade.<\/p>\n<p class=\"txt\">La suspensi\u00f3n no se limita a un tr\u00e1mite administrativo. La resoluci\u00f3n firmada por la Jefatura de \u00c1rea de Seguridade ordena a la Polic\u00eda Local vigilar el cumplimiento de la medida y, en caso de contravenci\u00f3n, proceder al desalojo, clausura y precinto del establecimiento. Adem\u00e1s, se notificar\u00e1 a Urbanismo para que inicie los expedientes sancionadores que correspondan.<\/p>\n<p class=\"ladillo\">Denuncias<\/p>\n<p class=\"txt\">A la cuesti\u00f3n de licencias se suma la pol\u00e9mica social y pol\u00edtica por el artista invitado. En los \u00faltimos d\u00edas la <a href=\"https:\/\/www.lavozdegalicia.es\/temas\/xunta-de-galicia\" rel=\"nofollow noopener\" target=\"_blank\">Xunta de Galicia<\/a> y colectivos feministas y LGTBI hab\u00edan trasladado denuncias alertando sobre el contenido de los mensajes difundidos por Claudio Bermejo, conocido en redes como El Dandy de Barcelona. El oficio de la Direcci\u00f3n Xeral de Loita contra a Violencia de X\u00e9nero recog\u00eda <strong>acusaciones de discursos \u00abmachistas, mis\u00f3xinos, racistas e hom\u00f3fobos\u00bb, as\u00ed como la preocupaci\u00f3n por la normalizaci\u00f3n de referencias a la prostituci\u00f3n<\/strong>.<\/p>\n<p class=\"txt\">La asociaci\u00f3n NOS MESMAS, de \u00e1mbito LGTBI, fue m\u00e1s all\u00e1 y denunci\u00f3 p\u00fablicamente que en algunos de sus shows el tiktoker lleg\u00f3 a proclamar \u00ab\u00a1Viva Franco!\u00bb, lo que consideran una<strong> \u00abapolox\u00eda dun r\u00e9xime ditatorial contrario \u00e1 democracia e \u00e1 dignidade das v\u00edtimas\u00bb<\/strong>. Tanto la Xunta como las plataformas sociales invocaron la Lei 10\/2017 de espect\u00e1culos p\u00fablicos de Galicia, que proh\u00edbe expresamente actividades que inciten al odio, la violencia o la discriminaci\u00f3n.\u00a0<\/p>\n<p class=\"txt\">La propia primera teniente alcalde de Vigo, <a href=\"https:\/\/www.lavozdegalicia.es\/temas\/carmela-silva\" rel=\"nofollow noopener\" target=\"_blank\">Carmela Silva<\/a>, alzaba su voz hace unos d\u00edas en contra de este espect\u00e1culo programado.\u00a0\u00abConsideramos que Vigo tiene que ser un lugar libre de violencias contra las personas y por eso hacemos un llamamiento a ese local de ocio situado en Vigo para que no se produza esta actuaci\u00f3n que atenta contra los derechos de las personas\u00bb, proclam\u00f3.<\/p>\n<p class=\"txt\">El Concello se ha amparado en la normativa para actuar con urgencia y suspender el evento, considerando que concurr\u00edan \u00abraz\u00f3ns de urxencia inaplazable\u00bb y que exist\u00edan <strong>\u00abindicios racionais\u00bb de una infracci\u00f3n muy grave<\/strong>.\u00a0<\/p>\n<p>&#13;<br \/>\n\tArchivado en:&#13;<br \/>\n\t\t\t\t\t<a href=\"https:\/\/www.lavozdegalicia.es\/temas\/vigo-ciudad\/\" target=\"_blank\" class=\"mg-l\" rel=\"nofollow noopener\">Vigo ciudad<\/a>&#13;<br \/>\n\t\t\t\t\t<a href=\"https:\/\/www.lavozdegalicia.es\/temas\/cataluna\/\" target=\"_blank\" class=\"mg-l\" rel=\"nofollow noopener\">Catalu\u00f1a<\/a>&#13;<br \/>\n\t\t\t\t\t<a href=\"https:\/\/www.lavozdegalicia.es\/temas\/urbanismo\/\" target=\"_blank\" class=\"mg-l\" rel=\"nofollow noopener\">Urbanismo<\/a>&#13;<br \/>\n\t\t\t\t\t<a href=\"https:\/\/www.lavozdegalicia.es\/temas\/xunta-de-galicia\/\" target=\"_blank\" class=\"mg-l\" rel=\"nofollow noopener\">Xunta de Galicia<\/a>&#13;<br \/>\n\t\t\t\t\t<a href=\"https:\/\/www.lavozdegalicia.es\/temas\/homofobia\/\" target=\"_blank\" class=\"mg-l\" rel=\"nofollow noopener\">Homofobia<\/a>&#13;<br \/>\n\t\t\t        \t&#13;<\/p>\n","protected":false},"excerpt":{"rendered":"El artista conocido como \u00abEl Dandy de Barcelona\u00bb iba a actuar en un local de la Traves\u00eda de&hellip;\n","protected":false},"author":2,"featured_media":155716,"comment_status":"","ping_status":"","sticky":false,"template":"","format":"standard","meta":{"footnotes":""},"categories":[8],"tags":[17,18,46659,1980,25,24,13,14,4910,11,46658,19,20,9,10,15,16,23,12,21,22,2965,3518,8510],"class_list":{"0":"post-155715","1":"post","2":"type-post","3":"status-publish","4":"format-standard","5":"has-post-thumbnail","7":"category-espana","8":"tag-breaking-news","9":"tag-breakingnews","10":"tag-carmela-silva","11":"tag-cataluna","12":"tag-es","13":"tag-espana","14":"tag-featured-news","15":"tag-featurednews","16":"tag-feminismo","17":"tag-headlines","18":"tag-homofobia","19":"tag-latest-news","20":"tag-latestnews","21":"tag-news","22":"tag-noticias","23":"tag-noticias-destacadas","24":"tag-noticiasdestacadas","25":"tag-spain","26":"tag-titulares","27":"tag-ultimas-noticias","28":"tag-ultimasnoticias","29":"tag-urbanismo","30":"tag-vigo-ciudad","31":"tag-xunta-de-galicia"},"share_on_mastodon":{"url":"","error":""},"_links":{"self":[{"href":"https:\/\/www.europesays.com\/es\/wp-json\/wp\/v2\/posts\/155715","targetHints":{"allow":["GET"]}}],"collection":[{"href":"https:\/\/www.europesays.com\/es\/wp-json\/wp\/v2\/posts"}],"about":[{"href":"https:\/\/www.europesays.com\/es\/wp-json\/wp\/v2\/types\/post"}],"author":[{"embeddable":true,"href":"https:\/\/www.europesays.com\/es\/wp-json\/wp\/v2\/users\/2"}],"replies":[{"embeddable":true,"href":"https:\/\/www.europesays.com\/es\/wp-json\/wp\/v2\/comments?post=155715"}],"version-history":[{"count":0,"href":"https:\/\/www.europesays.com\/es\/wp-json\/wp\/v2\/posts\/155715\/revisions"}],"wp:featuredmedia":[{"embeddable":true,"href":"https:\/\/www.europesays.com\/es\/wp-json\/wp\/v2\/media\/155716"}],"wp:attachment":[{"href":"https:\/\/www.europesays.com\/es\/wp-json\/wp\/v2\/media?parent=155715"}],"wp:term":[{"taxonomy":"category","embeddable":true,"href":"https:\/\/www.europesays.com\/es\/wp-json\/wp\/v2\/categories?post=155715"},{"taxonomy":"post_tag","embeddable":true,"href":"https:\/\/www.europesays.com\/es\/wp-json\/wp\/v2\/tags?post=155715"}],"curies":[{"name":"wp","href":"https:\/\/api.w.org\/{rel}","templated":true}]}}