{"id":155717,"date":"2025-10-04T00:04:08","date_gmt":"2025-10-04T00:04:08","guid":{"rendered":"https:\/\/www.europesays.com\/es\/155717\/"},"modified":"2025-10-04T00:04:08","modified_gmt":"2025-10-04T00:04:08","slug":"trump-pide-a-israel-que-detenga-los-bombardeos-sobre-gaza-tras-la-respuesta-de-hamas-sobre-el-plan-de-paz-internacional","status":"publish","type":"post","link":"https:\/\/www.europesays.com\/es\/155717\/","title":{"rendered":"Trump pide a Israel que detenga los bombardeos sobre Gaza tras la respuesta de Ham\u00e1s sobre el plan de paz | Internacional"},"content":{"rendered":"<p class=\"loc\">Madrid<\/p>\n<p>El presidente de los Estados Unidos, Donald Trump, ha pedido a Israel que detenga los bombardeos de Israel sobre Gaza para liberar a los rehenes despu\u00e9s de la respuesta de Ham\u00e1s al plan que propuso el republicano para la paz en la Franja. \u00abAhora mismo, es demasiado peligroso hacerlo. Ya estamos negociando los detalles que a\u00fan deben resolverse. No se trata solo de Gaza, se trata de la tan ansiada paz en Oriente Medio\u00bb, ha escrito en Truth Social. <\/p>\n<p>M\u00e1s tarde, Trump ha querido agradecer en un v\u00eddeo a todos los pa\u00edses que \u00abhan luchado duro\u00bb. \u00abEste es un gran d\u00eda, veremos c\u00f3mo resulta todo, tenemos que tener la \u00faltima palabra y concretar\u00bb, ha a\u00f1adido, en su comunicado. <\/p>\n<p>\u00abQuiero que sepan que este es un d\u00eda muy especial, tal vez sin precedentes en muchos sentidos. Gracias a todos, a todos esos grandes pa\u00edses en Oriente Medio. Estamos muy cerca de lograrlo\u00bb, ha a\u00f1adido, en su publicaci\u00f3n en Truth en respuesta a Ham\u00e1s. <\/p>\n<p>La organizaci\u00f3n terrorista <a href=\"https:\/\/cadenaser.com\/nacional\/2025\/10\/03\/hamas-responde-al-acuerdo-de-paz-de-trump-para-gaza-acepta-la-liberacion-de-rehenes-pero-insta-a-negociar-el-plan-cadena-ser\/\" target=\"_blank\" rel=\"nofollow noopener\" title=\"https:\/\/cadenaser.com\/nacional\/2025\/10\/03\/hamas-responde-al-acuerdo-de-paz-de-trump-para-gaza-acepta-la-liberacion-de-rehenes-pero-insta-a-negociar-el-plan-cadena-ser\/\">Ham\u00e1s ha respondido este viernes al acuerdo de paz para Gaza<\/a> que propuso este lunes el presidente de EEUU, Donald Trump, tras reunirse con el primer ministro israel\u00ed, Benjamin Netanyahu, en la Casa Blanca. Ham\u00e1s dice que estar\u00eda dispuesto a liberar a todos los rehenes, muertos y vivos, pero ha pedido negociar los detalles del plan propuesto por el republicano.<\/p>\n<p>As\u00ed lo ha asegurado Ham\u00e1s en un comunicado difundido en Telegram, donde confirma que da luz verde al grueso del plan del republicano. Adem\u00e1s de los rehenes, tambi\u00e9n dan el visto bueno al gobierno temporal para Gaza, pero reclaman que est\u00e9 compuesto por tecn\u00f3cratas palestinos. En su comunicado no dice aceptar que sea la Junta de la Paz, el gobierno externo de pa\u00edses \u00e1rabes que Trump quer\u00eda supervisar con Tony Blair.<\/p>\n<p>En su documento de respuesta a la Casa Blanca, el grupo no habla del calendario de retirada de Israel, de la retirada completa del ej\u00e9rcito de Netanyahu de la Franja y tampoco de la garant\u00eda de que los dirigentes de Ham\u00e1s podr\u00edan tener una salida de seguridad en el exilio. Lo que s\u00ed quiere Ham\u00e1s es iniciar unas negociaciones con los negociadores (Qatar, Egipto y Turqu\u00eda) para perfilar todos los datos y detalles del acuerdo definitivo para la paz en Gaza.<\/p>\n","protected":false},"excerpt":{"rendered":"Madrid El presidente de los Estados Unidos, Donald Trump, ha pedido a Israel que detenga los bombardeos de&hellip;\n","protected":false},"author":2,"featured_media":155718,"comment_status":"","ping_status":"","sticky":false,"template":"","format":"standard","meta":{"footnotes":""},"categories":[5],"tags":[17,18,6359,83,25,24,13,14,694,4437,46660,11,19,20,9,10,15,16,3189,88,23,12,21,22,3191],"class_list":{"0":"post-155717","1":"post","2":"type-post","3":"status-publish","4":"format-standard","5":"has-post-thumbnail","7":"category-titulares","8":"tag-breaking-news","9":"tag-breakingnews","10":"tag-conflicts","11":"tag-diplomacy","12":"tag-es","13":"tag-espana","14":"tag-featured-news","15":"tag-featurednews","16":"tag-gaza","17":"tag-government","18":"tag-hama","19":"tag-headlines","20":"tag-latest-news","21":"tag-latestnews","22":"tag-news","23":"tag-noticias","24":"tag-noticias-destacadas","25":"tag-noticiasdestacadas","26":"tag-palestine","27":"tag-politics","28":"tag-spain","29":"tag-titulares","30":"tag-ultimas-noticias","31":"tag-ultimasnoticias","32":"tag-war"},"share_on_mastodon":{"url":"","error":""},"_links":{"self":[{"href":"https:\/\/www.europesays.com\/es\/wp-json\/wp\/v2\/posts\/155717","targetHints":{"allow":["GET"]}}],"collection":[{"href":"https:\/\/www.europesays.com\/es\/wp-json\/wp\/v2\/posts"}],"about":[{"href":"https:\/\/www.europesays.com\/es\/wp-json\/wp\/v2\/types\/post"}],"author":[{"embeddable":true,"href":"https:\/\/www.europesays.com\/es\/wp-json\/wp\/v2\/users\/2"}],"replies":[{"embeddable":true,"href":"https:\/\/www.europesays.com\/es\/wp-json\/wp\/v2\/comments?post=155717"}],"version-history":[{"count":0,"href":"https:\/\/www.europesays.com\/es\/wp-json\/wp\/v2\/posts\/155717\/revisions"}],"wp:featuredmedia":[{"embeddable":true,"href":"https:\/\/www.europesays.com\/es\/wp-json\/wp\/v2\/media\/155718"}],"wp:attachment":[{"href":"https:\/\/www.europesays.com\/es\/wp-json\/wp\/v2\/media?parent=155717"}],"wp:term":[{"taxonomy":"category","embeddable":true,"href":"https:\/\/www.europesays.com\/es\/wp-json\/wp\/v2\/categories?post=155717"},{"taxonomy":"post_tag","embeddable":true,"href":"https:\/\/www.europesays.com\/es\/wp-json\/wp\/v2\/tags?post=155717"}],"curies":[{"name":"wp","href":"https:\/\/api.w.org\/{rel}","templated":true}]}}