{"id":155719,"date":"2025-10-04T00:05:07","date_gmt":"2025-10-04T00:05:07","guid":{"rendered":"https:\/\/www.europesays.com\/es\/155719\/"},"modified":"2025-10-04T00:05:07","modified_gmt":"2025-10-04T00:05:07","slug":"el-dicorpebal-hace-los-deberes-y-siestea","status":"publish","type":"post","link":"https:\/\/www.europesays.com\/es\/155719\/","title":{"rendered":"El Dicorpebal hace los deberes y siestea"},"content":{"rendered":"<p>El fin de semana va a ser pl\u00e1cido para el Dicorpebal Logro\u00f1o. No pudo terminar mejor el viernes. Por la ma\u00f1ana, la entidad anunci\u00f3 un  &#8230; nuevo patrocinador principal. Y por la tarde, los de Velasco abrieron las cuarta jornada de la Liga Asobal con un pl\u00e1cido triunfo ante el E\u00f3n Alicante (33-29). La plantilla va cogiendo hechuras de equipo y lo que se adivina en un futuro cercano tiene muy buena pinta. Ayer Pestic se sum\u00f3 a la fiesta con debut y dos goles.<\/p>\n<p class=\"v-p\">La salida de los dos equipos al Palacio fue t\u00edmida, con errores en ataque mientras se ajustaban las defensas. El Dicorpebal Logro\u00f1o fue entrando en partido desde los siete metros, con un infalible David Cadarso. Dos seguidos (2-1).<\/p>\n<p class=\"v-p\">En la tarea defensiva destac\u00f3 por encima del resto Aitor Garc\u00eda. El navarro fue el jefe del centro de la defensa en el 6-0, primero compartiendo labor con Pergel, m\u00e1s tarde con Miguel Mart\u00ednez y al final de la primera parte con Popovic. Sobresaliente.<\/p>\n<p class=\"v-p\">No menos inspirado estuvo el portero Xoan Ledo que cerr\u00f3 la primera mitad con seis paradas y contribuy\u00f3 a que los de Velasco se fueran al descanso con tres goles de renta (17-14) aunque llegaron a tener cinco. Los visitantes aprovecharon la \u00fanica exclusi\u00f3n de la primera mitad, a Popovic, para limar la renta.<\/p>\n<p class=\"v-p\">Ya a los doce minutos Fernando Latorre tuvo que parar el partido para llamar al orden a los suyos porque ve\u00eda que el partido se le pon\u00eda cuesta arriba. Destac\u00f3 en el equipo alicantino la frescura de Torrico en el centro, con alg\u00fan gol de bella factura. <\/p>\n<p class=\"v-p\">Velasco aprovech\u00f3 la renta de la primera mitad (13-9) para dar los primeros minutos con el equipo a Pestic, que respondi\u00f3 anotando su primer tanto como franjivino.<\/p>\n<p class=\"v-p\">A pesar de la superioridad demostrada en la primera parte, todav\u00eda no hab\u00eda nada ganado. Velasco era consciente y no permiti\u00f3 que los suyos se relajasen.<\/p>\n<p class=\"v-p\">Las piernas de los franjivino en defensa se mov\u00edan r\u00e1pidas. Solidez en el centro y buenas salidas a los impares que impidieron la circulaci\u00f3n fluida de bal\u00f3n de los de Latorre. De nuevo Aitor Garc\u00eda con galones de jefe.<\/p>\n<p class=\"v-p\">Y con este panorama el partido se fue rompiendo sin que el E\u00f3n Alicante pudiera impedirlo. Torrico sigui\u00f3 siendo el mejor de los visitantes, bien secundado por Parker y Javi Rodr\u00edguez.<\/p>\n<p class=\"v-p\">En el ataque local destacaron los hermanos Mart\u00ednez. Por separado, desde el lateral derecho y el pivote, y juntos con una buena asistencia, los de Valladolid firmaron un buen encuentro.<\/p>\n<p class=\"v-p\">El Ciudad de Logro\u00f1o llev\u00f3 el electr\u00f3nico a una diferencia de siete goles (32-25) a falta de cinco minutos y se dej\u00f3 llevar mientras los visitantes maquillaban el marcador. A pesar del cambio de defensa de Latorre que intent\u00f3 presionar a la primera l\u00ednea local sin \u00e9xito.<\/p>\n<p class=\"v-p\">Ledo firm\u00f3 un gran partido y fue el protagonista de la acci\u00f3n m\u00e1s aplaudida del partido. El portero de Lal\u00edn detuvo un lanzamiento exterior de Parker y el rechace la cay\u00f3 a Montoya, solo en seis metros. Ledo sac\u00f3 una mano providencial para despejar el bal\u00f3n que fue a parar a manos de Torrico que lo intent\u00f3 desde lejos. De nuevo Ledo. Tres paradas consecutivas en la misma acci\u00f3n. Gritos de \u00abLedo selecci\u00f3n\u00bb y el Palacio de los Deportes de Logro\u00f1o puesto en pie aplaudiendo al gallego.<\/p>\n<p class=\"v-p\">Al final, c\u00f3moda victoria de los riojanos que trabajar\u00e1n una semana sin presi\u00f3n antes de ir a Valladolid el domingo 12 (17.00 horas).<\/p>\n<p>Velasco: \u00abEs la l\u00ednea que quiero que el equipo siga de intensidad y juego\u00bb<\/p>\n<p class=\"v-p\">\n\u00abHemos puesto la intensidad necesaria para ganar estos partidos\u00bb, reconoc\u00eda Velasco al t\u00e9rmino del encuentro. El t\u00e9cnico asegur\u00f3 que le hab\u00eda gustado su equipo en defensa y que en ataque se hab\u00edan \u00abadaptado a las dos defensas diferentes que ha propuesto E\u00f3n Alicante\u00bb. Para Velasco, lo mejor es que \u00abtodos han aportado\u00bb y el segoviano remarc\u00f3 que esta es la \u00abl\u00ednea que quiero que el equipo siga, de intensidad y de juego, aunque nos queda margen para mejorar\u00bb.<\/p>\n","protected":false},"excerpt":{"rendered":"El fin de semana va a ser pl\u00e1cido para el Dicorpebal Logro\u00f1o. No pudo terminar mejor el viernes.&hellip;\n","protected":false},"author":2,"featured_media":155720,"comment_status":"","ping_status":"","sticky":false,"template":"","format":"standard","meta":{"footnotes":""},"categories":[278],"tags":[376,13465,168,46472,25,24,375,46661,23,167],"class_list":{"0":"post-155719","1":"post","2":"type-post","3":"status-publish","4":"format-standard","5":"has-post-thumbnail","7":"category-balonmano","8":"tag-balonmano","9":"tag-deberes","10":"tag-deportes","11":"tag-dicorpebal","12":"tag-es","13":"tag-espana","14":"tag-handball","15":"tag-siestea","16":"tag-spain","17":"tag-sports"},"share_on_mastodon":{"url":"","error":""},"_links":{"self":[{"href":"https:\/\/www.europesays.com\/es\/wp-json\/wp\/v2\/posts\/155719","targetHints":{"allow":["GET"]}}],"collection":[{"href":"https:\/\/www.europesays.com\/es\/wp-json\/wp\/v2\/posts"}],"about":[{"href":"https:\/\/www.europesays.com\/es\/wp-json\/wp\/v2\/types\/post"}],"author":[{"embeddable":true,"href":"https:\/\/www.europesays.com\/es\/wp-json\/wp\/v2\/users\/2"}],"replies":[{"embeddable":true,"href":"https:\/\/www.europesays.com\/es\/wp-json\/wp\/v2\/comments?post=155719"}],"version-history":[{"count":0,"href":"https:\/\/www.europesays.com\/es\/wp-json\/wp\/v2\/posts\/155719\/revisions"}],"wp:featuredmedia":[{"embeddable":true,"href":"https:\/\/www.europesays.com\/es\/wp-json\/wp\/v2\/media\/155720"}],"wp:attachment":[{"href":"https:\/\/www.europesays.com\/es\/wp-json\/wp\/v2\/media?parent=155719"}],"wp:term":[{"taxonomy":"category","embeddable":true,"href":"https:\/\/www.europesays.com\/es\/wp-json\/wp\/v2\/categories?post=155719"},{"taxonomy":"post_tag","embeddable":true,"href":"https:\/\/www.europesays.com\/es\/wp-json\/wp\/v2\/tags?post=155719"}],"curies":[{"name":"wp","href":"https:\/\/api.w.org\/{rel}","templated":true}]}}