{"id":155722,"date":"2025-10-04T00:12:17","date_gmt":"2025-10-04T00:12:17","guid":{"rendered":"https:\/\/www.europesays.com\/es\/155722\/"},"modified":"2025-10-04T00:12:17","modified_gmt":"2025-10-04T00:12:17","slug":"3x3-ahorramas-deporte-salud-y-muchas-sonrisas-portada-noticias","status":"publish","type":"post","link":"https:\/\/www.europesays.com\/es\/155722\/","title":{"rendered":"3&#215;3 Ahorramas: deporte, salud&#8230; y muchas sonrisas &#8211; PORTADA &#8211; NOTICIAS"},"content":{"rendered":"<p>Por tercer s\u00e1bado consecutivo y gracias al apoyo de Ahorramas, ni\u00f1as y ni\u00f1os de 24 equipos de toda la Comunidad de Madrid pudieron disfrutar de la magia del baloncesto 3&#215;3, esta vez en la calle Calder\u00f3n de la Barca de Alcobendas. En la cancha, Majadahonda demostr\u00f3 su poder, llevando a dos de sus equipos a la final en la categor\u00eda Alev\u00edn Mixto.<\/p>\n<p style=\"text-align: center;\"><a href=\"https:\/\/www.flickr.com\/photos\/fbmadrid\/albums\/72177720329303897\" target=\"_blank\" rel=\"nofollow noopener\">Galer\u00eda de fotos<\/a><\/p>\n<p><strong>\u00d3SCAR RIBAS \/ DPTO DE COMUNICACI\u00d3N FBM<\/strong><\/p>\n<p>&#13;<br \/>\nTras el \u00e9xito de&#13;<br \/>\n                las dos primeras paradas del\u00a0torneo 3&#215;3 promovido por Ahorramas en colaboraci\u00f3n con la Federaci\u00f3n de Baloncesto de Madrid, la magia de esta disciplina&#13;<br \/>\n                lleg\u00f3 a Alcobendas donde m\u00e1s de 70 participantes, entre ni\u00f1as y ni\u00f1os de la&#13;<br \/>\n                categor\u00eda Alev\u00edn Mixto, disfrutaron de esta velada que promueve no solo el&#13;<br \/>\n                deporte sino tambi\u00e9n los h\u00e1bitos saludables.<\/p>\n<p>Divididos en 6&#13;<br \/>\n                grupos, los 24 equipos saltaron a las pistas con mucha alegr\u00eda y energ\u00eda desde&#13;<br \/>\n                las 10 de la ma\u00f1ana. La chispa, la alegr\u00eda y el talento se&#13;<br \/>\n                hicieron presentes para regalar al p\u00fablico partidos muy intensos,&#13;<br \/>\n                buenas jugadas y tambi\u00e9n momentos\u00a0divertidos que arrancaron sonrisas&#13;<br \/>\n                a las familias que respaldaban a cada equipo. A Ruthcelys, madre de Benjam\u00edn (jugador del M\u00f3stoles) la actividad le pareci\u00f3 <strong>\u00abmuy bien organizada y&#13;<br \/>\n                    genial para los chicos\u00bb<\/strong>, donde se promueven valores como <strong>\u00abla disciplina, la motivaci\u00f3n y el compa\u00f1erismo\u00bb<\/strong>. Tambi\u00e9n expres\u00f3 su satisfacci\u00f3n porque empresas como&#13;<br \/>\n                Ahorramas se involucren con el baloncesto base: <strong>\u00abMe parece muy positivo, porque&#13;<br \/>\n                    a los chicos les viene bien relacionar alimentaci\u00f3n sana y&#13;<br \/>\n                    deporte\u00bb.<\/strong><\/p>\n<p><strong><img decoding=\"async\" src=\"https:\/\/www.europesays.com\/es\/wp-content\/uploads\/2025\/10\/zoom-foto-61602.jpg\" style=\"width: 350px; display: block; margin-left: auto; margin-right: auto; height: 233px;\"\/><\/strong><\/p>\n<p>Por su parte, Victor, padre de Paula (Alcobendas), coment\u00f3 que <strong>\u00ablos ni\u00f1os se lo pasan bien y juegan en la calle\u00bb<\/strong>. A\u00f1adi\u00f3 que su hija estuvo&#13;<br \/>\n                <strong>\u00abcontenta. Ha sufrido un poco porque es de las peque\u00f1as y le ha tocado jugar con ni\u00f1os&#13;<br \/>\n                    m\u00e1s grandes pero se ha divertido\u00bb.<\/strong><\/p>\n<p>Majadahonda mostr\u00f3 su dominio en el 3&#215;3 llevando a tres equipos hasta las&#13;<br \/>\n                semifinales, y a dos de ellos (Blanco\u00a0y Azul) hasta la final en&#13;<br \/>\n                la que los blancos quedaron campeones.\u00a0Ya solo queda una&#13;<br \/>\n                fecha m\u00e1s del circuito 3&#215;3 Ahorramas, la del pr\u00f3ximo s\u00e1bado 4 de octubre en&#13;<br \/>\n                la calle\u00a0Eduardo&#13;<br \/>\n                Barreiros 120, en Villaverde. \u00bfTe animas?<\/p>\n<p><img decoding=\"async\" src=\"https:\/\/www.europesays.com\/es\/wp-content\/uploads\/2025\/10\/zoom-foto-61601.jpg\" style=\"width: 350px; display: block; margin-left: auto; margin-right: auto; height: 233px;\"\/><\/p>\n","protected":false},"excerpt":{"rendered":"Por tercer s\u00e1bado consecutivo y gracias al apoyo de Ahorramas, ni\u00f1as y ni\u00f1os de 24 equipos de toda&hellip;\n","protected":false},"author":2,"featured_media":155723,"comment_status":"","ping_status":"","sticky":false,"template":"","format":"standard","meta":{"footnotes":""},"categories":[269],"tags":[6352,42239,299,298,3008,634,168,25,24,2500,205,46662,10,338,166,46663,23,167,1511],"class_list":{"0":"post-155722","1":"post","2":"type-post","3":"status-publish","4":"format-standard","5":"has-post-thumbnail","7":"category-baloncesto","8":"tag-3x3","9":"tag-ahorramas","10":"tag-baloncesto","11":"tag-basketball","12":"tag-de","13":"tag-deporte","14":"tag-deportes","15":"tag-es","16":"tag-espana","17":"tag-federacion","18":"tag-madrid","19":"tag-muchas","20":"tag-noticias","21":"tag-portada","22":"tag-salud","23":"tag-sonrisas","24":"tag-spain","25":"tag-sports","26":"tag-y"},"share_on_mastodon":{"url":"","error":""},"_links":{"self":[{"href":"https:\/\/www.europesays.com\/es\/wp-json\/wp\/v2\/posts\/155722","targetHints":{"allow":["GET"]}}],"collection":[{"href":"https:\/\/www.europesays.com\/es\/wp-json\/wp\/v2\/posts"}],"about":[{"href":"https:\/\/www.europesays.com\/es\/wp-json\/wp\/v2\/types\/post"}],"author":[{"embeddable":true,"href":"https:\/\/www.europesays.com\/es\/wp-json\/wp\/v2\/users\/2"}],"replies":[{"embeddable":true,"href":"https:\/\/www.europesays.com\/es\/wp-json\/wp\/v2\/comments?post=155722"}],"version-history":[{"count":0,"href":"https:\/\/www.europesays.com\/es\/wp-json\/wp\/v2\/posts\/155722\/revisions"}],"wp:featuredmedia":[{"embeddable":true,"href":"https:\/\/www.europesays.com\/es\/wp-json\/wp\/v2\/media\/155723"}],"wp:attachment":[{"href":"https:\/\/www.europesays.com\/es\/wp-json\/wp\/v2\/media?parent=155722"}],"wp:term":[{"taxonomy":"category","embeddable":true,"href":"https:\/\/www.europesays.com\/es\/wp-json\/wp\/v2\/categories?post=155722"},{"taxonomy":"post_tag","embeddable":true,"href":"https:\/\/www.europesays.com\/es\/wp-json\/wp\/v2\/tags?post=155722"}],"curies":[{"name":"wp","href":"https:\/\/api.w.org\/{rel}","templated":true}]}}