{"id":155724,"date":"2025-10-04T00:13:19","date_gmt":"2025-10-04T00:13:19","guid":{"rendered":"https:\/\/www.europesays.com\/es\/155724\/"},"modified":"2025-10-04T00:13:19","modified_gmt":"2025-10-04T00:13:19","slug":"diego-ocampo-explica-los-motivos-del-final-de-su-etapa-como-seleccionador-de-la-republica-checa","status":"publish","type":"post","link":"https:\/\/www.europesays.com\/es\/155724\/","title":{"rendered":"Diego Ocampo explica los motivos del final de su etapa como seleccionador de la Rep\u00fablica Checa"},"content":{"rendered":"<p>Diego Ocampo no seguir\u00e1 al frente de la Rep\u00fablica Checa. El t\u00e9cnico espa\u00f1ol y la federaci\u00f3n separan sus caminos tras dos a\u00f1os de una relaci\u00f3n que comenz\u00f3 al reemplazar al israel\u00ed Ronen Ginzburg.<\/p>\n<p>Poco despu\u00e9s del anuncio oficial, el t\u00e9cnico de Baxi Manresa ha querido desarrollar en el micr\u00f3fono del <a href=\"https:\/\/x.com\/elGanxoTV\/status\/1973267351056285784\" rel=\"nofollow\">Ganxo TV<\/a> c\u00f3mo ha sido el proceso y por qu\u00e9 ha tomado esta decisi\u00f3n.<\/p>\n<p>La explicaci\u00f3n de Diego Ocampo<\/p>\n<p>\u00abEl contrato era de cuatro temporadas y ambas partes ten\u00edamos una cl\u00e1usula de salida despu\u00e9s del EuroBasket. Despu\u00e9s de reflexionarlo mucho, creo que era un momento de dar un paso al lado. La selecci\u00f3n necesita un entrenador presente ah\u00ed, hay que construir mucho. Hay un cambio generacional, que ya lo ha habido, pero que va a ser todav\u00eda m\u00e1s importante.<\/p>\n<p>Adem\u00e1s, el n\u00famero de partidos ha aumentado con la participaci\u00f3n en la EuroCup. Y hay muchas Ventanas. El c\u00famulo de partidos era excesivo para m\u00ed. Es una decisi\u00f3n unilateral pero con total acuerdo con la Federaci\u00f3n\u00bb<\/p>\n<p>Por el lado contrario, Zden\u011bk B\u0159\u00edza, primer vicepresidente de la federaci\u00f3n, tambi\u00e9n ha querido dedicarle unas palabras al entrenador espa\u00f1ol: \u00abEn nombre de la Federaci\u00f3n Checa de Baloncesto, quiero agradecer a Ocampo su profesionalidad y su arduo trabajo. Ha iniciado con \u00e9xito la dif\u00edcil tarea de renovaci\u00f3n generacional de la selecci\u00f3n nacional, y el baloncesto checo seguir\u00e1 construyendo sobre estas bases en el futuro\u00bb.<\/p>\n<p>\u00a0<\/p>\n<p><img decoding=\"async\" src=\"https:\/\/www.europesays.com\/es\/wp-content\/uploads\/2025\/10\/1759536796_877_mtracking.gif\" alt=\"Etiquetas de Mautic\" style=\"display:none;\"\/><\/p>\n<p><a href=\"https:\/\/www.gigantes.com\/tienda\/hemeroteca\/guia-de-la-liga-endesa-2025-26-no-1-560-septiembre-2025\/\" rel=\"nofollow noopener\" target=\"_blank\"><img loading=\"lazy\" decoding=\"async\" class=\"alignnone size-large wp-image-756436\" src=\"https:\/\/www.europesays.com\/es\/wp-content\/uploads\/2025\/09\/1759141930_498_WhatsApp-Image-2025-09-01-at-17.56.05-1024x1024.jpeg.webp.webp\" alt=\"\" width=\"680\" height=\"680\"  \/><\/a><\/p>\n<p>\u00a0<\/p>\n<p>\t\t\t\t\t<img loading=\"lazy\" decoding=\"async\" src=\"https:\/\/www.europesays.com\/es\/wp-content\/uploads\/2025\/09\/1759141930_387_mano.png\" width=\"60\" height=\"60\" alt=\"Deliza hacia abajo\"\/>Sigue deslizando hacia abajo para ver m\u00e1s contenidos<\/p>\n","protected":false},"excerpt":{"rendered":"Diego Ocampo no seguir\u00e1 al frente de la Rep\u00fablica Checa. El t\u00e9cnico espa\u00f1ol y la federaci\u00f3n separan sus&hellip;\n","protected":false},"author":2,"featured_media":155725,"comment_status":"","ping_status":"","sticky":false,"template":"","format":"standard","meta":{"footnotes":""},"categories":[268],"tags":[168,13668,25,24,280,282,281,23,167],"class_list":{"0":"post-155724","1":"post","2":"type-post","3":"status-publish","4":"format-standard","5":"has-post-thumbnail","7":"category-futbol","8":"tag-deportes","9":"tag-diego-ocampo","10":"tag-es","11":"tag-espana","12":"tag-football","13":"tag-futbol","14":"tag-soccer","15":"tag-spain","16":"tag-sports"},"share_on_mastodon":{"url":"","error":""},"_links":{"self":[{"href":"https:\/\/www.europesays.com\/es\/wp-json\/wp\/v2\/posts\/155724","targetHints":{"allow":["GET"]}}],"collection":[{"href":"https:\/\/www.europesays.com\/es\/wp-json\/wp\/v2\/posts"}],"about":[{"href":"https:\/\/www.europesays.com\/es\/wp-json\/wp\/v2\/types\/post"}],"author":[{"embeddable":true,"href":"https:\/\/www.europesays.com\/es\/wp-json\/wp\/v2\/users\/2"}],"replies":[{"embeddable":true,"href":"https:\/\/www.europesays.com\/es\/wp-json\/wp\/v2\/comments?post=155724"}],"version-history":[{"count":0,"href":"https:\/\/www.europesays.com\/es\/wp-json\/wp\/v2\/posts\/155724\/revisions"}],"wp:featuredmedia":[{"embeddable":true,"href":"https:\/\/www.europesays.com\/es\/wp-json\/wp\/v2\/media\/155725"}],"wp:attachment":[{"href":"https:\/\/www.europesays.com\/es\/wp-json\/wp\/v2\/media?parent=155724"}],"wp:term":[{"taxonomy":"category","embeddable":true,"href":"https:\/\/www.europesays.com\/es\/wp-json\/wp\/v2\/categories?post=155724"},{"taxonomy":"post_tag","embeddable":true,"href":"https:\/\/www.europesays.com\/es\/wp-json\/wp\/v2\/tags?post=155724"}],"curies":[{"name":"wp","href":"https:\/\/api.w.org\/{rel}","templated":true}]}}