{"id":155734,"date":"2025-10-04T00:22:10","date_gmt":"2025-10-04T00:22:10","guid":{"rendered":"https:\/\/www.europesays.com\/es\/155734\/"},"modified":"2025-10-04T00:22:10","modified_gmt":"2025-10-04T00:22:10","slug":"el-percance-de-marta-penate-en-supervivientes-all-stars-antes-de-pedirle-matrimonio-a-tony-spina","status":"publish","type":"post","link":"https:\/\/www.europesays.com\/es\/155734\/","title":{"rendered":"El percance de Marta Pe\u00f1ate en Supervivientes All Stars antes de pedirle matrimonio a Tony Spina"},"content":{"rendered":"<p data-journey-content=\"true\" data-node-id=\"3\" class=\"css-6wxqfj emevuu60\">Los nervios nos pueden jugar malas pasadas. Y as\u00ed parece haberle pasado a Marta Pe\u00f1ate en su <a href=\"https:\/\/www.diezminutos.es\/teleprograma\/programas-tv\/a68412632\/reencuentro-marta-penate-y-tony-spina-boda-supervivientes-all-stars\/\" target=\"_blank\" data-vars-ga-outbound-link=\"https:\/\/www.diezminutos.es\/teleprograma\/programas-tv\/a68412632\/reencuentro-marta-penate-y-tony-spina-boda-supervivientes-all-stars\/\" data-vars-ga-ux-element=\"Hyperlink\" data-vars-ga-call-to-action=\"visita a Honduras para ver a su novio, Tony Spina,\" data-node-id=\"3.1\" class=\"body-link css-177bzfx emevuu60\" rel=\"nofollow noopener\">visita a Honduras para ver a su novio, Tony Spina,<\/a> que est\u00e1 en <a href=\"https:\/\/diezminutos.es\/supervivientes-television\" target=\"_blank\" data-node-id=\"3.3\" class=\"css-177bzfx emevuu60\" rel=\"nofollow noopener\">Supervivientes All Stars<\/a>. La situaci\u00f3n era compleja, todos habr\u00edamos estado nerviosos en su lugar. Despu\u00e9s de un mes sin ver a su pareja, se subi\u00f3 a un helic\u00f3ptero que la llevar\u00eda a algunos metros de la orilla donde se encontraba su chico. <strong data-node-id=\"3.5\">Vi\u00e9ndole ya desde la aeronave, saltar\u00eda al mar para nadar hacia \u00e9l.<\/strong> Todo eran nervios, viento y un torbellino de emociones, que provoc\u00f3 que tuvieran un incidente en el propio helic\u00f3ptero del que se dio cuenta <a href=\"https:\/\/diezminutos.es\/jorge-javier-vazquez\" target=\"_blank\" data-node-id=\"3.7\" class=\"css-177bzfx emevuu60\" rel=\"nofollow noopener\">Jorge Javier V\u00e1zquez<\/a>.<\/p>\n<p data-journey-content=\"true\" data-node-id=\"6\" class=\"css-6wxqfj emevuu60\">Cuando todos los espectadores est\u00e1bamos esperando ver a una <strong data-node-id=\"6.1\">Marta Pe\u00f1ate dispuesta a tirarse del helic\u00f3ptero,<\/strong> vimos una escena que hac\u00eda mucho que no ve\u00edamos. Y es que, <a href=\"https:\/\/www.diezminutos.es\/teleprograma\/programas-tv\/a61719936\/supervivientes-all-stars-ganadora-marta-penate\/\" target=\"_blank\" data-vars-ga-outbound-link=\"https:\/\/www.diezminutos.es\/teleprograma\/programas-tv\/a61719936\/supervivientes-all-stars-ganadora-marta-penate\/\" data-vars-ga-ux-element=\"Hyperlink\" data-vars-ga-call-to-action=\"la ganadora de Supervivientes All Stars \" data-node-id=\"6.3\" class=\"body-link css-177bzfx emevuu60\" rel=\"nofollow noopener\">la ganadora de Supervivientes All Stars <\/a>se hab\u00eda olvidado del viento que iba a soplar en el interior del helic\u00f3ptero, y tuvo un incidente con su pelo. <\/p>\n<p><img draggable=\"true\" alt=\"marta penate supervivientes all stars\" title=\"marta pe\u00f1ate supervivientes all stars\" loading=\"lazy\" width=\"2579\" height=\"1450\" decoding=\"async\" data-nimg=\"1\" style=\"color:transparent;width:100%;height:auto;\"   src=\"https:\/\/www.europesays.com\/es\/wp-content\/uploads\/2025\/10\/martapenate-tonyspina-supervivientesallstars-68e00d6e41010.jpg\" class=\"css-0 e1g79fud0\"\/><\/p>\n<p>Telecinco<\/p>\n<p data-journey-content=\"true\" data-node-id=\"9\" class=\"css-6wxqfj emevuu60\">Marta Pe\u00f1ate iba con el pelo suelto, recogido solo con una diadema, y su larga melena se enrollaba en los auriculares que tienen que llevar para comunicarse con el piloto y con Espa\u00f1a. Aunque ella ni siquiera sab\u00eda que estaba en directo<strong data-node-id=\"9.1\">, la escena fue todo un soplo para el espectador. <\/strong>Jorge Javier se quedaba hipnotizado mirando c\u00f3mo Marta estaba luchando contra su propio mech\u00f3n.  <\/p>\n<p>Las divertidas muecas de Marta Pe\u00f1ate<\/p>\n<p data-journey-content=\"true\" data-node-id=\"14\" class=\"css-6wxqfj emevuu60\">Con todo tipo de gestos y muecas, <strong data-node-id=\"14.1\">Marta intentaba liberarse hasta que por fin lo consegu\u00eda,<\/strong> justo en el momento en el que Jorge Javier le daba las buenas noches, dejando el incidente a un lado, sin hacerle menci\u00f3n, lo que hac\u00eda que Marta no supiera que hab\u00edamos visto toda su lucha.<\/p>\n<p><img draggable=\"true\" alt=\"marta penate supervivientes all stars\" title=\"marta pe\u00f1ate supervivientes all stars\" loading=\"lazy\" width=\"2578\" height=\"1451\" decoding=\"async\" data-nimg=\"1\" style=\"color:transparent;width:100%;height:auto;\"   src=\"https:\/\/www.europesays.com\/es\/wp-content\/uploads\/2025\/10\/tonyspina-martapenate-supervivientesallstars-68e00edf534da.jpg\" class=\"css-0 e1g79fud0\"\/><\/p>\n<p>Telecinco<\/p>\n<p data-journey-content=\"true\" data-node-id=\"17\" class=\"css-6wxqfj emevuu60\">Todo esto mientras Tony Spina estaba en la orilla, rezando para que, quien fuera que estuviera en el helic\u00f3ptero fuera un familiar. <strong data-node-id=\"17.1\">\u00abDar\u00eda mis recompensas de aqu\u00ed a que acabe el concurso por ver a alguien de mi familia\u00bb,<\/strong> dec\u00eda el modelo, que ve\u00eda su petici\u00f3n convertida en realidad sin necesitar ceder ninguna recompensa. <\/p>\n<p>El reencuentro m\u00e1s emotivo<\/p>\n<p data-journey-content=\"true\" data-node-id=\"20\" class=\"css-6wxqfj emevuu60\"> La pareja nos cedi\u00f3 uno de los reencuentros m\u00e1s emotivos que se han vivido en Honduras. <a href=\"https:\/\/www.diezminutos.es\/teleprograma\/programas-tv\/a43548126\/isa-pantoja-asraf-derrochan-amor-supervivientes\/\" target=\"_blank\" data-vars-ga-outbound-link=\"https:\/\/www.diezminutos.es\/teleprograma\/programas-tv\/a43548126\/isa-pantoja-asraf-derrochan-amor-supervivientes\/\" data-vars-ga-ux-element=\"Hyperlink\" data-vars-ga-call-to-action=\"A la altura de Asraf e Isa Pantoja\" data-node-id=\"20.1\" class=\"body-link css-177bzfx emevuu60\" rel=\"nofollow noopener\">A la altura de Asraf e Isa Pantoja<\/a> o <strong data-node-id=\"20.3\">del m\u00edtico abrazo entre Rosa Benito y su ahora ex marido, Amador Mohedano.<\/strong> Solo que en esta ocasi\u00f3n ha tenido un final muy feliz: <a href=\"https:\/\/www.diezminutos.es\/teleprograma\/programas-tv\/a68371749\/asi-fue-la-gala-5-supervivientes-all-stars-2025\/\" target=\"_blank\" data-vars-ga-outbound-link=\"https:\/\/www.diezminutos.es\/teleprograma\/programas-tv\/a68371749\/asi-fue-la-gala-5-supervivientes-all-stars-2025\/\" data-vars-ga-ux-element=\"Hyperlink\" data-vars-ga-call-to-action=\"Marta Pe\u00f1ate le ped\u00eda matrimonio a Tony Spina\" data-node-id=\"20.5\" class=\"body-link css-177bzfx emevuu60\" rel=\"nofollow noopener\">Marta Pe\u00f1ate le ped\u00eda matrimonio a Tony Spina<\/a> para celebrar una boda en Honduras, eso s\u00ed, completamente oficial y que podr\u00e1n validar en Espa\u00f1a. <\/p>\n<p data-journey-content=\"true\" data-node-id=\"22\" class=\"css-6wxqfj emevuu60\"><strong data-node-id=\"22.0\">\u00abMi madre est\u00e1 muy enfadada\u00bb, confesaba Marta<\/strong>. Y es que, aunque para ella es algo muy c\u00f3modo y, por eso ella misma lo pidi\u00f3, a su madre no le gusta nada la idea de no poder acudir en persona a la boda de su hija. <\/p>\n<p><img src=\"https:\/\/www.europesays.com\/es\/wp-content\/uploads\/2025\/10\/323095e3-d675-4360-ad79-c3a735f161a1_1681830139.file\" alt=\"Headshot of Aroa D\u00edaz\" title=\"Headshot of Aroa D\u00edaz\" width=\"100%\" height=\"100%\" decoding=\"async\" loading=\"lazy\" class=\"css-o0wq4v ev8dhu53\"\/><\/p>\n<p>Aroa D\u00edaz es experta en realities, televisi\u00f3n y actualidad en general. No hay momento del d\u00eda en el que no tenga encendida la televisi\u00f3n conociendo los \u00faltimos desvelos de los famosos, disfrutando de los realities como Supervivientes o de los concursos m\u00e1s rocambolescos. Las \u00faltimas novedades de los famosos del coraz\u00f3n son su perdici\u00f3n y la actualidad de las Casas Reales, su gran pasi\u00f3n. \u00a0\u00a0<\/p>\n<p>En sus ratos libres disfruta de las pel\u00edculas y series de moda, y bucea por los cat\u00e1logos de las plataformas de podcast buscando nuevas entrevistas y charlas de famosos.<\/p>\n<p>Adem\u00e1s, no ha parado de formarse en todos los aspectos convirti\u00e9ndose en una periodista 360: locuci\u00f3n, doblaje, grabaci\u00f3n de v\u00eddeo, periodismo m\u00f3vil, producci\u00f3n de podcast y SEO. Actualmente est\u00e1 form\u00e1ndose en el M\u00e1ster universitario de Periodismo y Comunicaci\u00f3n Digital: Datos y Nuevas Narrativas de la UOC.<\/p>\n<p>Graduada en periodismo por la Universidad Rey Juan Carlos, no ha parado de trabajar desde que obtuvo su t\u00edtulo all\u00e1 por el 2013. Despu\u00e9s de un breve impass en Palma de Mallorca, volvi\u00f3 a Legan\u00e9s donde arranc\u00f3 su experiencia con Legan\u00e9s Activo. En este tiempo he pasado por las redacciones de varios medios recayendo finalmente en Hearst Espa\u00f1a (Telenovela, Qu\u00e9 me dices y Diez Minutos). Tambi\u00e9n tiene experiencia en diferentes radios. \u00a0<\/p>\n","protected":false},"excerpt":{"rendered":"Los nervios nos pueden jugar malas pasadas. Y as\u00ed parece haberle pasado a Marta Pe\u00f1ate en su visita&hellip;\n","protected":false},"author":2,"featured_media":155735,"comment_status":"","ping_status":"","sticky":false,"template":"","format":"standard","meta":{"footnotes":""},"categories":[91],"tags":[253,146,147,25,24,23],"class_list":{"0":"post-155734","1":"post","2":"type-post","3":"status-publish","4":"format-standard","5":"has-post-thumbnail","7":"category-entretenimiento","8":"tag-discover","9":"tag-entertainment","10":"tag-entretenimiento","11":"tag-es","12":"tag-espana","13":"tag-spain"},"share_on_mastodon":{"url":"","error":""},"_links":{"self":[{"href":"https:\/\/www.europesays.com\/es\/wp-json\/wp\/v2\/posts\/155734","targetHints":{"allow":["GET"]}}],"collection":[{"href":"https:\/\/www.europesays.com\/es\/wp-json\/wp\/v2\/posts"}],"about":[{"href":"https:\/\/www.europesays.com\/es\/wp-json\/wp\/v2\/types\/post"}],"author":[{"embeddable":true,"href":"https:\/\/www.europesays.com\/es\/wp-json\/wp\/v2\/users\/2"}],"replies":[{"embeddable":true,"href":"https:\/\/www.europesays.com\/es\/wp-json\/wp\/v2\/comments?post=155734"}],"version-history":[{"count":0,"href":"https:\/\/www.europesays.com\/es\/wp-json\/wp\/v2\/posts\/155734\/revisions"}],"wp:featuredmedia":[{"embeddable":true,"href":"https:\/\/www.europesays.com\/es\/wp-json\/wp\/v2\/media\/155735"}],"wp:attachment":[{"href":"https:\/\/www.europesays.com\/es\/wp-json\/wp\/v2\/media?parent=155734"}],"wp:term":[{"taxonomy":"category","embeddable":true,"href":"https:\/\/www.europesays.com\/es\/wp-json\/wp\/v2\/categories?post=155734"},{"taxonomy":"post_tag","embeddable":true,"href":"https:\/\/www.europesays.com\/es\/wp-json\/wp\/v2\/tags?post=155734"}],"curies":[{"name":"wp","href":"https:\/\/api.w.org\/{rel}","templated":true}]}}