{"id":155738,"date":"2025-10-04T00:25:08","date_gmt":"2025-10-04T00:25:08","guid":{"rendered":"https:\/\/www.europesays.com\/es\/155738\/"},"modified":"2025-10-04T00:25:08","modified_gmt":"2025-10-04T00:25:08","slug":"muere-el-fotoperiodista-frances-antoni-lallican-en-un-ataque-con-un-dron-ruso-en-ucrania","status":"publish","type":"post","link":"https:\/\/www.europesays.com\/es\/155738\/","title":{"rendered":"Muere el fotoperiodista franc\u00e9s Antoni Lallican en un ataque con un dron ruso en Ucrania"},"content":{"rendered":"<p class=\"c-paragraph\">Las Federaciones Internacional y Europea de Periodistas han informado este viernes 3 de octubre de la muerte de un fotoperiodista franc\u00e9s, Antoni Lallican, en un bombardeo con un dron en el este de Ucrania, convirti\u00e9ndose as\u00ed en <b>el primer periodista que fallece en un ataque<\/b> perpetrado por una aeronave no tripulada en el marco de la invasi\u00f3n rusa.<\/p>\n<p class=\"c-paragraph\">El ataque<b> <\/b>ha tenido lugar <b>sobre las 9:20 horas<\/b> (hora local), cuando Lallican \u2014que trabajaba para la agencia de fotoperiodismo Hans Lucas\u2014 se encontraba junto al <b>periodista ucraniano Heorgiy Ivanchenko<\/b>, que ha resultado herido. Ambos llevaban equipo de protecci\u00f3n y chalecos antibalas con la inscripci\u00f3n &#8216;Prensa&#8217;.<\/p>\n<p class=\"c-paragraph\">El presidente de Francia, <b><a href=\"https:\/\/www.20minutos.es\/internacional\/macron-admite-zelenski-falta-compromiso-eeuu-concretar-garantias-seguridad-ucrania_6241870_0.html\" rel=\"nofollow noopener\" target=\"_blank\">Emmanuel Macron<\/a>, <\/b>se ha mostrado <b>\u00abprofundamente triste\u00bb <\/b>por la muerte de Lallican, \u00abv\u00edctima de un ataque con drones rusos\u00bb cuando \u00abacompa\u00f1aba\u00bb al Ej\u00e9rcito ucraniano en el \u00abfrente de resistencia\u00bb, y ha trasladado <b>sus condolencias a sus seres queridos<\/b> y a \u00abtodos sus compa\u00f1eros que, arriesgando sus vidas, informan y dan testimonio de la realidad de la guerra\u00bb.<\/p>\n<p class=\"c-paragraph\"><b>Lallican,<\/b> que resid\u00eda en Par\u00eds, ha publicado su trabajo en numerosos medios tanto franceses, como Le Monde, Le Figaro, Lib\u00e9ration, como de otros pa\u00edses, como el alem\u00e1n Der Spiegel\u00a0o el suizo\u00a0Le Temps. Desde 2022, ha documentado las secuelas de la invasi\u00f3n rusa y <b>gan\u00f3 el premio Victor Hugo 2024 de fotograf\u00eda <\/b>comprometida con un reportaje sobre este conflicto.<\/p>\n<p class=\"c-paragraph\">Las mencionadas federaciones \u2014a las que se ha sumado posteriormente el Sindicato de Periodistas de Francia\u2014 han expresado sus condolencias a los seres queridos del fallecido y <b>han condenado \u00abeste crimen de guerra\u00bb,<\/b> mientras que han solicitado a las autoridades que abran una investigaci\u00f3n para identificar a los responsables.<\/p>\n<p class=\"c-paragraph\">\u00abReconocemos la valent\u00eda de Antoni Lallican y de todos los periodistas que siguen cubriendo la guerra. Exigimos que los autores de este crimen sean llevados ante la justicia\u00bb, han manifestado. Tambi\u00e9n han recordado que <b><a href=\"https:\/\/www.20minutos.es\/noticia\/5007852\/0\/ocho-periodistas-asesinado-en-tres-meses-de-guerra-en-ucrania\/\" rel=\"nofollow noopener\" target=\"_blank\">17 periodistas <\/a>han muerto en Ucrania desde el comienzo de la invasi\u00f3n en febrero de 2022.<\/b><\/p>\n","protected":false},"excerpt":{"rendered":"Las Federaciones Internacional y Europea de Periodistas han informado este viernes 3 de octubre de la muerte de&hellip;\n","protected":false},"author":2,"featured_media":155739,"comment_status":"","ping_status":"","sticky":false,"template":"","format":"standard","meta":{"footnotes":""},"categories":[42],"tags":[16437,17,18,13,14,6642,11,61,62,63,64,46667,19,20,8938,9,10,15,16,12,21,22,16743,65,66,67],"class_list":{"0":"post-155738","1":"post","2":"type-post","3":"status-publish","4":"format-standard","5":"has-post-thumbnail","7":"category-internacional","8":"tag-antoni","9":"tag-breaking-news","10":"tag-breakingnews","11":"tag-featured-news","12":"tag-featurednews","13":"tag-fotoperiodista","14":"tag-headlines","15":"tag-internacional","16":"tag-international","17":"tag-international-news","18":"tag-internationalnews","19":"tag-lallican","20":"tag-latest-news","21":"tag-latestnews","22":"tag-muere","23":"tag-news","24":"tag-noticias","25":"tag-noticias-destacadas","26":"tag-noticiasdestacadas","27":"tag-titulares","28":"tag-ultimas-noticias","29":"tag-ultimasnoticias","30":"tag-un","31":"tag-world","32":"tag-world-news","33":"tag-worldnews"},"share_on_mastodon":{"url":"","error":""},"_links":{"self":[{"href":"https:\/\/www.europesays.com\/es\/wp-json\/wp\/v2\/posts\/155738","targetHints":{"allow":["GET"]}}],"collection":[{"href":"https:\/\/www.europesays.com\/es\/wp-json\/wp\/v2\/posts"}],"about":[{"href":"https:\/\/www.europesays.com\/es\/wp-json\/wp\/v2\/types\/post"}],"author":[{"embeddable":true,"href":"https:\/\/www.europesays.com\/es\/wp-json\/wp\/v2\/users\/2"}],"replies":[{"embeddable":true,"href":"https:\/\/www.europesays.com\/es\/wp-json\/wp\/v2\/comments?post=155738"}],"version-history":[{"count":0,"href":"https:\/\/www.europesays.com\/es\/wp-json\/wp\/v2\/posts\/155738\/revisions"}],"wp:featuredmedia":[{"embeddable":true,"href":"https:\/\/www.europesays.com\/es\/wp-json\/wp\/v2\/media\/155739"}],"wp:attachment":[{"href":"https:\/\/www.europesays.com\/es\/wp-json\/wp\/v2\/media?parent=155738"}],"wp:term":[{"taxonomy":"category","embeddable":true,"href":"https:\/\/www.europesays.com\/es\/wp-json\/wp\/v2\/categories?post=155738"},{"taxonomy":"post_tag","embeddable":true,"href":"https:\/\/www.europesays.com\/es\/wp-json\/wp\/v2\/tags?post=155738"}],"curies":[{"name":"wp","href":"https:\/\/api.w.org\/{rel}","templated":true}]}}