{"id":155740,"date":"2025-10-04T00:26:09","date_gmt":"2025-10-04T00:26:09","guid":{"rendered":"https:\/\/www.europesays.com\/es\/155740\/"},"modified":"2025-10-04T00:26:09","modified_gmt":"2025-10-04T00:26:09","slug":"dispara-a-un-hombre-que-estaba-en-un-bar-y-huye-en-un-coche","status":"publish","type":"post","link":"https:\/\/www.europesays.com\/es\/155740\/","title":{"rendered":"dispara a un hombre que estaba en un bar y huye en un coche"},"content":{"rendered":"<p class=\"paragraph\" id=\"paragraph_1\">Nuevo episodio con arma de fuego en la Costa del Sol. Un hombre de 25 a\u00f1os de edad ha muerto tras recibir varios <strong>disparos de bala cuando se encontraba en la terraza de un bar en Marbella<\/strong>.<\/p>\n<p class=\"paragraph\" id=\"paragraph_2\">De acuerdo con las fuentes consultadas, el presunto agresor, de 38 a\u00f1os, habr\u00eda <strong>huido en un veh\u00edculo<\/strong> tras realizar el disparo. No obstante, otras fuentes confirman que ha sido detenido.<\/p>\n<p class=\"paragraph\" id=\"paragraph_3\">A la espera de conocer nuevos detalles, todo apunta a un posible <strong>ajuste de cuentas<\/strong>. La v\u00edctima fue trasladada al Hospital Costa del Sol de Marbella, donde ha fallecido.<\/p>\n<p class=\"paragraph\" id=\"paragraph_4\">Desde el servicio emergencias 112 Andaluc\u00eda han informado a EL ESPA\u00d1OL de M\u00e1laga de que alrededor de las 14:35 horas de este viernes se ha recibido una llamada alertando de que se hab\u00eda producido \u00abun disparo a una persona\u00bb en la <strong>avenida Jos\u00e9 Ban\u00fas<\/strong>.<\/p>\n<p class=\"paragraph\" id=\"paragraph_5\">Ante la gravedad de los hechos se dio parte a los <strong>servicios sanitarios, a la Polic\u00eda Local y a la Polic\u00eda Nacional.<\/strong>\u00a0<\/p>\n","protected":false},"excerpt":{"rendered":"Nuevo episodio con arma de fuego en la Costa del Sol. Un hombre de 25 a\u00f1os de edad&hellip;\n","protected":false},"author":2,"featured_media":155741,"comment_status":"","ping_status":"","sticky":false,"template":"","format":"standard","meta":{"footnotes":""},"categories":[8],"tags":[17,18,25,24,13,14,11,19,20,2492,9,10,15,16,11739,23,12,21,22],"class_list":{"0":"post-155740","1":"post","2":"type-post","3":"status-publish","4":"format-standard","5":"has-post-thumbnail","7":"category-espana","8":"tag-breaking-news","9":"tag-breakingnews","10":"tag-es","11":"tag-espana","12":"tag-featured-news","13":"tag-featurednews","14":"tag-headlines","15":"tag-latest-news","16":"tag-latestnews","17":"tag-marbella","18":"tag-news","19":"tag-noticias","20":"tag-noticias-destacadas","21":"tag-noticiasdestacadas","22":"tag-policia-nacional","23":"tag-spain","24":"tag-titulares","25":"tag-ultimas-noticias","26":"tag-ultimasnoticias"},"share_on_mastodon":{"url":"","error":""},"_links":{"self":[{"href":"https:\/\/www.europesays.com\/es\/wp-json\/wp\/v2\/posts\/155740","targetHints":{"allow":["GET"]}}],"collection":[{"href":"https:\/\/www.europesays.com\/es\/wp-json\/wp\/v2\/posts"}],"about":[{"href":"https:\/\/www.europesays.com\/es\/wp-json\/wp\/v2\/types\/post"}],"author":[{"embeddable":true,"href":"https:\/\/www.europesays.com\/es\/wp-json\/wp\/v2\/users\/2"}],"replies":[{"embeddable":true,"href":"https:\/\/www.europesays.com\/es\/wp-json\/wp\/v2\/comments?post=155740"}],"version-history":[{"count":0,"href":"https:\/\/www.europesays.com\/es\/wp-json\/wp\/v2\/posts\/155740\/revisions"}],"wp:featuredmedia":[{"embeddable":true,"href":"https:\/\/www.europesays.com\/es\/wp-json\/wp\/v2\/media\/155741"}],"wp:attachment":[{"href":"https:\/\/www.europesays.com\/es\/wp-json\/wp\/v2\/media?parent=155740"}],"wp:term":[{"taxonomy":"category","embeddable":true,"href":"https:\/\/www.europesays.com\/es\/wp-json\/wp\/v2\/categories?post=155740"},{"taxonomy":"post_tag","embeddable":true,"href":"https:\/\/www.europesays.com\/es\/wp-json\/wp\/v2\/tags?post=155740"}],"curies":[{"name":"wp","href":"https:\/\/api.w.org\/{rel}","templated":true}]}}