{"id":155746,"date":"2025-10-04T00:34:18","date_gmt":"2025-10-04T00:34:18","guid":{"rendered":"https:\/\/www.europesays.com\/es\/155746\/"},"modified":"2025-10-04T00:34:18","modified_gmt":"2025-10-04T00:34:18","slug":"alonso-quiere-su-podio-mclaren-tiembla","status":"publish","type":"post","link":"https:\/\/www.europesays.com\/es\/155746\/","title":{"rendered":"Alonso quiere su podio; McLaren tiembla"},"content":{"rendered":"<p data-mrf-recirculation=\"Links P\u00e1rrafos\" class=\"ue-c-article__paragraph paragraph\"><strong>Fernando Alonso quiere su podio de este a\u00f1o<\/strong> y lo quiere este fin de semana. Lo dec\u00eda el jueves. \u00abNecesito <strong>un circuito en el que seamos competitivos<\/strong> y luego que nos ayuden las circunstancias en la carrera\u00bb. De momento, la primera parte parece que se cumple, pues ha sido<strong> cuarto a s\u00f3lo una d\u00e9cima de Oscar Piastri, en los Libres 2<\/strong> de <strong>Singapur <\/strong>y est\u00e1 en los tiempos de Hadjar y Verstappen, segundo y tercero, respectivamente.<\/p>\n<p data-mrf-recirculation=\"Links P\u00e1rrafos\" class=\"ue-c-article__paragraph paragraph\">Una <strong>bandera roja,<\/strong> originada por <strong>Liam Lawson, <\/strong>priv\u00f3 al asturiano de su <strong>mejor vuelta<\/strong> en el primer intento con los neum\u00e1ticos blandos.<strong> Llegaba en parciales para primero<\/strong> y luego pudo mejorar, pero los cauchos ya no estaban en su rendimiento \u00f3ptimo. <strong>Puede luchar por el &#8216;top-5&#8217; en la calificaci\u00f3n <\/strong>y luego esperar<strong> circunstancias favorables en carrera,<\/strong> como les sucedi\u00f3 a <strong>Hulkenberg (Silverstone)\u00a0<\/strong>o al propio <strong>Hadjar (Holanda)<\/strong>, cuando lograron los suyos. \u00abSin eso es casi imposible\u00bb, asume. No siempre le va a salir todo mal los domingos y quiz\u00e1 le espera su d\u00eda en un circuito que domina desde siempre.<\/p>\n<p data-mrf-recirculation=\"Links P\u00e1rrafos\" class=\"ue-c-article__paragraph paragraph\"><strong>Lance Stroll termin\u00f3 sexto<\/strong>, a tres d\u00e9cimas y media del asturiano, lo que corrobora el buen rendimiento del AMR25, si no han descargado gasolina como sucedi\u00f3 en Monza, pero no parece el caso.<\/p>\n<p data-mrf-recirculation=\"Links P\u00e1rrafos\" class=\"ue-c-article__paragraph paragraph\">Oscar <strong>Piastri <\/strong>salv\u00f3 la cara a McLaren en un \u00faltimo sector perfecto, pero como<strong> Norris (5\u00ba),<\/strong> no parece nada c\u00f3modo con el MCL39, que ya no es el coche de antes del verano, desde luego. Pero Lando estuvo un tanto perdido y con problemas para completar una vuelta limpia. La presi\u00f3n juega a estas alturas del campeonato y <strong>Max Verstappen esta preparado para luchar por el campeonato si se despistan <\/strong>o les tiemblan las piernas.<\/p>\n<p>Sainz, octavo, con buenas perspectivas<\/p>\n<p data-mrf-recirculation=\"Links P\u00e1rrafos\" class=\"ue-c-article__paragraph paragraph\"><strong>Carlos Sainz ha encontrado en FW47 mejor del que esperaba<\/strong> y siempre ha estado entre los cinco o seis primeros. Con los blandos baj\u00f3 un poco, pero estaba firmando<strong> vueltas muy s\u00f3lidas. <\/strong>Est\u00e1 al acecho por lo que pueda pasar.<\/p>\n<p data-mrf-recirculation=\"Links P\u00e1rrafos\" class=\"ue-c-article__paragraph paragraph\">Los que<strong> no han acabado de ir son los Ferrari,<\/strong> pero no hay que tomarlo como definitivo, pues es un circuito que les va, y Leclerc o Hamilton pueden cuadrar una buena vuelta el s\u00e1bado.<\/p>\n<p data-mrf-recirculation=\"Links P\u00e1rrafos\" class=\"ue-c-article__paragraph paragraph\"><strong>Leclerc se llev\u00f3 puesto a Norris en una acci\u00f3n impropia<\/strong> de un equipo como el italiano. La culpa fue del jefe de mec\u00e1nicos que da la salida y la <strong>sanci\u00f3n<\/strong> se la llev\u00f3 <strong>Ferrari<\/strong>, con <strong>10.000 euros<\/strong> de multa.<\/p>\n<p><img decoding=\"async\" width=\"369\" height=\"592\" class=\"ue-c-article__image lazyload\" alt=\"Tiempos finales de los Libres 2 en Singapur.\" loading=\"lazy\" src=\"https:\/\/www.europesays.com\/es\/wp-content\/uploads\/2025\/10\/68dfd7c92557e.jpeg\"\/><\/p>\n<p>Tiempos finales de los Libres 2 en Singapur.LTN<\/p>\n<p>Banderas rojas de Russell y Lawson<\/p>\n<p data-mrf-recirculation=\"Links P\u00e1rrafos\" class=\"ue-c-article__paragraph paragraph\">A falta de 42 minutos para el final y cuando la pista mejoraba de forma apreciable, <strong>Russell perdi\u00f3 el control en la chicane del sector 3,<\/strong> cerca del tramo final de la vuelta y se fue <strong>de frente contra las barreras.<\/strong> Destroz\u00f3 el morro y hubo de bajarse para revisar todo el coche.<\/p>\n<p data-mrf-recirculation=\"Links P\u00e1rrafos\" class=\"ue-c-article__paragraph paragraph\">Y <strong>Liam Lawson, a falta de 24 minutos para el final, se estrellaba en el mismo sitio<\/strong> tras la reanudaci\u00f3n. El neozeland\u00e9s de RB <strong>arruin\u00f3 la vuelta de Alonso<\/strong> con el blando, que entraba en ese mismo sector y <strong>ten\u00eda parciales para ser el primero.<\/strong><\/p>\n<p>Alonso cuarto con el duro y Sainz quinto<\/p>\n<p data-mrf-recirculation=\"Links P\u00e1rrafos\" class=\"ue-c-article__paragraph paragraph\"><strong>Alonso <\/strong>segu\u00eda muy <strong>enchufado <\/strong>ya con la noche cerrada y con el primer juego. Marcaba el <strong>cuarto tiempo con el neum\u00e1tico duro<\/strong>, el primero que utiliz\u00f3, mientras <strong>sus rivales rodaban con en medio.<\/strong> S\u00f3lo estaba a medios segundo de <strong>Lando <\/strong>y segu\u00eda con un pilotaje de riesgo controlado, pero con continuos contravolantes.<\/p>\n<p data-mrf-recirculation=\"Links P\u00e1rrafos\" class=\"ue-c-article__paragraph paragraph\"><strong>Piastri <\/strong>y <strong>Norris <\/strong>estaban casi iguales en la cabeza y <strong>Sainz era quinto (medio), tras una vueltas iniciales muy s\u00f3lidas<\/strong>. Ojo al madrile\u00f1o tambi\u00e9n, en uno de sus circuitos predilectos.<\/p>\n<p><img decoding=\"async\" width=\"396\" height=\"598\" class=\"ue-c-article__image lazyload\" alt=\"Tiempos a mitad de sesi\u00f3n, con el primer juego de neum\u00e1ticos.\" loading=\"lazy\" src=\"https:\/\/www.europesays.com\/es\/wp-content\/uploads\/2025\/10\/68dfcf87b3f59.jpeg\"\/><\/p>\n<p>Tiempos a mitad de sesi\u00f3n, con el primer juego de neum\u00e1ticos.LTN<\/p>\n","protected":false},"excerpt":{"rendered":"Fernando Alonso quiere su podio de este a\u00f1o y lo quiere este fin de semana. Lo dec\u00eda el&hellip;\n","protected":false},"author":2,"featured_media":155747,"comment_status":"","ping_status":"","sticky":false,"template":"","format":"standard","meta":{"footnotes":""},"categories":[270],"tags":[168,25,24,306,271,272,23,167],"class_list":{"0":"post-155746","1":"post","2":"type-post","3":"status-publish","4":"format-standard","5":"has-post-thumbnail","7":"category-formula-1","8":"tag-deportes","9":"tag-es","10":"tag-espana","11":"tag-f1","12":"tag-formula-1","13":"tag-formula1","14":"tag-spain","15":"tag-sports"},"share_on_mastodon":{"url":"","error":""},"_links":{"self":[{"href":"https:\/\/www.europesays.com\/es\/wp-json\/wp\/v2\/posts\/155746","targetHints":{"allow":["GET"]}}],"collection":[{"href":"https:\/\/www.europesays.com\/es\/wp-json\/wp\/v2\/posts"}],"about":[{"href":"https:\/\/www.europesays.com\/es\/wp-json\/wp\/v2\/types\/post"}],"author":[{"embeddable":true,"href":"https:\/\/www.europesays.com\/es\/wp-json\/wp\/v2\/users\/2"}],"replies":[{"embeddable":true,"href":"https:\/\/www.europesays.com\/es\/wp-json\/wp\/v2\/comments?post=155746"}],"version-history":[{"count":0,"href":"https:\/\/www.europesays.com\/es\/wp-json\/wp\/v2\/posts\/155746\/revisions"}],"wp:featuredmedia":[{"embeddable":true,"href":"https:\/\/www.europesays.com\/es\/wp-json\/wp\/v2\/media\/155747"}],"wp:attachment":[{"href":"https:\/\/www.europesays.com\/es\/wp-json\/wp\/v2\/media?parent=155746"}],"wp:term":[{"taxonomy":"category","embeddable":true,"href":"https:\/\/www.europesays.com\/es\/wp-json\/wp\/v2\/categories?post=155746"},{"taxonomy":"post_tag","embeddable":true,"href":"https:\/\/www.europesays.com\/es\/wp-json\/wp\/v2\/tags?post=155746"}],"curies":[{"name":"wp","href":"https:\/\/api.w.org\/{rel}","templated":true}]}}