{"id":155760,"date":"2025-10-04T00:45:23","date_gmt":"2025-10-04T00:45:23","guid":{"rendered":"https:\/\/www.europesays.com\/es\/155760\/"},"modified":"2025-10-04T00:45:23","modified_gmt":"2025-10-04T00:45:23","slug":"elio-berenett-el-modelo-que-reta-las-convenciones-la-gente-no-sabia-como-tratarme-les-dije-me-da-igual-me-apunto-a-todo-icon","status":"publish","type":"post","link":"https:\/\/www.europesays.com\/es\/155760\/","title":{"rendered":"Elio Berenett, el modelo que reta las convenciones: \u201cLa gente no sab\u00eda c\u00f3mo tratarme. Les dije: me da igual, me apunto a todo\u201d | ICON"},"content":{"rendered":"<p><img fetchpriority=\"high\" decoding=\"auto\" class=\"_re  a_m-v\" height=\"548\"  width=\"414\"  src=\"https:\/\/www.europesays.com\/es\/wp-content\/uploads\/2025\/10\/652BJB4HLVFH7BO7VKY2QZWNEU.jpg\" loading=\"eager\"\/>El modelo Elio Berennet viste Valentino. En este &#8216;look&#8217; de buen chico, Alessandro Michele mezcla la historia de esta firma con su propia fijaci\u00f3n por los a\u00f1os setenta. Es parte de su primera colecci\u00f3n como director creativo en la casa romana.GORKA POSTIGO<\/p>\n<p class=\"\">Cabello rubio, Metro ochenta y una talla 41 de pie. La ficha del modelo Elio Berenett siempre fue un misterio para los agentes de casting. Inclu\u00eda todos los datos y, aun as\u00ed, cada vez que se encontraba con ellos viv\u00eda la misma situaci\u00f3n. \u201cMe acuerdo de un afterparty donde todos se acercaban preocupados porque no sab\u00edan c\u00f3mo tratarme. Yo simplemente les dec\u00eda: \u2018Me da igual, me apunto a todo\u2019. Entiendo que les fuese confuso, para m\u00ed tambi\u00e9n lo era al principio\u201d, cuenta desde su casa en Suecia. Con nueve a\u00f1os empez\u00f3 a trabajar como modelo femenina, de adolescente vivi\u00f3 su transici\u00f3n y diez a\u00f1os m\u00e1s tarde debut\u00f3 a lo grande de la mano de <a href=\"https:\/\/elpais.com\/smoda\/paris-fashion-week\/2025-10-01\/louis-vuitton-un-canto-a-la-intimidad.html\" target=\"_blank\" rel=\"noreferrer nofollow noopener\" title=\"https:\/\/elpais.com\/smoda\/paris-fashion-week\/2025-10-01\/louis-vuitton-un-canto-a-la-intimidad.html\">Louis Vuitton<\/a> en Par\u00eds. La colecci\u00f3n era femenina, pero \u00e9l era un hombre trans. Ahora tiene 22 a\u00f1os y ning\u00fan atisbo de aquellas dudas: afronta con la misma decisi\u00f3n un desfile con tacones que un reportaje de moda masculina como el que protagoniza en estas p\u00e1ginas. <\/p>\n<p><img decoding=\"auto\" class=\"_re lazyload a_m-v\" height=\"548\"  width=\"414\"  src=\"https:\/\/www.europesays.com\/es\/wp-content\/uploads\/2025\/10\/SPDWWNJPY5CQNPOO6RDYJWN2VU.jpg\" loading=\"lazy\"\/>El modelo Elio Berenett viste Balenciaga.<br \/>\nDemna transforma las proporciones y los acabados del traje de oficina. Atenci\u00f3n a los hombros y a los zapatos: material altamente viral.GORKA POSTIGO<img decoding=\"auto\" class=\"_re lazyload a_m-v\" height=\"548\"  width=\"414\"  src=\"https:\/\/www.europesays.com\/es\/wp-content\/uploads\/2025\/10\/QHBL2Z7JHJAWZIZFFJOLU5EQQI.jpg\" loading=\"lazy\"\/>Berenett viste Balenciaga.GORKA POSTIGO<\/p>\n<p class=\"\">\u201cEn esta industria se crece muy r\u00e1pido. Tienes que aprender a respetarte, pero tambi\u00e9n a no ponerte trabas a ti mismo. A m\u00ed, me ha costado mucho distinguir mis l\u00edmites de lo que solo son preferencias en mi vida personal. Como ahora\u201d. Al decirlo se\u00f1ala su outfit: camiseta b\u00e1sica blanca y pantal\u00f3n corto de ch\u00e1ndal. Como aclara despu\u00e9s, durante a\u00f1os ese l\u00edmite era la est\u00e9tica muy femenina. Sobre todo los tacones. \u201cPor no querer pon\u00e9rmelos perd\u00ed muchos trabajos y muchas oportunidades de pas\u00e1rmelo bien\u201d, afirma hoy. En el fondo, a Berenett le duele porque ese rechazo era una traici\u00f3n a su ni\u00f1o interior: \u201cDe peque\u00f1o me encantaba disfrazarme e interpretar distintos personajes para mi familia. Sin embargo, en el colegio me hicieron bullying durante a\u00f1os y eso me quit\u00f3 la confianza para jugar y no tomarme tan en serio las apariencias\u201d. <\/p>\n<p><img decoding=\"auto\" class=\"_re lazyload a_m-v\" height=\"548\"  width=\"414\"  src=\"https:\/\/www.europesays.com\/es\/wp-content\/uploads\/2025\/10\/RRZ5MANDQVB6FNM54FOUF742AU.jpg\" loading=\"lazy\"\/>El modelo Elio Berenett viste Saint Laurent by Anthony Vaccarello. M\u00e1s chic no se puede. Vaccarello reformula el armario de los setenta para volverlo m\u00e1s sexy que nunca: basta mirar estas botas interminables.GORKA POSTIGO<img decoding=\"auto\" class=\"_re lazyload a_m-v\" height=\"548\"  width=\"414\"  src=\"https:\/\/www.europesays.com\/es\/wp-content\/uploads\/2025\/10\/WEHLHORICRCRNFZZNGSJ26CFSM.jpg\" loading=\"lazy\"\/>El modelo Elio Berenett viste Dior Men.<br \/>\nKim Jones se despidi\u00f3 de la direcci\u00f3n creativa de la \u2018maison\u2019 con una carta de amor a la capacidad de la alta costura para crear prendas delicadas. Incluso para hombre.GORKA POSTIGO<img decoding=\"auto\" class=\"_re lazyload a_m-v\" height=\"548\"  width=\"414\"  src=\"https:\/\/www.europesays.com\/es\/wp-content\/uploads\/2025\/10\/Y4G3NVP7GFDTFIXE62ZITS22BE.jpg\" loading=\"lazy\"\/>El modelo Elio Berennet viste Prada.<br \/>\nYuxtaponer o morir. La piel es fundamental en la colecci\u00f3n dise\u00f1ada por Raf Simons y Miuccia Prada, pero tambi\u00e9n el estilo cowboy: las botas son de tela estampada.GORKA POSTIGO<\/p>\n<p class=\"\">Al crecer, y descubrir su identidad de g\u00e9nero, reneg\u00f3 de cualquier vestigio femenino. Como recordatorio de esa \u00e9poca guarda toda una ristra de tatuajes: \u201cEl primero me lo hice con 16 a\u00f1os, pero los borrar\u00eda todos. Me los hice porque quer\u00eda aparentar ser duro\u201d. Habla como si hiciera siglos y solo han pasado cinco a\u00f1os. Pero cuando se tiene una vida como la suya, es f\u00e1cil excusarle.<\/p>\n<p><img decoding=\"auto\" class=\"_re lazyload a_m-v\" height=\"548\"  width=\"414\"  src=\"https:\/\/www.europesays.com\/es\/wp-content\/uploads\/2025\/10\/W5L3IKR5UJH5RLXOG4BODREY3Q.jpg\" loading=\"lazy\"\/>El modelo Elio Berenett viste Dsquared2. Los hermanos Caten celebran 30 a\u00f1os de moda con sus grandes \u00e9xitos. \u00bfUn ejemplo? Su \u00e9poca cowboy, nunca demasiado lejos de su cruce entre sexo,<br \/>\niron\u00eda y glamour.GORKA POSTIGO<img decoding=\"auto\" class=\"_re lazyload a_m-v\" height=\"548\"  width=\"414\"  src=\"https:\/\/www.europesays.com\/es\/wp-content\/uploads\/2025\/10\/4RIIJMKGJRH67ORV7D2PD4ZPUE.jpg\" loading=\"lazy\"\/>El modelo Elio Berenett viste Givenchy.<br \/>\nLa primera colecci\u00f3n masculina bajo la batuta de Sarah Burton es una indagaci\u00f3n imaginativa en el armario tradicional masculino y en el propio fundador de la casa.GORKA POSTIGO<img decoding=\"auto\" class=\"_re lazyload a_m-v\" height=\"548\"  width=\"414\"  src=\"https:\/\/www.europesays.com\/es\/wp-content\/uploads\/2025\/10\/BABLNWT3MFBRBDTXHJKWT4VIN4.jpg\" loading=\"lazy\"\/>El modelo Elio Berenett viste Tom Ford.<br \/>\nLa primera colecci\u00f3n dise\u00f1ada por Haider Ackermann para la firma actualiza su legado de sastrer\u00eda elegante, provocativa y noct\u00e1mbula.GORKA POSTIGO<\/p>\n<p class=\"\">Del instituto, y con apenas un par de anuncios infantiles a sus espaldas, pas\u00f3 a las pasarelas de Par\u00eds. Sin soluci\u00f3n de continuidad. \u201cFue un salto enorme. Pensaba que me iba a desmayar antes de salir, pero afortunadamente no pas\u00f3\u201d, bromea. Entonces aprendi\u00f3 dos cosas. La primera, que se hab\u00eda vuelto adicto a esa adrenalina. La segunda, que no era el \u00fanico que se hab\u00eda enganchado. Su Instagram se llen\u00f3 de miles de mensajes. \u201cEran antiguos amigos, o ni siquiera, que nunca me hab\u00edan dicho una sola cosa bonita. Con el tiempo, me di cuenta de que tambi\u00e9n la gente importante se interesaba por ti cuando hac\u00edas algo grande y despu\u00e9s se olvidaban de ti hasta el siguiente proyecto\u201d. <\/p>\n<p><img decoding=\"auto\" class=\"_re lazyload a_m-v\" height=\"548\"  width=\"414\"  src=\"https:\/\/www.europesays.com\/es\/wp-content\/uploads\/2025\/10\/MQIL44VUVRGSFJ2VVXW764QAEQ.jpg\" loading=\"lazy\"\/>El modelo Elio Berenett viste McQueen.<br \/>\nSe\u00e1n McGirr recupera el dandismo victoriano y celebra sus grandes y peque\u00f1as extravagancias con esp\u00edritu setentero.GORKA POSTIGO<img decoding=\"auto\" class=\"_re lazyload a_m-v\" height=\"548\"  width=\"414\"  src=\"https:\/\/www.europesays.com\/es\/wp-content\/uploads\/2025\/10\/HOR6M7Q3NJC2TABI2BFDERSIZU.jpg\" loading=\"lazy\"\/>El modelo Elio Berenett viste McQueen.<br \/>\nSe\u00e1n McGirr recupera el dandismo victoriano y celebra sus grandes y peque\u00f1as extravagancias con esp\u00edritu setentero.GORKA POSTIGO<\/p>\n<p class=\"\">No les faltaron motivos para volver. Poco despu\u00e9s repiti\u00f3 con Vuitton y despu\u00e9s llegaron <a href=\"https:\/\/elpais.com\/eps\/2024-01-12\/la-cara-oculta-de-cristobal-balenciaga-de-su-caracter-despotico-a-su-relacion-con-las-elites-franquistas.html\" target=\"_blank\" rel=\"noreferrer nofollow noopener\" title=\"https:\/\/elpais.com\/eps\/2024-01-12\/la-cara-oculta-de-cristobal-balenciaga-de-su-caracter-despotico-a-su-relacion-con-las-elites-franquistas.html\">Balenciaga<\/a>, Moschino, Ganni&#8230; \u201cUn d\u00eda me despert\u00e9 en Suecia, viaj\u00e9 a Londres solo para que me cortasen el pelo y despu\u00e9s volv\u00ed a volar a Marsella para una sesi\u00f3n de fotos con David Sims. De camino pens\u00e9: \u2018Estoy en el coche con los mejores de la industria y \u00bfqui\u00e9n soy yo?\u201d. Respuesta corta: un perfil carism\u00e1tico, particular\u00edsimo y deseado por los l\u00edderes de la industria por el car\u00e1cter y la ruptura que aporta.<\/p>\n<p><img decoding=\"auto\" class=\"_re lazyload a_m-v\" height=\"548\"  width=\"414\"  src=\"https:\/\/www.europesays.com\/es\/wp-content\/uploads\/2025\/10\/5AKLLW75ONCATNV526CQIKPZ4Q.jpg\" loading=\"lazy\"\/>Elio Berenett viste la colecci\u00f3n de oto\u00f1o de Emporio Armani. El maestro fue el primero en ensanchar los pantalones y relajar las chaquetas hasta m\u00e1s all\u00e1 de lo convencional. Es hora de sacar pecho.GORKA POSTIGO<img decoding=\"auto\" class=\"_re lazyload a_m-v\" height=\"548\"  width=\"414\"  src=\"https:\/\/www.europesays.com\/es\/wp-content\/uploads\/2025\/10\/YJLMVVK34BH53OB3PKAU5YUVVQ.jpg\" loading=\"lazy\"\/>El modelo Elio Berenett viste Herm\u00e8s.<br \/>\nLa raya diplom\u00e1tica se vuelve casi sensual en manos de la dise\u00f1adora V\u00e9ronique Nichanian, igual que la napa del pantal\u00f3n. Alta artesan\u00eda flexible.GORKA POSTIGO<img decoding=\"auto\" class=\"_re lazyload a_m-v\" height=\"548\"  width=\"414\"  src=\"https:\/\/www.europesays.com\/es\/wp-content\/uploads\/2025\/10\/Q7KZHE6FE5ESPEDRUEU2SBT2LA.jpg\" loading=\"lazy\"\/>El modelo Elio Berenett viste Etro.<br \/>\nEn la colecci\u00f3n de Marco de Vincenzo hay estampados, pero tambi\u00e9n prendas monocromas que dejan patente su habilidad para crear nuevas siluetas.GORKA POSTIGO<\/p>\n<p class=\"\">A medida que iba conquistando firmas, Berenett recuper\u00f3 aquella confianza infantil y cay\u00f3 al fin el veto al tac\u00f3n. \u201cMe encanta la presi\u00f3n extra que dan a mi trabajo. Solo tienes una oportunidad de hacerlo bien y no cagarla. En el futuro, me gustar\u00eda abrazar este look femenino a\u00fan m\u00e1s\u201d, confiesa. Hace unos meses inaugur\u00f3 sobre unos tacones el desfile del dise\u00f1ador Alain Paul como si llevara haci\u00e9ndolo toda la vida. \u00bfEl secreto? \u201cAntes escucho a Kendrick Lamar o Lady Gaga. Sobre todo Just Dance si los zapatos son muy altos\u201d. <\/p>\n<p><img decoding=\"auto\" class=\"_re lazyload a_m-v\" height=\"548\"  width=\"414\"  src=\"https:\/\/www.europesays.com\/es\/wp-content\/uploads\/2025\/10\/RGHJNWQJCZES7HFES43BZDROXQ.jpg\" loading=\"lazy\"\/>El modelo Elio Berenett viste Giorgio Armani. Las solapas redondeadas son un motivo recurrente en la colecci\u00f3n. Aqu\u00ed dan personalidad a un chaquet\u00f3n rojo, uno de los colores de la temporada.GORKA POSTIGO<img decoding=\"auto\" class=\"_re lazyload a_m-v\" height=\"548\"  width=\"414\"  src=\"https:\/\/www.europesays.com\/es\/wp-content\/uploads\/2025\/10\/UNCJEZYKZ5HUNANRGW4LUFOWMU.jpg\" loading=\"lazy\"\/>En Zegna, Alessandro Sartori da un respiro al minimalismo con una colecci\u00f3n, Vellus Aureum, que actualiza siluetas y motivos cl\u00e1sicos con la lana m\u00e1s lujosa y \u00fanica del mundo.GORKA POSTIGO<img decoding=\"auto\" class=\"_re lazyload a_m-v\" height=\"548\"  width=\"414\"  src=\"https:\/\/www.europesays.com\/es\/wp-content\/uploads\/2025\/10\/T36JSZM2CJCHVL6VLDAG3PI7EQ.jpg\" loading=\"lazy\"\/>Berenett luce Louis Vuitton. Pharrell Williams une fuerzas con Nigo, sumo pont\u00edfice de la moda urbana, para cincelar cl\u00e1sicos modernos como esta chaqueta ajedrezada.GORKA POSTIGO<\/p>\n<p class=\"\">Con tanto trabajo, este mismo a\u00f1o Berenett tambi\u00e9n ha aprendido a lidiar con un cl\u00e1sico de la profesi\u00f3n: el vac\u00edo que queda entre proyectos. \u201cSe necesita mucha fortaleza para no volverte loco cada vez que dejas de trabajar. Te cuestionas mucho y piensas: \u2018Tengo que encontrar un trabajo de verdad\u2019. Creo que esas dudas nunca se van del todo, pero acabas encontrando estrategias para rodearlas\u201d. Su plan ahora pasa por seguir ensanchando horizontes. Quiere intentar ser actor. Heredero de una conocida saga de actores suecos, Berennet cree firmemente que la pasi\u00f3n por interpretar est\u00e1 escrita en sus genes: \u201cEs lo \u00fanico que me apasiona. Y es lo \u00fanico que s\u00e9 hacer\u201d. Prep\u00e1rense, directores de casting. <\/p>\n<p><img decoding=\"auto\" class=\"_re lazyload a_m-v\" height=\"548\"  width=\"414\"  src=\"https:\/\/www.europesays.com\/es\/wp-content\/uploads\/2025\/10\/3PFZOY6IOBEQXHASSJ4CON5WJA.jpg\" loading=\"lazy\"\/>El modelo Elio Berenett viste Moncler. El estreno como dise\u00f1ador del editor de moda Edward Enninful es esta colaboraci\u00f3n con la veterana casa de origen alpino. Vol\u00famenes, sofisticaci\u00f3n y<br \/>\ncolores nocturnos.GORKA POSTIGO<img decoding=\"auto\" class=\"_re lazyload a_m-v\" height=\"548\"  width=\"414\"  src=\"https:\/\/www.europesays.com\/es\/wp-content\/uploads\/2025\/10\/465ZJV6EF5CZHFJFOR43KJCOHM.jpg\" loading=\"lazy\"\/>Carisma incluso de espaldas: Elio Berenett, protagonista de este especial de moda, luce un colgante CARTIER.GORKA POSTIGO<img decoding=\"auto\" class=\"_re lazyload a_m-v\" height=\"548\"  width=\"414\"  src=\"https:\/\/www.europesays.com\/es\/wp-content\/uploads\/2025\/10\/SGF7PWAYBNATZKJZSNUMLT7FZY.jpg\" loading=\"lazy\"\/>El modelo Elio Berenett viste Dolce&amp;Gabbana. La casa italiana celebra la elegancia relajada de las verdaderas estrellas con un punto de exceso, como muestran las proporciones de este pantal\u00f3n.GORKA POSTIGO<\/p>\n","protected":false},"excerpt":{"rendered":"El modelo Elio Berennet viste Valentino. En este &#8216;look&#8217; de buen chico, Alessandro Michele mezcla la historia de&hellip;\n","protected":false},"author":2,"featured_media":155761,"comment_status":"","ping_status":"","sticky":false,"template":"","format":"standard","meta":{"footnotes":""},"categories":[91],"tags":[42516,20599,146,147,25,24,13018,3383,46672,23264,23,7218,9244,9245],"class_list":{"0":"post-155760","1":"post","2":"type-post","3":"status-publish","4":"format-standard","5":"has-post-thumbnail","7":"category-entretenimiento","8":"tag-balenciaga","9":"tag-comunidad-lgtbiq","10":"tag-entertainment","11":"tag-entretenimiento","12":"tag-es","13":"tag-espana","14":"tag-louis-vuitton","15":"tag-modelos","16":"tag-moschino","17":"tag-pasarelas-moda","18":"tag-spain","19":"tag-suecia","20":"tag-transexuales","21":"tag-transexualidad"},"share_on_mastodon":{"url":"","error":""},"_links":{"self":[{"href":"https:\/\/www.europesays.com\/es\/wp-json\/wp\/v2\/posts\/155760","targetHints":{"allow":["GET"]}}],"collection":[{"href":"https:\/\/www.europesays.com\/es\/wp-json\/wp\/v2\/posts"}],"about":[{"href":"https:\/\/www.europesays.com\/es\/wp-json\/wp\/v2\/types\/post"}],"author":[{"embeddable":true,"href":"https:\/\/www.europesays.com\/es\/wp-json\/wp\/v2\/users\/2"}],"replies":[{"embeddable":true,"href":"https:\/\/www.europesays.com\/es\/wp-json\/wp\/v2\/comments?post=155760"}],"version-history":[{"count":0,"href":"https:\/\/www.europesays.com\/es\/wp-json\/wp\/v2\/posts\/155760\/revisions"}],"wp:featuredmedia":[{"embeddable":true,"href":"https:\/\/www.europesays.com\/es\/wp-json\/wp\/v2\/media\/155761"}],"wp:attachment":[{"href":"https:\/\/www.europesays.com\/es\/wp-json\/wp\/v2\/media?parent=155760"}],"wp:term":[{"taxonomy":"category","embeddable":true,"href":"https:\/\/www.europesays.com\/es\/wp-json\/wp\/v2\/categories?post=155760"},{"taxonomy":"post_tag","embeddable":true,"href":"https:\/\/www.europesays.com\/es\/wp-json\/wp\/v2\/tags?post=155760"}],"curies":[{"name":"wp","href":"https:\/\/api.w.org\/{rel}","templated":true}]}}