{"id":155764,"date":"2025-10-04T00:48:08","date_gmt":"2025-10-04T00:48:08","guid":{"rendered":"https:\/\/www.europesays.com\/es\/155764\/"},"modified":"2025-10-04T00:48:08","modified_gmt":"2025-10-04T00:48:08","slug":"cuatro-muertos-en-nuevo-ataque-de-ee-uu-contra-lancha-dw-03-10-2025","status":"publish","type":"post","link":"https:\/\/www.europesays.com\/es\/155764\/","title":{"rendered":"Cuatro muertos en nuevo ataque de EE.UU. contra lancha \u2013 DW \u2013 03\/10\/2025"},"content":{"rendered":"<p>El secretario de Guerra de Estados Unidos, Pete Hegseth, inform\u00f3 este viernes (03.10.2025) a trav\u00e9s de X (Twitter) que la potencia norteamericana volvi\u00f3 a bombardear una lancha en aguas internacionales cerca de <a class=\"internal-link\" href=\"https:\/\/www.dw.com\/es\/venezuela\/t-17410652\" rel=\"nofollow noopener\" target=\"_blank\">Venezuela<\/a>. En esta ocasi\u00f3n, cuatro personas, calificadas como \u00abnarcoterroristas\u201d por el funcionario estadounidense, murieron en la operaci\u00f3n.<\/p>\n<p>\u00abSiguiendo las \u00f3rdenes del presidente Trump, dirig\u00ed un ataque (&#8230;) letal contra una embarcaci\u00f3n narcotraficante afiliada a organizaciones designadas como terroristas\u00bb, public\u00f3 en la red social. \u00abCuatro narcoterroristas a bordo del nav\u00edo murieron en el ataque y ning\u00fan miembro de las fuerzas estadounidenses result\u00f3 herido\u00bb, agreg\u00f3 Hegseth, que tambi\u00e9n public\u00f3 un video.<\/p>\n<blockquote class=\"tweet embed\" data-id=\"1974150886084485503\"\/>\n<p>El secretario apunt\u00f3 que la acci\u00f3n, realizada aparentemente con un misil, \u00abse llev\u00f3 a cabo en aguas internacionales frente a la costa de Venezuela mientras el buque transportaba cantidades sustanciales de narc\u00f3ticos con destino a Estados Unidos para envenenar\u00bb a los estadounidenses. \u00ab\u00a1Estos ataques continuar\u00e1n hasta que cesen los ataques contra el pueblo estadounidense!\u00bb, a\u00f1adi\u00f3.<\/p>\n<p>\u00abNuestros servicios de inteligencia, sin duda, confirmaron que esta embarcaci\u00f3n estaba traficando narc\u00f3ticos\u00bb, asegur\u00f3 el secretario de Guerra, seg\u00fan la nueva definici\u00f3n del Departamento de Defensa.<\/p>\n<p>Al menos 21 muertos<\/p>\n<p>Este ataque se suma a los otros cuatro que Estados Unidos, seg\u00fan el recuento del propio <a class=\"internal-link\" href=\"https:\/\/www.dw.com\/es\/trump-donald\/t-19445010\" rel=\"nofollow noopener\" target=\"_blank\">presidente Donald Trump<\/a>, ha llevado a cabo desde septiembre contra supuestas narcolanchas en el Caribe, tres de ellas cerca de Venezuela y otra cerca de Rep\u00fablica Dominicana. El saldo hasta ahora ser\u00eda de al menos 21 muertos.<\/p>\n<p>En una notificaci\u00f3n enviada al Congreso y dada a conocer el jueves, Trump declar\u00f3 que su pa\u00eds est\u00e1 en un \u00abconflicto armado\u00bb contra los carteles del narcotr\u00e1fico, lo que le otorga una justificaci\u00f3n legal para los operativos en el Caribe. Este despliegue militar ha sido criticado por el Gobierno de Nicol\u00e1s Maduro, que lo considera una amenaza de un posible ataque contra Venezuela.<\/p>\n<p>DZC (EFE, AFP)<\/p>\n","protected":false},"excerpt":{"rendered":"El secretario de Guerra de Estados Unidos, Pete Hegseth, inform\u00f3 este viernes (03.10.2025) a trav\u00e9s de X (Twitter)&hellip;\n","protected":false},"author":2,"featured_media":155765,"comment_status":"","ping_status":"","sticky":false,"template":"","format":"standard","meta":{"footnotes":""},"categories":[42],"tags":[17,18,13,14,11,61,62,63,64,19,20,9,10,15,16,12,21,22,65,66,67],"class_list":{"0":"post-155764","1":"post","2":"type-post","3":"status-publish","4":"format-standard","5":"has-post-thumbnail","7":"category-internacional","8":"tag-breaking-news","9":"tag-breakingnews","10":"tag-featured-news","11":"tag-featurednews","12":"tag-headlines","13":"tag-internacional","14":"tag-international","15":"tag-international-news","16":"tag-internationalnews","17":"tag-latest-news","18":"tag-latestnews","19":"tag-news","20":"tag-noticias","21":"tag-noticias-destacadas","22":"tag-noticiasdestacadas","23":"tag-titulares","24":"tag-ultimas-noticias","25":"tag-ultimasnoticias","26":"tag-world","27":"tag-world-news","28":"tag-worldnews"},"share_on_mastodon":{"url":"","error":""},"_links":{"self":[{"href":"https:\/\/www.europesays.com\/es\/wp-json\/wp\/v2\/posts\/155764","targetHints":{"allow":["GET"]}}],"collection":[{"href":"https:\/\/www.europesays.com\/es\/wp-json\/wp\/v2\/posts"}],"about":[{"href":"https:\/\/www.europesays.com\/es\/wp-json\/wp\/v2\/types\/post"}],"author":[{"embeddable":true,"href":"https:\/\/www.europesays.com\/es\/wp-json\/wp\/v2\/users\/2"}],"replies":[{"embeddable":true,"href":"https:\/\/www.europesays.com\/es\/wp-json\/wp\/v2\/comments?post=155764"}],"version-history":[{"count":0,"href":"https:\/\/www.europesays.com\/es\/wp-json\/wp\/v2\/posts\/155764\/revisions"}],"wp:featuredmedia":[{"embeddable":true,"href":"https:\/\/www.europesays.com\/es\/wp-json\/wp\/v2\/media\/155765"}],"wp:attachment":[{"href":"https:\/\/www.europesays.com\/es\/wp-json\/wp\/v2\/media?parent=155764"}],"wp:term":[{"taxonomy":"category","embeddable":true,"href":"https:\/\/www.europesays.com\/es\/wp-json\/wp\/v2\/categories?post=155764"},{"taxonomy":"post_tag","embeddable":true,"href":"https:\/\/www.europesays.com\/es\/wp-json\/wp\/v2\/tags?post=155764"}],"curies":[{"name":"wp","href":"https:\/\/api.w.org\/{rel}","templated":true}]}}