{"id":155766,"date":"2025-10-04T00:49:09","date_gmt":"2025-10-04T00:49:09","guid":{"rendered":"https:\/\/www.europesays.com\/es\/155766\/"},"modified":"2025-10-04T00:49:09","modified_gmt":"2025-10-04T00:49:09","slug":"el-padre-guilherme-si-cumple-con-sus-fieles-en-su-concierto-en-la-plaza-del-pilar-de-zaragoza","status":"publish","type":"post","link":"https:\/\/www.europesays.com\/es\/155766\/","title":{"rendered":"El Padre Guilherme s\u00ed cumple con sus fieles en su concierto en la plaza del Pilar de Zaragoza"},"content":{"rendered":"<p class=\"paragraph\"><b>En el mejor escenario espiritual posible. A los pies de la Virgen del Pilar.\u00a0<\/b>Haci\u00e9ndole la competencia al Cristo Redentor de R\u00edo de Janeiro y con un espect\u00e1culo de luces digno de pel\u00edcula. <b>Entonces sonaba &#8216;Aleluya&#8217; de\u00a0H\u00e4ndel y aparec\u00eda en escena el\u00a0Padre Guilherme<\/b>, que esta noche s\u00ed ha cumplido con sus fieles y<a href=\"https:\/\/www.heraldo.es\/noticias\/ocio-y-cultura\/2025\/10\/03\/boicot-pinchazo-zaragoza-invitados-encuentro-padre-guilherme-1858951.html\" title=\"Boicot o pinchazo en Zaragoza: solo 400 de los 1.900 invitados van al encuentro con el Padre Guilherme\" rel=\"nofollow noopener\" target=\"_blank\"> miles de personas han acudido a su llamada\u00a0en su concierto en Zaragoza.\u00a0<\/a><\/p>\n<p class=\"paragraph\">Tras el &#8216;pinchazo&#8217; en su encuentro con los j\u00f3venes de esta tarde en el Auditorio Princesa Leonor,<b> el famoso cura &#8216;dj&#8217; ha conquistado una plaza abarrotada de religiosos y ateos fusionando la m\u00fasica sacra <\/b>con la energ\u00eda del techno, poniendo un gui\u00f1o aragon\u00e9s al espect\u00e1culo. <b>Al comienzo de la sesi\u00f3n, ha sonado la jaculatoria de la Virgen del Pilar<\/b>, com\u00fanmente conocida como el &#8216;Bendita y Alabada&#8217;, con un toque electr\u00f3nico que ha sorprendido a los asistentes. Ya casi al final, &#8216;Somos&#8217;, de Jos\u00e9 Antonio Labordeta, retumbaba, eso s\u00ed con un toque diferente, a la par que especial.\u00a0<\/p>\n<p class=\"paragraph\">Ya lo dec\u00eda el Padre Guilherme en el encuentro mantenido con los j\u00f3venes esta tarde en el Auditorio Princesa Leonor.<b> \u00abSi estoy en Zaragoza, quiero poner m\u00fasica de Zaragoza\u00bb<\/b>, adelantaba. Y as\u00ed fue, porque los aragoneses han escuchado el t\u00edpico c\u00e1ntico que suena hasta tres veces al d\u00eda en la megafon\u00eda de la plaza del Pilar, a las 9.00, 12.00 y 20.00, y tambi\u00e9n el himno que pone el broche final a las fiestas zaragozanas.<\/p>\n<p class=\"paragraph\">Guilherme tambi\u00e9n ha querido llevar el cachirulo atado al cuello y sin parar de sonre\u00edr, el famoso cura &#8216;dj&#8217; se decantaba por el<b> Aleluya para arrancar el espect\u00e1culo de m\u00fasica, luces y sonido<\/b>. Pero adem\u00e1s de m\u00fasica sacra, el tambi\u00e9n ha &#8216;pinchado&#8217; temas del &#8216;pop&#8217; internacional para complacer a todos los gustos porque en la plaza del Pilar de Zaragoza el ambiente era de lo m\u00e1s variado. <b>Desde ni\u00f1os, hasta grupos de mujeres mayores que quer\u00edan empezar \u00abpor todo lo alto\u00bb<\/b> las Fiestas del Pilar. \u00abUn d\u00eda es un d\u00eda\u00bb, comentaba una de ellas, poco antes de las 21.00.\u00a0<\/p>\n<p class=\"paragraph\">Hasta 20.000 personas se acercaron a la plaza del Pilar, seg\u00fan fuentes del consistorio. Y en medio de los miles de asistentes, s<b>e encontraba hasta el evangelizador zaragozano Jes\u00fas Alcal\u00e1<\/b>, que tantas veces se ubica en la calle Alfonso de Zaragoza con un palo predicando contra el aborto o la eutanasia. \u00ab<b>No me quer\u00eda perder el concierto, estamos siempre de aqu\u00ed para all\u00e1 evangelizando la f\u00e9 cat\u00f3lica,<\/b> y si viene un sacerdote de &#8216;dj&#8217;, c\u00f3mo no voy a estar aqu\u00ed\u00bb, contaba emocionado antes de comenzar el espect\u00e1culo.\u00a0<\/p>\n<p class=\"paragraph\">El del Padre era uno de los conciertos m\u00e1s esperados, pero tambi\u00e9n m\u00e1s sonados de las Fiestas del Pilar. Sea por la pol\u00e9mica que giraba en torno al concierto que cost\u00f3 50.000 euros, sea por los m\u00e1s de 1,6 millones de seguidores que tiene Guilherme en Instagram. Lo que s\u00ed esta claro es que su paso por la capital aragonesa ha sido algo asi como una revoluci\u00f3n espiritual.\u00a0<\/p>\n","protected":false},"excerpt":{"rendered":"En el mejor escenario espiritual posible. A los pies de la Virgen del Pilar.\u00a0Haci\u00e9ndole la competencia al Cristo&hellip;\n","protected":false},"author":2,"featured_media":155767,"comment_status":"","ping_status":"","sticky":false,"template":"","format":"standard","meta":{"footnotes":""},"categories":[8],"tags":[17,18,2339,7677,25,24,13,14,7420,8011,11,19,20,9,10,15,16,23,12,21,22,491],"class_list":{"0":"post-155766","1":"post","2":"type-post","3":"status-publish","4":"format-standard","5":"has-post-thumbnail","7":"category-espana","8":"tag-breaking-news","9":"tag-breakingnews","10":"tag-concierto","11":"tag-cumple","12":"tag-es","13":"tag-espana","14":"tag-featured-news","15":"tag-featurednews","16":"tag-fieles","17":"tag-guilherme","18":"tag-headlines","19":"tag-latest-news","20":"tag-latestnews","21":"tag-news","22":"tag-noticias","23":"tag-noticias-destacadas","24":"tag-noticiasdestacadas","25":"tag-spain","26":"tag-titulares","27":"tag-ultimas-noticias","28":"tag-ultimasnoticias","29":"tag-zaragoza"},"share_on_mastodon":{"url":"","error":""},"_links":{"self":[{"href":"https:\/\/www.europesays.com\/es\/wp-json\/wp\/v2\/posts\/155766","targetHints":{"allow":["GET"]}}],"collection":[{"href":"https:\/\/www.europesays.com\/es\/wp-json\/wp\/v2\/posts"}],"about":[{"href":"https:\/\/www.europesays.com\/es\/wp-json\/wp\/v2\/types\/post"}],"author":[{"embeddable":true,"href":"https:\/\/www.europesays.com\/es\/wp-json\/wp\/v2\/users\/2"}],"replies":[{"embeddable":true,"href":"https:\/\/www.europesays.com\/es\/wp-json\/wp\/v2\/comments?post=155766"}],"version-history":[{"count":0,"href":"https:\/\/www.europesays.com\/es\/wp-json\/wp\/v2\/posts\/155766\/revisions"}],"wp:featuredmedia":[{"embeddable":true,"href":"https:\/\/www.europesays.com\/es\/wp-json\/wp\/v2\/media\/155767"}],"wp:attachment":[{"href":"https:\/\/www.europesays.com\/es\/wp-json\/wp\/v2\/media?parent=155766"}],"wp:term":[{"taxonomy":"category","embeddable":true,"href":"https:\/\/www.europesays.com\/es\/wp-json\/wp\/v2\/categories?post=155766"},{"taxonomy":"post_tag","embeddable":true,"href":"https:\/\/www.europesays.com\/es\/wp-json\/wp\/v2\/tags?post=155766"}],"curies":[{"name":"wp","href":"https:\/\/api.w.org\/{rel}","templated":true}]}}