{"id":15578,"date":"2025-07-31T05:22:08","date_gmt":"2025-07-31T05:22:08","guid":{"rendered":"https:\/\/www.europesays.com\/es\/15578\/"},"modified":"2025-07-31T05:22:08","modified_gmt":"2025-07-31T05:22:08","slug":"kneecap-nos-quieren-sacar-de-los-festivales-por-los-explicitos-que-hemos-sido-con-el-tema-de-palestina-el-pais-semanal","status":"publish","type":"post","link":"https:\/\/www.europesays.com\/es\/15578\/","title":{"rendered":"Kneecap: \u201cNos quieren sacar de los festivales por los expl\u00edcitos que hemos sido con el tema de Palestina\u201d | EL PA\u00cdS Semanal"},"content":{"rendered":"<p class=\"\">Sostienen que la lengua crea historias y que las historias cimentan naciones. Para los miembros de <a href=\"https:\/\/www.kneecap.ie\/\" target=\"_self\" rel=\"nofollow noopener\" title=\"https:\/\/www.kneecap.ie\/\">Kneecap<\/a>, el ga\u00e9lico es uno de los instrumentos que construyen la identidad. Y eso no tendr\u00eda mayor debate si no fuera porque esta banda de rap naci\u00f3 en Belfast, capital de Irlanda del Norte y perteneciente al Reino Unido. En esta urbe de alambradas y cicatrices, decantarse por un idioma, por un equipo de f\u00fatbol o por unos colores determinados te aboca al eterno bucle de sectarismo y discriminaci\u00f3n. <\/p>\n<p class=\"\">\u201cEn Belfast y el Estado del Norte no existi\u00f3 una escuela primaria en lengua irlandesa hasta 1971, y no hubo una secundaria en irland\u00e9s hasta 1991\u201d, comentan M\u00f3gla\u00ed Bap y Mo Chara, integrantes principales de Kneecap, por correo electr\u00f3nico. Estos dos compa\u00f1eros de clase montaron, junto a DJ Pr\u00f3va\u00ed, un grupo cuyo prop\u00f3sito era sacar el ga\u00e9lico del aula y llevarlo a las calles. Que fuera algo \u201ccentral, relevante y atractivo\u201d.<\/p>\n<p><img alt=\"Kneecap. tras su actuaci\u00f3n en el reciente festibal BBk Live de Bilbao.\" decoding=\"auto\" class=\"_re lazyload a_m-h\" height=\"276\"  width=\"414\"  src=\"https:\/\/www.europesays.com\/es\/wp-content\/uploads\/2025\/07\/5YRSC3XZ35CFVAJEJG4HEP35AU.jpg\" loading=\"lazy\"\/>Kneecap. tras su actuaci\u00f3n en el reciente festibal BBk Live de Bilbao.<\/p>\n<p class=\"\">Lo que parec\u00eda una reivindicaci\u00f3n sencilla se ha transformado en un grito a favor de otras causas. Desde que Kneecap salt\u00f3 a la palestra en 2017, no han parado de acumular pol\u00e9micas. Empezando por el nombre, que alude a los disparos en la rodilla de aquellos a\u00f1os de plomo con escuadrones paramilitares en ambos bandos. <\/p>\n<p class=\"\">En 2024, con el estreno de <a href=\"https:\/\/www.filmin.es\/pelicula\/kneecap\" target=\"_self\" rel=\"nofollow noopener\" title=\"https:\/\/www.filmin.es\/pelicula\/kneecap\">la pel\u00edcula hom\u00f3nima sobre ellos,<\/a> la fama y la controversia se aceleraron. Est\u00e1n acusados de acto terrorista por lo que ocurri\u00f3 en un concierto del pasado noviembre. Se les achaca haber agitado una bandera del partido-milicia Hezbol\u00e1 y haber aclamado a Ham\u00e1s. En junio tuvieron la primera sesi\u00f3n, quedando en libertad provisional, y el pr\u00f3ximo 20 de agosto est\u00e1n citados para una segunda audiencia. <\/p>\n<p class=\"\">Su actuaci\u00f3n de este a\u00f1o en <a href=\"https:\/\/www.google.com\/search?q=kneecap+glastonbury&amp;sca_esv=e948bafec9f39f8c&amp;rlz=1C1GCEA_enES1104ES1104&amp;sxsrf=AE3TifPp8fmTVSvNFMxUC5LPKajXuJWx0g%3A1753795512317&amp;ei=uMuIaNKPE9CpkdUPnfzFuAM&amp;ved=0ahUKEwjSy5S0leKOAxXQVKQEHR1-ETcQ4dUDCBA&amp;uact=5&amp;oq=kneecap+glastonbury&amp;gs_lp=Egxnd3Mtd2l6LXNlcnAiE2tuZWVjYXAgZ2xhc3RvbmJ1cnkyBRAAGIAEMggQABiABBjLATIIEAAYgAQYywEyCBAAGIAEGMsBMggQABiABBjLATIIEAAYgAQYywEyCBAAGIAEGMsBMggQABiABBjLATIIEAAYgAQYywEyCBAAGIAEGMsBSPEtUJoFWMQqcAF4AJABAJgBdqABng6qAQQxNy4zuAEDyAEA-AEBmAIQoAKyDMICChAAGLADGNYEGEfCAg0QABiABBiwAxhDGIoFwgIOEAAYsAMY5AIY1gTYAQHCAhMQLhiABBiwAxhDGMgDGIoF2AEBwgIKEC4YgAQYJxiKBcICChAAGIAEGBQYhwLCAggQABiABBiiBMICFxAuGIAEGIoFGJcFGNwEGN4EGOAE2AEBwgIKEAAYgAQYQxiKBcICCxAAGIAEGMcDGMsBwgIKECMYgAQYJxiKBcICBBAjGCfCAgUQLhiABMICFBAuGIAEGJcFGNwEGN4EGN8E2AEBmAMAiAYBkAYOugYGCAEQARgJkgcDNy45oAeSqwGyBwM2Ljm4B6IMwgcIMi00LjExLjHIB6wB&amp;sclient=gws-wiz-serp#fpstate=ive&amp;vld=cid:2988a300,vid:zRQm9hW3k4o,st:0\" target=\"_self\" rel=\"nofollow noopener\" title=\"https:\/\/www.google.com\/search?q=kneecap+glastonbury&amp;sca_esv=e948bafec9f39f8c&amp;rlz=1C1GCEA_enES1104ES1104&amp;sxsrf=AE3TifPp8fmTVSvNFMxUC5LPKajXuJWx0g%3A1753795512317&amp;ei=uMuIaNKPE9CpkdUPnfzFuAM&amp;ved=0ahUKEwjSy5S0leKOAxXQVKQEHR1-ETcQ4dUDCBA&amp;uact=5&amp;oq=kneecap+glastonbury&amp;gs_lp=Egxnd3Mtd2l6LXNlcnAiE2tuZWVjYXAgZ2xhc3RvbmJ1cnkyBRAAGIAEMggQABiABBjLATIIEAAYgAQYywEyCBAAGIAEGMsBMggQABiABBjLATIIEAAYgAQYywEyCBAAGIAEGMsBMggQABiABBjLATIIEAAYgAQYywEyCBAAGIAEGMsBSPEtUJoFWMQqcAF4AJABAJgBdqABng6qAQQxNy4zuAEDyAEA-AEBmAIQoAKyDMICChAAGLADGNYEGEfCAg0QABiABBiwAxhDGIoFwgIOEAAYsAMY5AIY1gTYAQHCAhMQLhiABBiwAxhDGMgDGIoF2AEBwgIKEC4YgAQYJxiKBcICChAAGIAEGBQYhwLCAggQABiABBiiBMICFxAuGIAEGIoFGJcFGNwEGN4EGOAE2AEBwgIKEAAYgAQYQxiKBcICCxAAGIAEGMcDGMsBwgIKECMYgAQYJxiKBcICBBAjGCfCAgUQLhiABMICFBAuGIAEGJcFGNwEGN4EGN8E2AEBmAMAiAYBkAYOugYGCAEQARgJkgcDNy45oAeSqwGyBwM2Ljm4B6IMwgcIMi00LjExLjHIB6wB&amp;sclient=gws-wiz-serp#fpstate=ive&amp;vld=cid:2988a300,vid:zRQm9hW3k4o,st:0\">Glastonbury<\/a> no fue emitida por la BBC. El acceso a su escenario tuvo que cortarse minutos antes por la gran avalancha de p\u00fablico que quer\u00eda acceder. Durante el show profirieron proclamas a favor de Palestina y contra el primer ministro brit\u00e1nico, Keir Starmer. Los hechos fueron investigados por la polic\u00eda, que finalmente decidi\u00f3 no tomar acciones contra el grupo. En su concierto en el BBK de Bilbao hace escasas semanas fueron acompa\u00f1ados por los m\u00fasicos gazat\u00edes Sol Band y por un mar de banderas palestinas que ondearon en el foso. Varias voces siguen pidiendo su retirada de festivales y salas. \u201cQuieren sacar a Kneecap por lo expl\u00edcitos que hemos sido respecto al genocidio en Palestina. No les gusta que conectemos con j\u00f3venes de todo el mundo en este tema\u201d, razonan orgullosos de que, por cada espect\u00e1culo suspendido, han tenido otro \u201cm\u00e1s grande\u201d y las entradas \u201cse han agotado\u201d. Creen que las campa\u00f1as en contra no son m\u00e1s que un \u201ccarnaval de distracci\u00f3n\u201d por parte del \u201cEstado brit\u00e1nico\u201d y que no les va a afectar: \u201cKneecap seguir\u00e1 haciendo lo que Kneecap piense y sienta, sin importar la opini\u00f3n de nadie\u201d.<\/p>\n<p><img alt=\"'Kneecap' de Rich Peppiatt\" decoding=\"auto\" class=\"_re lazyload a_m-h\" height=\"233\"  width=\"414\"  src=\"https:\/\/www.europesays.com\/es\/wp-content\/uploads\/2025\/07\/2XKA3SIHDVG7PAEACDNVNO3LLI.jpg\" loading=\"lazy\"\/>Fotograma de la pel\u00edcula irlandesa &#8216;Kneecap&#8217; de Rich Peppiatt.FILMIN<\/p>\n<p class=\"\">\u201cNo somos pol\u00edticos, somos artistas que estamos aqu\u00ed para poner en evidencia el entorno en el que vive la gente. Los que han fallado al respetar las leyes son los pol\u00edticos\u201d, argumentan. Seg\u00fan alegan, criarse en \u201cun lugar que fue colonizado durante 100 a\u00f1os m\u00e1s que el resto de Irlanda\u201d les ha inoculado esa conciencia. \u201cEllos convirtieron el asunto en pol\u00edtico cuando intentaron destruir nuestro idioma y nuestra cultura para conquistar a nuestro pueblo\u201d, sentencian.<\/p>\n<p class=\"\">Los integrantes de la banda han conectado con miles de personas. \u201cPens\u00e1bamos que Kneecap era una historia sobre la lengua irlandesa, pero en realidad es una historia sobre la identidad y la cultura originaria en todo el mundo\u201d, argumentan. \u201cCompartimos experiencias similares con la colonizaci\u00f3n, y por eso resuena tanto en la gente\u201d<\/p>\n","protected":false},"excerpt":{"rendered":"Sostienen que la lengua crea historias y que las historias cimentan naciones. Para los miembros de Kneecap, el&hellip;\n","protected":false},"author":2,"featured_media":15579,"comment_status":"","ping_status":"","sticky":false,"template":"","format":"standard","meta":{"footnotes":""},"categories":[170],"tags":[10312,208,68,209,146,147,25,24,79,10311,184,185,3673,76,952,213,23],"class_list":{"0":"post-15578","1":"post","2":"type-post","3":"status-publish","4":"format-standard","5":"has-post-thumbnail","7":"category-musica","8":"tag-actuaciones-musicales","9":"tag-conciertos","10":"tag-conflicto-arabe-israeli","11":"tag-cultura","12":"tag-entertainment","13":"tag-entretenimiento","14":"tag-es","15":"tag-espana","16":"tag-genocidio","17":"tag-irlanda-del-norte","18":"tag-music","19":"tag-musica","20":"tag-musica-en-vivo","21":"tag-palestina","22":"tag-politica","23":"tag-rap","24":"tag-spain"},"share_on_mastodon":{"url":"","error":""},"_links":{"self":[{"href":"https:\/\/www.europesays.com\/es\/wp-json\/wp\/v2\/posts\/15578","targetHints":{"allow":["GET"]}}],"collection":[{"href":"https:\/\/www.europesays.com\/es\/wp-json\/wp\/v2\/posts"}],"about":[{"href":"https:\/\/www.europesays.com\/es\/wp-json\/wp\/v2\/types\/post"}],"author":[{"embeddable":true,"href":"https:\/\/www.europesays.com\/es\/wp-json\/wp\/v2\/users\/2"}],"replies":[{"embeddable":true,"href":"https:\/\/www.europesays.com\/es\/wp-json\/wp\/v2\/comments?post=15578"}],"version-history":[{"count":0,"href":"https:\/\/www.europesays.com\/es\/wp-json\/wp\/v2\/posts\/15578\/revisions"}],"wp:featuredmedia":[{"embeddable":true,"href":"https:\/\/www.europesays.com\/es\/wp-json\/wp\/v2\/media\/15579"}],"wp:attachment":[{"href":"https:\/\/www.europesays.com\/es\/wp-json\/wp\/v2\/media?parent=15578"}],"wp:term":[{"taxonomy":"category","embeddable":true,"href":"https:\/\/www.europesays.com\/es\/wp-json\/wp\/v2\/categories?post=15578"},{"taxonomy":"post_tag","embeddable":true,"href":"https:\/\/www.europesays.com\/es\/wp-json\/wp\/v2\/tags?post=15578"}],"curies":[{"name":"wp","href":"https:\/\/api.w.org\/{rel}","templated":true}]}}