{"id":155780,"date":"2025-10-04T01:04:22","date_gmt":"2025-10-04T01:04:22","guid":{"rendered":"https:\/\/www.europesays.com\/es\/155780\/"},"modified":"2025-10-04T01:04:22","modified_gmt":"2025-10-04T01:04:22","slug":"regalos-perturbadores-persecuciones-y-acoso","status":"publish","type":"post","link":"https:\/\/www.europesays.com\/es\/155780\/","title":{"rendered":"regalos perturbadores, persecuciones y acoso"},"content":{"rendered":"<p itemprop=\"description\" class=\"sc__font-paragraph\">\u201cNo todos los fan\u00e1ticos son inofensivos\u201d. En<b> Corea del Sur<\/b>, un <b>\u201csasaeng\u201d <\/b>es aquel seguidor que cruza todos los l\u00edmites para acercarse a su \u00eddolo, participando en comportamientos cuestionables e incluso en acecho. Aunque estos grupos son llamados \u201cfans\u201d, para<b> Kim Hee-chul<\/b>, integrante del popular grupo de <a itemprop=\"url\" href=\"https:\/\/www.eluniversal.com.mx\/espectaculos\/el-tributo-parodia-que-super-junior-realizo-de-luis-miguel-y-que-ha-revivido\/\" target=\"_self\" rel=\"nofollow noopener\" title=\"https:\/\/www.eluniversal.com.mx\/espectaculos\/el-tributo-parodia-que-super-junior-realizo-de-luis-miguel-y-que-ha-revivido\/\"><b>K-pop Super Junior<\/b><\/a>, no se les puede considerar as\u00ed.<\/p>\n<p itemprop=\"description\" class=\"sc__font-paragraph\">El cantante de 42 a\u00f1os recientemente revel\u00f3 las experiencias de acoso y situaciones perturbadoras que ha vivido a lo largo de su carrera en la boyband. En un episodio del programa de YouTube Yoon Il-sang TV, titulado \u201cSi pudieras nacer: Super Junior vs. Un jubilado con 100 mil millones de wones\u201d, el artista record\u00f3 c\u00f3mo eran perseguidos mientras se desplazaban en sus autos.<\/p>\n<p itemprop=\"description\" class=\"sc__font-paragraph\">\u201cNo los llamo ni siquiera \u2018fans sasaeng\u2019. Solo digo \u2018sasaeng\u2019. Eran realmente extremos. Cuando sal\u00eda en mi auto, r\u00e1pidamente tomaban taxis para seguirme\u201d, relat\u00f3.<\/p>\n<p itemprop=\"description\" class=\"sc__font-paragraph\">Kim cont\u00f3 que, desesperado, a veces se deten\u00eda en callejones para enfrentarlos, gritando o golpeando las puertas de los autom\u00f3viles.<\/p>\n<p itemprop=\"description\" class=\"sc__font-paragraph\"><b>Lee tambi\u00e9n: <\/b><a itemprop=\"url\" href=\"https:\/\/www.eluniversal.com.mx\/espectaculos\/don-omar-desmiente-rumores-de-retiro-prepara-nuevo-disco-y-gira-para-2026\/\" rel=\"nofollow noopener\" target=\"_blank\">Don Omar desmiente rumores de retiro: prepara nuevo disco y gira para 2026<\/a><\/p>\n<p itemprop=\"description\" class=\"sc__font-paragraph\">El cantante tambi\u00e9n explic\u00f3 que parte de la incomodidad proven\u00eda de que los taxistas se aprovechaban de adolescentes extranjeros, cobr\u00e1ndoles tarifas excesivas por seguir a los \u00eddolos. \u201cCuando los confrontaba, se re\u00edan y dec\u00edan: \u2018\u00bfPor qu\u00e9 te comportas as\u00ed, Hee-chul?\u2019 Eso me enfurec\u00eda. Estos chicos no ten\u00edan idea y estaban pagando enormes cantidades de dinero.\u201d<\/p>\n<p itemprop=\"description\" class=\"sc__font-paragraph\">Si bien se podr\u00eda pensar que estos actos son cometidos principalmente por j\u00f3venes, Kim se\u00f1al\u00f3 que hab\u00eda implicaci\u00f3n de adultos cercanos a la industria. Por ejemplo, los taxistas conoc\u00edan las residencias de los integrantes de Super Junior y de otros grupos, as\u00ed como los bares y restaurantes que frecuentaban.<\/p>\n<p itemprop=\"description\" class=\"sc__font-paragraph\">El contacto constante con los fans llev\u00f3 a experiencias inc\u00f3modas, e incluso a acoso sexual. Kim explic\u00f3 que, seg\u00fan lo relatado por otros \u00eddolos, algunos eran tocados repetidamente en sus partes \u00edntimas. <\/p>\n<p itemprop=\"description\" class=\"sc__font-paragraph\"><b>Lee tambi\u00e9n: <\/b><a itemprop=\"url\" href=\"https:\/\/www.eluniversal.com.mx\/espectaculos\/es-oficial-selena-gomez-y-benny-blanco-dicen-si-acepto-en-romantica-ceremonia-en-santa-barbara\/\" rel=\"nofollow noopener\" target=\"_blank\">\u00a1Es oficial! Selena Gomez y Benny Blanco dicen \u2018s\u00ed, acepto\u2019 en rom\u00e1ntica ceremonia en Santa B\u00e1rbara<\/a><\/p>\n<p itemprop=\"description\" class=\"sc__font-paragraph\">El acoso f\u00edsico y psicol\u00f3gico lleg\u00f3 a niveles extremos. \u201cCuando sal\u00edamos para eventos programados, se colaban en nuestra casa, tomaban fotos como prueba para publicar en l\u00ednea e incluso dejaban toallas sanitarias en el dormitorio. Incluso escuch\u00e9 que hab\u00eda gente defecando all\u00ed\u201d, revel\u00f3. En la historia de las bandas coreanas, en algunos casos, los sasaengs robaban art\u00edculos de los \u00eddolos para venderlos posteriormente en internet.<\/p>\n<p itemprop=\"description\" class=\"sc__font-paragraph\">La desesperaci\u00f3n de Kim frente a estas situaciones provoc\u00f3 que algunos fans circularan rumores sobre su supuesta \u201cmala personalidad\u201d. Tambi\u00e9n record\u00f3 que cuando se bajaba del autob\u00fas para un evento, los fans reaccionaban como en \u201cuna escena de pel\u00edculas de zombies\u201d.<\/p>\n<p itemprop=\"description\" class=\"sc__font-paragraph\">Estas revelaciones han provocado indignaci\u00f3n entre los fans en l\u00ednea, quienes demandan mayores medidas de protecci\u00f3n para los artistas y sanciones m\u00e1s severas contra el acoso en la industria del entretenimiento.<\/p>\n<p itemprop=\"description\" class=\"sc__font-paragraph\">En 2007, el grupo sufri\u00f3 un accidente automovil\u00edstico causado por sasaengs, en el que el integrante Kyuhyun estuvo al borde de la muerte.<\/p>\n<p itemprop=\"description\" class=\"sc__font-paragraph\">*Con informaci\u00f3n de Korea Times <\/p>\n<p>  <strong><br \/>\n\t<a href=\" https:\/\/whatsapp.com\/channel\/0029Va4lfJc1CYoM1R8IT71e\"><br \/>\n  \t\u00danete a nuestro canal<br \/>\n\t<\/a><br \/>\n\t<\/strong> \u00a1EL UNIVERSAL ya est\u00e1 en Whatsapp!, desde tu dispositivo m\u00f3vil ent\u00e9rate de las noticias m\u00e1s relevantes del d\u00eda, art\u00edculos de opini\u00f3n, entretenimiento, tendencias y m\u00e1s.<\/p>\n<p><\/p>\n","protected":false},"excerpt":{"rendered":"\u201cNo todos los fan\u00e1ticos son inofensivos\u201d. En Corea del Sur, un \u201csasaeng\u201d es aquel seguidor que cruza todos&hellip;\n","protected":false},"author":2,"featured_media":155781,"comment_status":"","ping_status":"","sticky":false,"template":"","format":"standard","meta":{"footnotes":""},"categories":[170],"tags":[19530,2111,146,147,25,24,46679,46681,46677,184,185,46678,46680,23,46676],"class_list":{"0":"post-155780","1":"post","2":"type-post","3":"status-publish","4":"format-standard","5":"has-post-thumbnail","7":"category-musica","8":"tag-acoso","9":"tag-corea-del-sur","10":"tag-entertainment","11":"tag-entretenimiento","12":"tag-es","13":"tag-espana","14":"tag-fan-sasaeng","15":"tag-kim-he-chul-sasaeng","16":"tag-kim-hee-chul","17":"tag-music","18":"tag-musica","19":"tag-sasaeng","20":"tag-sasaeng-super-junior","21":"tag-spain","22":"tag-super-junior"},"share_on_mastodon":{"url":"","error":""},"_links":{"self":[{"href":"https:\/\/www.europesays.com\/es\/wp-json\/wp\/v2\/posts\/155780","targetHints":{"allow":["GET"]}}],"collection":[{"href":"https:\/\/www.europesays.com\/es\/wp-json\/wp\/v2\/posts"}],"about":[{"href":"https:\/\/www.europesays.com\/es\/wp-json\/wp\/v2\/types\/post"}],"author":[{"embeddable":true,"href":"https:\/\/www.europesays.com\/es\/wp-json\/wp\/v2\/users\/2"}],"replies":[{"embeddable":true,"href":"https:\/\/www.europesays.com\/es\/wp-json\/wp\/v2\/comments?post=155780"}],"version-history":[{"count":0,"href":"https:\/\/www.europesays.com\/es\/wp-json\/wp\/v2\/posts\/155780\/revisions"}],"wp:featuredmedia":[{"embeddable":true,"href":"https:\/\/www.europesays.com\/es\/wp-json\/wp\/v2\/media\/155781"}],"wp:attachment":[{"href":"https:\/\/www.europesays.com\/es\/wp-json\/wp\/v2\/media?parent=155780"}],"wp:term":[{"taxonomy":"category","embeddable":true,"href":"https:\/\/www.europesays.com\/es\/wp-json\/wp\/v2\/categories?post=155780"},{"taxonomy":"post_tag","embeddable":true,"href":"https:\/\/www.europesays.com\/es\/wp-json\/wp\/v2\/tags?post=155780"}],"curies":[{"name":"wp","href":"https:\/\/api.w.org\/{rel}","templated":true}]}}