{"id":155787,"date":"2025-10-04T01:11:08","date_gmt":"2025-10-04T01:11:08","guid":{"rendered":"https:\/\/www.europesays.com\/es\/155787\/"},"modified":"2025-10-04T01:11:08","modified_gmt":"2025-10-04T01:11:08","slug":"la-corte-suprema-permite-a-trump-poner-fin-a-las-protecciones-contra-la-deportacion-para-300-000-venezolanos","status":"publish","type":"post","link":"https:\/\/www.europesays.com\/es\/155787\/","title":{"rendered":"La Corte Suprema permite a Trump poner fin a las protecciones contra la deportaci\u00f3n para 300.000 venezolanos"},"content":{"rendered":"<p>      CNN<br \/>\n        \u00a0\u2014\u00a0<\/p>\n<p class=\"paragraph inline-placeholder vossi-paragraph\" data-uri=\"es.cms.cnn.com\/_components\/paragraph\/instances\/cmgbbln640003356nz396rpjj@published\" data-editable=\"text\" data-component-name=\"paragraph\" data-article-gutter=\"true\">\n            Este viernes, la Corte Suprema permiti\u00f3 por segunda vez al presidente Donald Trump retirar las protecciones temporales contra la deportaci\u00f3n de 300.000 venezolanos.\n    <\/p>\n<p class=\"paragraph inline-placeholder vossi-paragraph\" data-uri=\"es.cms.cnn.com\/_components\/paragraph\/instances\/cmgbbln640004356neqzs0syh@published\" data-editable=\"text\" data-component-name=\"paragraph\" data-article-gutter=\"true\">\n            En una breve orden, y con la disidencia de los tres jueces progresistas de la Corte, la mayor\u00eda de los magistrados dictamin\u00f3 que el Gobierno pod\u00eda seguir adelante con sus planes de poner fin a una forma de alivio humanitario conocida como Estatus de Protecci\u00f3n Temporal (TPS, por sus siglas en ingl\u00e9s), una medida que dejar\u00e1 a m\u00e1s personas vulnerables a la deportaci\u00f3n.\n    <\/p>\n<p class=\"paragraph inline-placeholder vossi-paragraph\" data-uri=\"es.cms.cnn.com\/_components\/paragraph\/instances\/cmgbbln640005356npd4j9462@published\" data-editable=\"text\" data-component-name=\"paragraph\" data-article-gutter=\"true\">\n            El Gobierno de Trump pidi\u00f3 a los jueces a principios de este mes que le permitieran retirar las protecciones contra la deportaci\u00f3n que hab\u00edan sido extendidas a unos 300.000 venezolanos que viven en Estados Unidos. El caso surge de una decisi\u00f3n tomada a principios de este a\u00f1o por la secretaria de Seguridad Nacional, Kristi Noem, de poner fin al TPS para los migrantes venezolanos.\n    <\/p>\n<p class=\"paragraph inline-placeholder vossi-paragraph\" data-uri=\"es.cms.cnn.com\/_components\/paragraph\/instances\/cmgbbln640006356nmeskh748@published\" data-editable=\"text\" data-component-name=\"paragraph\" data-article-gutter=\"true\">\n            La corte hab\u00eda llegado a un resultado similar en el mismo caso en mayo.\n    <\/p>\n<p class=\"paragraph inline-placeholder vossi-paragraph\" data-uri=\"es.cms.cnn.com\/_components\/paragraph\/instances\/cmgbbln640007356nyn3xqlb0@published\" data-editable=\"text\" data-component-name=\"paragraph\" data-article-gutter=\"true\">\n            \u201cAunque la situaci\u00f3n del caso ha cambiado, los argumentos legales de las partes y los da\u00f1os relativos en general no lo han hecho\u201d, escribi\u00f3 la corte en su orden. \u201cEl mismo resultado al que llegamos en mayo es apropiado aqu\u00ed\u201d.\n    <\/p>\n<p class=\"paragraph inline-placeholder vossi-paragraph\" data-uri=\"es.cms.cnn.com\/_components\/paragraph\/instances\/cmgbdld0g000r356nwlhxjt5s@published\" data-editable=\"text\" data-component-name=\"paragraph\" data-article-gutter=\"true\">\n            Mientras los tres jueces progresistas se\u00f1alaron su desacuerdo con la decisi\u00f3n, solo la jueza Ketanji Brown Jackson la dio a conocer por escrito. Como lo ha hecho en \u00f3rdenes de emergencia anteriores, Jackson critic\u00f3 la manera en que la corte manej\u00f3 el caso, diciendo que la corte estaba permitiendo que la administraci\u00f3n \u201cperturbe tantas vidas como sea posible, tan r\u00e1pido como sea posible\u201d.\n    <\/p>\n<p class=\"paragraph inline-placeholder vossi-paragraph\" data-uri=\"es.cms.cnn.com\/_components\/paragraph\/instances\/cmgbdlg0c000w356nr7qw65mx@published\" data-editable=\"text\" data-component-name=\"paragraph\" data-article-gutter=\"true\">\n            Jackson dijo que consideraba la decisi\u00f3n \u201ccomo otro grave uso indebido de nuestro expediente de emergencia\u201d.\n    <\/p>\n<p class=\"paragraph inline-placeholder vossi-paragraph\" data-uri=\"es.cms.cnn.com\/_components\/paragraph\/instances\/cmgbdlg0c000x356nra9q67pq@published\" data-editable=\"text\" data-component-name=\"paragraph\" data-article-gutter=\"true\">\n            El Gobierno de Biden otorg\u00f3 por primera vez el TPS para venezolanos en marzo de 2021, citando la creciente inestabilidad en el pa\u00eds, y lo ampli\u00f3 en 2023. Dos semanas antes de que Trump asumiera el cargo, la administraci\u00f3n de Biden renov\u00f3 las protecciones por 18 meses adicionales. El fallo del lunes se aplica a la designaci\u00f3n de 2023.\n    <\/p>\n<p class=\"paragraph inline-placeholder vossi-paragraph\" data-uri=\"es.cms.cnn.com\/_components\/paragraph\/instances\/cmgbdlg0c000y356nmip8tv9c@published\" data-editable=\"text\" data-component-name=\"paragraph\" data-article-gutter=\"true\">\n            Los demandantes, inmigrantes venezolanos amparados bajo el TPS, argumentaron que la abrupta revocaci\u00f3n de las protecciones por parte de Noem viol\u00f3 la Ley de Procedimiento Administrativo, que exige procedimientos espec\u00edficos para las agencias federales al implementar cambios de pol\u00edticas. Tambi\u00e9n argumentaron que la decisi\u00f3n de Noem estuvo motivada por prejuicios raciales y pol\u00edticos.\n    <\/p>\n<p class=\"paragraph inline-placeholder vossi-paragraph\" data-uri=\"es.cms.cnn.com\/_components\/paragraph\/instances\/cmgbdlg0c000z356n27dx19sc@published\" data-editable=\"text\" data-component-name=\"paragraph\" data-article-gutter=\"true\">\n            El Congreso cre\u00f3 el programa TPS en 1990, permitiendo al Gobierno federal proporcionar protecci\u00f3n temporal a inmigrantes de pa\u00edses que sufren desastres naturales, guerras y otras condiciones que har\u00edan peligroso el regreso de las personas. Al final del primer Gobierno de Trump, los funcionarios describieron a Venezuela como \u201cla peor crisis humanitaria del hemisferio occidental\u201d y otorgaron una forma diferente de alivio temporal a algunos de sus migrantes.\n    <\/p>\n","protected":false},"excerpt":{"rendered":"CNN \u00a0\u2014\u00a0 Este viernes, la Corte Suprema permiti\u00f3 por segunda vez al presidente Donald Trump retirar las protecciones&hellip;\n","protected":false},"author":2,"featured_media":155788,"comment_status":"","ping_status":"","sticky":false,"template":"","format":"standard","meta":{"footnotes":""},"categories":[42],"tags":[17,18,13,14,11,590,150,61,62,63,64,19,20,9,10,15,16,12,46682,21,22,65,66,67],"class_list":{"0":"post-155787","1":"post","2":"type-post","3":"status-publish","4":"format-standard","5":"has-post-thumbnail","7":"category-internacional","8":"tag-breaking-news","9":"tag-breakingnews","10":"tag-featured-news","11":"tag-featurednews","12":"tag-headlines","13":"tag-inmigracion","14":"tag-instanoticias","15":"tag-internacional","16":"tag-international","17":"tag-international-news","18":"tag-internationalnews","19":"tag-latest-news","20":"tag-latestnews","21":"tag-news","22":"tag-noticias","23":"tag-noticias-destacadas","24":"tag-noticiasdestacadas","25":"tag-titulares","26":"tag-tps","27":"tag-ultimas-noticias","28":"tag-ultimasnoticias","29":"tag-world","30":"tag-world-news","31":"tag-worldnews"},"share_on_mastodon":{"url":"","error":""},"_links":{"self":[{"href":"https:\/\/www.europesays.com\/es\/wp-json\/wp\/v2\/posts\/155787","targetHints":{"allow":["GET"]}}],"collection":[{"href":"https:\/\/www.europesays.com\/es\/wp-json\/wp\/v2\/posts"}],"about":[{"href":"https:\/\/www.europesays.com\/es\/wp-json\/wp\/v2\/types\/post"}],"author":[{"embeddable":true,"href":"https:\/\/www.europesays.com\/es\/wp-json\/wp\/v2\/users\/2"}],"replies":[{"embeddable":true,"href":"https:\/\/www.europesays.com\/es\/wp-json\/wp\/v2\/comments?post=155787"}],"version-history":[{"count":0,"href":"https:\/\/www.europesays.com\/es\/wp-json\/wp\/v2\/posts\/155787\/revisions"}],"wp:featuredmedia":[{"embeddable":true,"href":"https:\/\/www.europesays.com\/es\/wp-json\/wp\/v2\/media\/155788"}],"wp:attachment":[{"href":"https:\/\/www.europesays.com\/es\/wp-json\/wp\/v2\/media?parent=155787"}],"wp:term":[{"taxonomy":"category","embeddable":true,"href":"https:\/\/www.europesays.com\/es\/wp-json\/wp\/v2\/categories?post=155787"},{"taxonomy":"post_tag","embeddable":true,"href":"https:\/\/www.europesays.com\/es\/wp-json\/wp\/v2\/tags?post=155787"}],"curies":[{"name":"wp","href":"https:\/\/api.w.org\/{rel}","templated":true}]}}