{"id":155789,"date":"2025-10-04T01:12:10","date_gmt":"2025-10-04T01:12:10","guid":{"rendered":"https:\/\/www.europesays.com\/es\/155789\/"},"modified":"2025-10-04T01:12:10","modified_gmt":"2025-10-04T01:12:10","slug":"berja-sale-a-la-calle-para-pedir-justicia-tras-el-crimen-de-antonio-campos","status":"publish","type":"post","link":"https:\/\/www.europesays.com\/es\/155789\/","title":{"rendered":"Berja sale a la calle para pedir justicia tras el crimen de Antonio Campos"},"content":{"rendered":"<p class=\"paragraph\">Casi 1.000 vecinos del municipio de Berja junto con el alcalde, Jos\u00e9 Carlos Lupi\u00f3n, y el resto de la corporaci\u00f3n municipal se han echado a la calle para pedir justicia por Antonio Campos, el historiador virgitano asesinado el pasado fin de semana en El Ejido.\u00a0<\/p>\n<p class=\"paragraph\">En una multitudinaria concentraci\u00f3n en la Plaza de la Constituci\u00f3n, el regidor virgitano, junto a los familiares de Antonio Campos, han pedido que se resuelva el atroz crimen que acab\u00f3 con la vida del var\u00f3n de 54 a\u00f1os.\u00a0<\/p>\n<p class=\"paragraph\">\u00abAntonio Campos ha dejado un vac\u00edo enorme y se debe encontrar a los que han hecho esto para dar un castigo ejemplar y ejemplarizante\u00bb, ha defendido Lupi\u00f3n, quien ha dado la palabra a la familia del asesinado, quienes han pedido \u00abla mayor pena\u00bb para los culpables del crimen y ha pedido \u00abjusticia\u00bb.<\/p>\n<p class=\"paragraph\">Tras las intervenciones, se ha guardado un minuto de silencio.<\/p>\n<p>        Concentraci\u00f3n para pedir justicia por el crimen de Antonio Campos.<\/p>\n<p>        Concentraci\u00f3n para pedir justicia por el crimen de Antonio Campos.<\/p>\n<p>        Concentraci\u00f3n para pedir justicia por el crimen de Antonio Campos.<\/p>\n<p>        Concentraci\u00f3n para pedir justicia por el crimen de Antonio Campos.<\/p>\n<p>        Concentraci\u00f3n para pedir justicia por el crimen de Antonio Campos.<\/p>\n<p>        Concentraci\u00f3n para pedir justicia por el crimen de Antonio Campos.<\/p>\n<p>        Concentraci\u00f3n para pedir justicia por el crimen de Antonio Campos.<\/p>\n<p>        Concentraci\u00f3n para pedir justicia por el crimen de Antonio Campos.<\/p>\n<p>        Concentraci\u00f3n para pedir justicia por el crimen de Antonio Campos.<\/p>\n<p>        Concentraci\u00f3n para pedir justicia por el crimen de Antonio Campos.<\/p>\n<p>        Concentraci\u00f3n para pedir justicia por el crimen de Antonio Campos.<\/p>\n<p>        Concentraci\u00f3n para pedir justicia por el crimen de Antonio Campos.<\/p>\n<p>        Concentraci\u00f3n para pedir justicia por el crimen de Antonio Campos.<\/p>\n<p>        Concentraci\u00f3n para pedir justicia por el crimen de Antonio Campos.<\/p>\n<p>        Concentraci\u00f3n para pedir justicia por el crimen de Antonio Campos.<\/p>\n<p>        Concentraci\u00f3n para pedir justicia por el crimen de Antonio Campos.<\/p>\n<p>        Concentraci\u00f3n para pedir justicia por el crimen de Antonio Campos.<\/p>\n","protected":false},"excerpt":{"rendered":"Casi 1.000 vecinos del municipio de Berja junto con el alcalde, Jos\u00e9 Carlos Lupi\u00f3n, y el resto de&hellip;\n","protected":false},"author":2,"featured_media":155790,"comment_status":"","ping_status":"","sticky":false,"template":"","format":"standard","meta":{"footnotes":""},"categories":[8],"tags":[17,18,25,24,13,14,11,19,20,9,10,15,16,23,12,21,22],"class_list":{"0":"post-155789","1":"post","2":"type-post","3":"status-publish","4":"format-standard","5":"has-post-thumbnail","7":"category-espana","8":"tag-breaking-news","9":"tag-breakingnews","10":"tag-es","11":"tag-espana","12":"tag-featured-news","13":"tag-featurednews","14":"tag-headlines","15":"tag-latest-news","16":"tag-latestnews","17":"tag-news","18":"tag-noticias","19":"tag-noticias-destacadas","20":"tag-noticiasdestacadas","21":"tag-spain","22":"tag-titulares","23":"tag-ultimas-noticias","24":"tag-ultimasnoticias"},"share_on_mastodon":{"url":"","error":""},"_links":{"self":[{"href":"https:\/\/www.europesays.com\/es\/wp-json\/wp\/v2\/posts\/155789","targetHints":{"allow":["GET"]}}],"collection":[{"href":"https:\/\/www.europesays.com\/es\/wp-json\/wp\/v2\/posts"}],"about":[{"href":"https:\/\/www.europesays.com\/es\/wp-json\/wp\/v2\/types\/post"}],"author":[{"embeddable":true,"href":"https:\/\/www.europesays.com\/es\/wp-json\/wp\/v2\/users\/2"}],"replies":[{"embeddable":true,"href":"https:\/\/www.europesays.com\/es\/wp-json\/wp\/v2\/comments?post=155789"}],"version-history":[{"count":0,"href":"https:\/\/www.europesays.com\/es\/wp-json\/wp\/v2\/posts\/155789\/revisions"}],"wp:featuredmedia":[{"embeddable":true,"href":"https:\/\/www.europesays.com\/es\/wp-json\/wp\/v2\/media\/155790"}],"wp:attachment":[{"href":"https:\/\/www.europesays.com\/es\/wp-json\/wp\/v2\/media?parent=155789"}],"wp:term":[{"taxonomy":"category","embeddable":true,"href":"https:\/\/www.europesays.com\/es\/wp-json\/wp\/v2\/categories?post=155789"},{"taxonomy":"post_tag","embeddable":true,"href":"https:\/\/www.europesays.com\/es\/wp-json\/wp\/v2\/tags?post=155789"}],"curies":[{"name":"wp","href":"https:\/\/api.w.org\/{rel}","templated":true}]}}